{"id":62240,"date":"2026-04-18T04:31:09","date_gmt":"2026-04-18T04:31:09","guid":{"rendered":"https:\/\/www.europesays.com\/si\/62240\/"},"modified":"2026-04-18T04:31:09","modified_gmt":"2026-04-18T04:31:09","slug":"zvezdnica-natalie-portman-pricakuje-tretjega-otroka","status":"publish","type":"post","link":"https:\/\/www.europesays.com\/si\/62240\/","title":{"rendered":"Zvezdnica Natalie Portman pri\u010dakuje tretjega otroka"},"content":{"rendered":"<p>\t\t\t\t\t\t\t\t<a href=\"https:\/\/www.europesays.com\/si\/wp-content\/uploads\/2026\/04\/67036538.jpg\" itemprop=\"contentUrl\" data-size=\"1200x800\" data-large=\"https:\/\/www.europesays.com\/si\/wp-content\/uploads\/2026\/04\/67036538.jpg\"><br \/>\n\t\t\t\t\t\t\t\t\t<img decoding=\"async\" src=\"https:\/\/www.europesays.com\/si\/wp-content\/uploads\/2026\/04\/67036538.jpg\" title=\"Natalie Portman bo tretji\u010d mama. Foto: Reuters\" alt=\"Natalie Portman bo tretji\u010d mama. Foto: Reuters\"\/><br \/>\n\t\t\t\t\t\t\t\t<\/a><\/p>\n<p>\t\t\t\t\t\t\t\t\tNatalie Portman bo tretji\u010d mama. Foto: Reuters<\/p>\n<p>Veselo novico je medijem potrdil tiskovni predstavnik zvezdnice. &#8220;Zelo sem hvale\u017ena. Zavedam se, da je to velik privilegij, pravi \u010dude\u017e. S Tanguyjem sva navdu\u0161ena,&#8221; je igralka dejala za revijo Harper&#8217;s Bazaar, ki je prva objavila novico.<\/p>\n<p>Oglas<\/p>\n<p>44-letna oskarjevka je dejala, da je njen pogled na nose\u010dnost izoblikovalo to, da je bil njen o\u010de zdravnik, ki je zdravil neplodnost. &#8220;Odra\u0161\u010dala sem ob poslu\u0161anju njegovih besed, kako te\u017eko nekatere \u017eenske zanosijo. Tudi sama poznam ogromno parov, ki so imeli s tem velike te\u017eave.&#8221;<\/p>\n<p>Dodala je, da ima v nose\u010dnosti ve\u010d energije, kot je pri\u010dakovala, in da ceni vsak trenutek, ko v njej raste novo \u017eivljenje, saj je to zelo verjetno njena zadnja nose\u010dnost.<\/p>\n<p>Natalie Portman je v zakonu z nekdanjim mo\u017eem, francoskim koreografom Benjaminom Millepiedom, rodila dva otroka, sina Alepha in h\u010der Amalio.<\/p>\n<p>Zvezdnica filmov \u010crni labod in Thor se lahko pohvali z izjemno igralsko kariero, ki ji je prinesla tudi oskarja, dva zlata globusa in bafto. Kmalu jo bomo spet lahko videli na velikih platnih, in sicer v \u010drni komediji The Gallerist, v kateri bo zaigrala ob Jenni Ortega, Catherine Zeta-Jones in Sterlingu K. Brownu.<\/p>\n<p>Oglas<\/p>\n","protected":false},"excerpt":{"rendered":"Natalie Portman bo tretji\u010d mama. Foto: Reuters Veselo novico je medijem potrdil tiskovni predstavnik zvezdnice. &#8220;Zelo sem hvale\u017ena.&hellip;\n","protected":false},"author":2,"featured_media":62241,"comment_status":"","ping_status":"","sticky":false,"template":"","format":"standard","meta":{"footnotes":"","_share_on_mastodon":"0"},"categories":[18],"tags":[114,20387,1652,62,37,58,60,38,20388,115],"class_list":["post-62240","post","type-post","status-publish","format-standard","has-post-thumbnail","category-zabava","tag-entertainment","tag-natalie-portman","tag-nosecnost","tag-si","tag-slovene","tag-slovenia","tag-slovenija","tag-slovenscina","tag-tanguy-destable","tag-zabava"],"share_on_mastodon":{"url":"https:\/\/pubeurope.com\/@si\/116423837906171560","error":""},"_links":{"self":[{"href":"https:\/\/www.europesays.com\/si\/wp-json\/wp\/v2\/posts\/62240","targetHints":{"allow":["GET"]}}],"collection":[{"href":"https:\/\/www.europesays.com\/si\/wp-json\/wp\/v2\/posts"}],"about":[{"href":"https:\/\/www.europesays.com\/si\/wp-json\/wp\/v2\/types\/post"}],"author":[{"embeddable":true,"href":"https:\/\/www.europesays.com\/si\/wp-json\/wp\/v2\/users\/2"}],"replies":[{"embeddable":true,"href":"https:\/\/www.europesays.com\/si\/wp-json\/wp\/v2\/comments?post=62240"}],"version-history":[{"count":0,"href":"https:\/\/www.europesays.com\/si\/wp-json\/wp\/v2\/posts\/62240\/revisions"}],"wp:featuredmedia":[{"embeddable":true,"href":"https:\/\/www.europesays.com\/si\/wp-json\/wp\/v2\/media\/62241"}],"wp:attachment":[{"href":"https:\/\/www.europesays.com\/si\/wp-json\/wp\/v2\/media?parent=62240"}],"wp:term":[{"taxonomy":"category","embeddable":true,"href":"https:\/\/www.europesays.com\/si\/wp-json\/wp\/v2\/categories?post=62240"},{"taxonomy":"post_tag","embeddable":true,"href":"https:\/\/www.europesays.com\/si\/wp-json\/wp\/v2\/tags?post=62240"}],"curies":[{"name":"wp","href":"https:\/\/api.w.org\/{rel}","templated":true}]}}