{"id":65015,"date":"2026-04-20T17:39:08","date_gmt":"2026-04-20T17:39:08","guid":{"rendered":"https:\/\/www.europesays.com\/si\/65015\/"},"modified":"2026-04-20T17:39:08","modified_gmt":"2026-04-20T17:39:08","slug":"voznik-trolejbusa-zapeljal-naravnost-v-trgovino-ena-oseba-ni-prezivela","status":"publish","type":"post","link":"https:\/\/www.europesays.com\/si\/65015\/","title":{"rendered":"Voznik trolejbusa zapeljal naravnost v trgovino, ena oseba ni pre\u017eivela"},"content":{"rendered":"<p>Tragedija pri na\u0161ih sosedih.<\/p>\n<p>V <a href=\"https:\/\/www.zurnal24.si\/kljucne-besede\/salzburg-9095\/articles\" rel=\"nofollow noopener\" target=\"_blank\">Salzburgu<\/a> je\u00a0v trgovino tr\u010dil trolejbus, pri \u010demer je umrl en \u010dlovek, sedem ljudi je po\u0161kodovanih. Nesre\u010da se je zgodila po tem, ko je voznik do\u017eivel mo\u017egansko kap in izgubil nadzor nad vozilom.<\/p>\n<p>Po\u0161kodovani so potniki trolejbusa<\/p>\n<p>Trolejbus je v enem od kri\u017ei\u0161\u010d z vozi\u0161\u010da zapeljal na kolesarsko pot in plo\u010dnik ter skozi stekleno fasado tr\u010dil v vhodni del trgovine. Pri tem je umrl 55-letni mimoido\u010di, ki je po navedbah policije po\u0161kodbam podlegel na kraju nesre\u010de.<\/p>\n<p>Po besedah predstavnice Rde\u010dega kri\u017ea sta bila hudo po\u0161kodovana voznik in \u0161e ena oseba, pet ljudi je utrpelo la\u017eje po\u0161kodbe. Med po\u0161kodovanimi naj bi bili izklju\u010dno potniki trolejbusa.<\/p>\n<p><img decoding=\"async\" alt=\"Salzburg nesre\u010da trolejbus | Avtor: Profimedia\" class=\"rwd\" data-href=\"https:\/\/www.zurnal24.si\/media\/img\/95\/2d\/360db9294740e834ab8b.jpeg\" itemprop=\"image\" src=\"\/media\/img\/6a\/83\/85a12d430040d6c0c082.jpeg\"\/><\/p>\n<p>                Profimedia<\/p>\n<p>To\u017eilstvo v Salzburgu je odredilo obdukcijo pokojnika in vklju\u010ditev strokovnjaka za ugotavljanje vzroka nesre\u010de. Gradbeni in\u017eenirji so medtem pregledali stavbo, v kateri je trgovina, da bi ugotovili morebitne po\u0161kodbe in ocenili tveganje za njeno zru\u0161enje.<\/p>\n<p><a href=\"https:\/\/www.zurnal24.si\/svet\/mailto:dezurni@styria-media.si\" rel=\"nofollow noopener\" target=\"_blank\">dezurni@styria-media.si<\/a><\/p>\n","protected":false},"excerpt":{"rendered":"Tragedija pri na\u0161ih sosedih. V Salzburgu je\u00a0v trgovino tr\u010dil trolejbus, pri \u010demer je umrl en \u010dlovek, sedem ljudi&hellip;\n","protected":false},"author":2,"featured_media":65016,"comment_status":"","ping_status":"","sticky":false,"template":"","format":"standard","meta":{"footnotes":"","_share_on_mastodon":"0"},"categories":[8],"tags":[360,502,6869,37,38,584,64,1322,21073,63],"class_list":["post-65015","post","type-post","status-publish","format-standard","has-post-thumbnail","category-svet","tag-avstrija","tag-nesreca","tag-salzburg","tag-slovene","tag-slovenscina","tag-smrt","tag-svet","tag-trgovina","tag-trolejbus","tag-world"],"share_on_mastodon":{"url":"https:\/\/pubeurope.com\/@si\/116438261053130954","error":""},"_links":{"self":[{"href":"https:\/\/www.europesays.com\/si\/wp-json\/wp\/v2\/posts\/65015","targetHints":{"allow":["GET"]}}],"collection":[{"href":"https:\/\/www.europesays.com\/si\/wp-json\/wp\/v2\/posts"}],"about":[{"href":"https:\/\/www.europesays.com\/si\/wp-json\/wp\/v2\/types\/post"}],"author":[{"embeddable":true,"href":"https:\/\/www.europesays.com\/si\/wp-json\/wp\/v2\/users\/2"}],"replies":[{"embeddable":true,"href":"https:\/\/www.europesays.com\/si\/wp-json\/wp\/v2\/comments?post=65015"}],"version-history":[{"count":0,"href":"https:\/\/www.europesays.com\/si\/wp-json\/wp\/v2\/posts\/65015\/revisions"}],"wp:featuredmedia":[{"embeddable":true,"href":"https:\/\/www.europesays.com\/si\/wp-json\/wp\/v2\/media\/65016"}],"wp:attachment":[{"href":"https:\/\/www.europesays.com\/si\/wp-json\/wp\/v2\/media?parent=65015"}],"wp:term":[{"taxonomy":"category","embeddable":true,"href":"https:\/\/www.europesays.com\/si\/wp-json\/wp\/v2\/categories?post=65015"},{"taxonomy":"post_tag","embeddable":true,"href":"https:\/\/www.europesays.com\/si\/wp-json\/wp\/v2\/tags?post=65015"}],"curies":[{"name":"wp","href":"https:\/\/api.w.org\/{rel}","templated":true}]}}