{"id":66540,"date":"2026-04-22T01:46:11","date_gmt":"2026-04-22T01:46:11","guid":{"rendered":"https:\/\/www.europesays.com\/si\/66540\/"},"modified":"2026-04-22T01:46:11","modified_gmt":"2026-04-22T01:46:11","slug":"zaradi-vojne-v-iranu-tudi-cene-kondomov-v-nebo","status":"publish","type":"post","link":"https:\/\/www.europesays.com\/si\/66540\/","title":{"rendered":"Zaradi vojne v Iranu tudi cene kondomov v nebo"},"content":{"rendered":"<p>\t\t\t\t\t\t\t\t<a href=\"https:\/\/www.europesays.com\/si\/wp-content\/uploads\/2026\/04\/67037324.jpg\" itemprop=\"contentUrl\" data-size=\"1200x800\" data-large=\"https:\/\/www.europesays.com\/si\/wp-content\/uploads\/2026\/04\/67037324.jpg\"><br \/>\n\t\t\t\t\t\t\t\t\t<img decoding=\"async\" src=\"https:\/\/www.europesays.com\/si\/wp-content\/uploads\/2026\/04\/67037324.jpg\" title=\"Karex letno proizvede ve\u010d kot pet milijard kondomov. Foto: Reuters\" alt=\"Karex letno proizvede ve\u010d kot pet milijard kondomov. Foto: Reuters\"\/><br \/>\n\t\t\t\t\t\t\t\t<\/a><\/p>\n<p>\t\t\t\t\t\t\t\t\tKarex letno proizvede ve\u010d kot pet milijard kondomov. Foto: Reuters<\/p>\n<p>Najve\u010dji svetovni proizvajalec kondomov Karex, ki letno proizvede ve\u010d kot pet milijard kondomov, se zaradi vojne v Iranu, ki povzro\u010da motnje v dobavni verigi, spopada z zvi\u0161anjem stro\u0161kov. Narasla je namre\u010d cena snovi za izdelavo kondomov, tudi sinteti\u010dnega kav\u010duka, pa tudi embala\u017enih materialov.<\/p>\n<p>Oglas<\/p>\n<p>Obenem malezijsko podjetje, ki oskrbuje tudi vodilni blagovni znamki Durex in Trojan, pa tudi dr\u017eavne zdravstvene sisteme, kot je britanski NHS, opa\u017ea porast povpra\u0161evanja po kondomih.<\/p>\n<p>To se je letos pove\u010dalo za pribli\u017eno 30 odstotkov \u2013 \u0161tevilne stranke po svetu imajo manj\u0161e zaloge kot obi\u010dajno, kar je posledica prav nara\u0161\u010dajo\u010dih stro\u0161kov in motenj prevoza. Karexove po\u0161iljke v Evropo in ZDA trenutno prispejo v skoraj dveh mesecih, v preteklosti pa jim je to uspelo v enem mesecu.<\/p>\n<p>Goh Miah Kiat, direktor Karexa, je za Reuters zagotovil, da ima proizvajalec dovolj zalog za prihodnjih nekaj mesecev, hkrati pa si prizadeva pove\u010dati proizvodnjo, da bi zadostil nara\u0161\u010dajo\u010demu povpra\u0161evanju.<\/p>\n<p>Je pa napovedal podra\u017eitev kondomov. &#8220;Razmere so vsekakor zelo krhke, cene so visoke. Nimamo druge izbire, kot da stro\u0161ke takoj prenesemo na stranke,&#8221; je pojasnil in dodal, da bodo cene zvi\u0161ali za najmanj 20 odstotkov.<\/p>\n<p>Proizvajalec kondomov se pridru\u017euje nara\u0161\u010dajo\u010demu seznamu podjetij, vklju\u010dno s proizvajalci medicinskih rokavic, ki se pripravljajo na nestabilnost dobavnih verig, saj iranska vojna obremenjuje energetske in petrokemi\u010dne tokove z Bli\u017enjega vzhoda, kar moti nabavo surovin.<\/p>\n<p>Oglas<\/p>\n","protected":false},"excerpt":{"rendered":"Karex letno proizvede ve\u010d kot pet milijard kondomov. Foto: Reuters Najve\u010dji svetovni proizvajalec kondomov Karex, ki letno proizvede&hellip;\n","protected":false},"author":2,"featured_media":66541,"comment_status":"","ping_status":"","sticky":false,"template":"","format":"standard","meta":{"footnotes":"","_share_on_mastodon":"0"},"categories":[10],"tags":[81,82,21510,84,83,8901,62,37,58,60,38,21509],"class_list":["post-66540","post","type-post","status-publish","format-standard","has-post-thumbnail","category-poslovni-svet","tag-business","tag-economic","tag-kondomi","tag-poslovni","tag-poslovni-svet","tag-povprasevanje","tag-si","tag-slovene","tag-slovenia","tag-slovenija","tag-slovenscina","tag-zvisanje-cen"],"share_on_mastodon":{"url":"https:\/\/pubeurope.com\/@si\/116445838213702120","error":""},"_links":{"self":[{"href":"https:\/\/www.europesays.com\/si\/wp-json\/wp\/v2\/posts\/66540","targetHints":{"allow":["GET"]}}],"collection":[{"href":"https:\/\/www.europesays.com\/si\/wp-json\/wp\/v2\/posts"}],"about":[{"href":"https:\/\/www.europesays.com\/si\/wp-json\/wp\/v2\/types\/post"}],"author":[{"embeddable":true,"href":"https:\/\/www.europesays.com\/si\/wp-json\/wp\/v2\/users\/2"}],"replies":[{"embeddable":true,"href":"https:\/\/www.europesays.com\/si\/wp-json\/wp\/v2\/comments?post=66540"}],"version-history":[{"count":0,"href":"https:\/\/www.europesays.com\/si\/wp-json\/wp\/v2\/posts\/66540\/revisions"}],"wp:featuredmedia":[{"embeddable":true,"href":"https:\/\/www.europesays.com\/si\/wp-json\/wp\/v2\/media\/66541"}],"wp:attachment":[{"href":"https:\/\/www.europesays.com\/si\/wp-json\/wp\/v2\/media?parent=66540"}],"wp:term":[{"taxonomy":"category","embeddable":true,"href":"https:\/\/www.europesays.com\/si\/wp-json\/wp\/v2\/categories?post=66540"},{"taxonomy":"post_tag","embeddable":true,"href":"https:\/\/www.europesays.com\/si\/wp-json\/wp\/v2\/tags?post=66540"}],"curies":[{"name":"wp","href":"https:\/\/api.w.org\/{rel}","templated":true}]}}