{"id":68366,"date":"2026-04-23T13:57:09","date_gmt":"2026-04-23T13:57:09","guid":{"rendered":"https:\/\/www.europesays.com\/si\/68366\/"},"modified":"2026-04-23T13:57:09","modified_gmt":"2026-04-23T13:57:09","slug":"kitajci-zaradi-visanja-cen-kondomov-razmisljajo-o-kopicenju-zalog","status":"publish","type":"post","link":"https:\/\/www.europesays.com\/si\/68366\/","title":{"rendered":"Kitajci zaradi vi\u0161anja cen kondomov razmi\u0161ljajo o kopi\u010denju zalog"},"content":{"rendered":"<p>\t\t\t\t\t\t\t\t<a href=\"https:\/\/www.europesays.com\/si\/wp-content\/uploads\/2026\/04\/67037931.jpg\" itemprop=\"contentUrl\" data-size=\"1200x800\" data-large=\"https:\/\/www.europesays.com\/si\/wp-content\/uploads\/2026\/04\/67037931.jpg\"><br \/>\n\t\t\t\t\t\t\t\t\t<img decoding=\"async\" src=\"https:\/\/www.europesays.com\/si\/wp-content\/uploads\/2026\/04\/67037931.jpg\" title=\"Pri Karexu so sicer zagotovili, da ima dovolj zalog za prihodnjih nekaj mesecev (fotografija je simbolna). Foto: AP\" alt=\"Pri Karexu so sicer zagotovili, da ima dovolj zalog za prihodnjih nekaj mesecev (fotografija je simbolna). Foto: AP\"\/><br \/>\n\t\t\t\t\t\t\t\t<\/a><\/p>\n<p>\t\t\t\t\t\t\t\t\tPri Karexu so sicer zagotovili, da ima dovolj zalog za prihodnjih nekaj mesecev (fotografija je simbolna). Foto: AP<\/p>\n<p>Tudi na Kitajskem odmeva novica o bistveni podra\u017eitvi kondomov. Vojna v Iranu namre\u010d povzro\u010da motnje v dobavni verigi najve\u010djega svetovnega proizvajalca Karex, ki letno proizvede ve\u010d kot pet milijard kondomov. Obenem se malezijsko podjetje, ki oskrbuje tudi vodilni blagovni znamki Durex in Trojan, spopada z vi\u0161jimi cenami surovin in ve\u010djim povpra\u0161evanjem po kondomih. Posledi\u010dno imajo \u0161tevilne stranke po svetu manj\u0161e zaloge kot obi\u010dajno. <\/p>\n<p>Oglas<\/p>\n<p>Karex je tako napovedal, da bo cene kondomov zvi\u0161al za vsaj 20 odstotkov. Na kitajskih dru\u017ebenih omre\u017ejih se je pod klju\u010dnikom #cenekondomovnara\u0161\u010dajo, ki je zbral ve\u010d kot 60 milijonov ogledov, razvnela debata med uporabniki, ki so nezadovoljni, da &#8220;posledice konflikta vdirajo tudi v spalnico&#8221;.<\/p>\n<p>Medtem ko nekateri prebivalci menijo, da vi\u0161ja cena kondomov potro\u0161nikov ne bo odvrnila od nakupa kondomov, so drugi uporabnike pozvali h kopi\u010denju zalog.<\/p>\n<p>&#8220;Od zdaj naprej ne bomo morali biti le var\u010dni, ampak si bomo morali vnaprej narediti zalogo kondomov,&#8221; je zapisal eden izmed uporabnikov, drug pa je pristavil, da je od\u0161teti malce ve\u010d  denarja za kondom bistveno bolj ugodno kot vzgoja otroka, poro\u010da Reuters.<\/p>\n<p>\t\t\t\t\t\t\t\t\t<a href=\"https:\/\/www.rtvslo.si\/n\/780067\" class=\"image-link image-heading image-container container-16-9\" data-large=\"https:\/\/img.rtvcdn.si\/_up\/upload\/2026\/04\/21\/67037324.jpg\" rel=\"nofollow noopener\" target=\"_blank\"><br \/>\n\t\t\t\t\t\t\t\t\t\t<img decoding=\"async\" src=\"https:\/\/www.europesays.com\/si\/wp-content\/uploads\/2026\/04\/67037324_thumb.jpg\" class=\"image-preview\"\/><br \/>\n\t\t\t\t\t\t\t\t\t<\/a><\/p>\n<p>\t\t\t\t\t\t\t\t\t\tSorodna novica<br \/>\n\t\t\t\t\t\t\t\t\t\t<a href=\"https:\/\/www.rtvslo.si\/n\/780067\" rel=\"nofollow noopener\" target=\"_blank\">Zaradi vojne v Iranu tudi cene kondomov v nebo<\/a><\/p>\n<p>\t\t\t\t\t\t\tLani je \u0161tevilo rojstev na Kitajskem doseglo rekordno nizko raven<\/p>\n<p>Kitajske oblasti trenutno z vrsto politi\u010dnih ukrepov posku\u0161ajo spodbuditi padajo\u010do rodnost v dr\u017eavi, da bi uravnote\u017eile staranje prebivalstva. Lani je \u0161tevilo rojstev doseglo rekordno nizko raven.<\/p>\n<p>Kontracepcijska sredstva, kot so kontracepcijske tabletke in kondomi, v dr\u017eavi kar tri desetletja niso bila obdav\u010dena. Ukrep je vlada na za\u010detku leta ukinila in uvedla 13-odstotni davek na dodano vrednost, kar je standardna stopnja za ve\u010dino potro\u0161ni\u0161kega blaga.<\/p>\n<p>Pri Karexu so sicer zagotovili, da ima dovolj zalog za prihodnjih nekaj mesecev, hkrati pa si prizadevajo pove\u010dati proizvodnjo, da bi zadostil nara\u0161\u010dajo\u010demu povpra\u0161evanju. Vseeno so napovedali, da bodo cene kondomov \u0161e narasle, \u010de bo vojna v Iranu \u0161e vedno ovirala prevoz.<\/p>\n<p>Oglas<\/p>\n","protected":false},"excerpt":{"rendered":"Pri Karexu so sicer zagotovili, da ima dovolj zalog za prihodnjih nekaj mesecev (fotografija je simbolna). Foto: AP&hellip;\n","protected":false},"author":2,"featured_media":68367,"comment_status":"","ping_status":"","sticky":false,"template":"","format":"standard","meta":{"footnotes":"","_share_on_mastodon":"0"},"categories":[8],"tags":[911,21510,21914,7573,37,38,64,21915,63],"class_list":["post-68366","post","type-post","status-publish","format-standard","has-post-thumbnail","category-svet","tag-kitajska","tag-kondomi","tag-kopicenje-zalog","tag-rodnost","tag-slovene","tag-slovenscina","tag-svet","tag-visje-cene","tag-world"],"share_on_mastodon":{"url":"https:\/\/pubeurope.com\/@si\/116454375082251369","error":""},"_links":{"self":[{"href":"https:\/\/www.europesays.com\/si\/wp-json\/wp\/v2\/posts\/68366","targetHints":{"allow":["GET"]}}],"collection":[{"href":"https:\/\/www.europesays.com\/si\/wp-json\/wp\/v2\/posts"}],"about":[{"href":"https:\/\/www.europesays.com\/si\/wp-json\/wp\/v2\/types\/post"}],"author":[{"embeddable":true,"href":"https:\/\/www.europesays.com\/si\/wp-json\/wp\/v2\/users\/2"}],"replies":[{"embeddable":true,"href":"https:\/\/www.europesays.com\/si\/wp-json\/wp\/v2\/comments?post=68366"}],"version-history":[{"count":0,"href":"https:\/\/www.europesays.com\/si\/wp-json\/wp\/v2\/posts\/68366\/revisions"}],"wp:featuredmedia":[{"embeddable":true,"href":"https:\/\/www.europesays.com\/si\/wp-json\/wp\/v2\/media\/68367"}],"wp:attachment":[{"href":"https:\/\/www.europesays.com\/si\/wp-json\/wp\/v2\/media?parent=68366"}],"wp:term":[{"taxonomy":"category","embeddable":true,"href":"https:\/\/www.europesays.com\/si\/wp-json\/wp\/v2\/categories?post=68366"},{"taxonomy":"post_tag","embeddable":true,"href":"https:\/\/www.europesays.com\/si\/wp-json\/wp\/v2\/tags?post=68366"}],"curies":[{"name":"wp","href":"https:\/\/api.w.org\/{rel}","templated":true}]}}