{"id":69418,"date":"2026-04-24T10:47:08","date_gmt":"2026-04-24T10:47:08","guid":{"rendered":"https:\/\/www.europesays.com\/si\/69418\/"},"modified":"2026-04-24T10:47:08","modified_gmt":"2026-04-24T10:47:08","slug":"sodisce-dosodilo-visoke-odskodnine-za-stiri-svojce-zrtev-padca-nadstreska-v-novem-sadu","status":"publish","type":"post","link":"https:\/\/www.europesays.com\/si\/69418\/","title":{"rendered":"Sodi\u0161\u010de dosodilo visoke od\u0161kodnine za \u0161tiri svojce \u017ertev padca nadstre\u0161ka v Novem Sadu"},"content":{"rendered":"<p>\t\t\t\t\t\t\t\t<a href=\"https:\/\/www.europesays.com\/si\/wp-content\/uploads\/2026\/04\/67038231.jpg\" itemprop=\"contentUrl\" data-size=\"1200x800\" data-large=\"https:\/\/www.europesays.com\/si\/wp-content\/uploads\/2026\/04\/67038231.jpg\"><br \/>\n\t\t\t\t\t\t\t\t\t<img decoding=\"async\" src=\"https:\/\/www.europesays.com\/si\/wp-content\/uploads\/2026\/04\/67038231.jpg\" title=\"V zru\u0161enju nadstre\u0161ka \u017eelezni\u0161ke postaje v Novem Sadu leta 2024 je umrlo 16 ljudi. Foto: EPA\" alt=\"V zru\u0161enju nadstre\u0161ka \u017eelezni\u0161ke postaje v Novem Sadu leta 2024 je umrlo 16 ljudi. Foto: EPA\"\/><br \/>\n\t\t\t\t\t\t\t\t<\/a><\/p>\n<p>\t\t\t\t\t\t\t\t\tV zru\u0161enju nadstre\u0161ka \u017eelezni\u0161ke postaje v Novem Sadu leta 2024 je umrlo 16 ljudi. Foto: EPA<\/p>\n<p>Infrastruktura \u017eeleznice Srbije in dr\u017eava morata poleg od\u0161kodnin zaradi du\u0161evnih bole\u010din ob smrti bli\u017enje osebe pla\u010dati tudi sodne stro\u0161ke. Sodba \u0161e ni pravnomo\u010dna, nanjo se je mogo\u010de prito\u017eiti, so povzeli srbski mediji.<\/p>\n<p>Oglas<\/p>\n<p>Ob padcu nadstre\u0161ka \u017eelezni\u0161ke postaje v Novem Sadu 1. novembra 2024 je umrlo 16 ljudi, en \u010dlovek pa je bil hudo po\u0161kodovan in je postal invalid.<\/p>\n<p>Sodi\u0161\u010de je svojcem umrlih zaradi du\u0161evnih bole\u010din ob smrti bli\u017enje osebe pred tem dosodilo \u017ee za ve\u010d sto tiso\u010d evrov od\u0161kodnin.<\/p>\n<p>Kazensko sicer za nesre\u010do doslej ni odgovarjal \u0161e nih\u010de.<\/p>\n<p>Vi\u0161je javno to\u017eilstvo v Novem Sadu je zaradi zru\u0161enja nadstre\u0161ka vlo\u017eilo obto\u017enico proti 13 osumljencem, med katerimi sta nekdanji minister za gradbeni\u0161tvo Goran Vesi\u0107 in nekdanja direktorica Infrastrukture \u017eeleznice Srbije Jelena Tanaskovi\u0107. Vi\u0161je sodi\u0161\u010de je odlo\u010dilo, da se postopek proti \u0161estim ljudem, med njimi tudi proti Vesi\u0107u in Tanaskovi\u0107, ustavi, za sedem ljudi je obto\u017enico potrdilo. To\u017eilstvo se je na odlo\u010ditev prito\u017eilo.<\/p>\n<p>Oglas<\/p>\n","protected":false},"excerpt":{"rendered":"V zru\u0161enju nadstre\u0161ka \u017eelezni\u0161ke postaje v Novem Sadu leta 2024 je umrlo 16 ljudi. Foto: EPA Infrastruktura \u017eeleznice&hellip;\n","protected":false},"author":2,"featured_media":69419,"comment_status":"","ping_status":"","sticky":false,"template":"","format":"standard","meta":{"footnotes":"","_share_on_mastodon":"0"},"categories":[3],"tags":[65,66,22135,952,3026,37,38,780],"class_list":["post-69418","post","type-post","status-publish","format-standard","has-post-thumbnail","category-evropa","tag-europe","tag-evropa","tag-nadstresek","tag-novi-sad","tag-odskodnina","tag-slovene","tag-slovenscina","tag-srbija"],"share_on_mastodon":{"url":"https:\/\/pubeurope.com\/@si\/116459290387539615","error":""},"_links":{"self":[{"href":"https:\/\/www.europesays.com\/si\/wp-json\/wp\/v2\/posts\/69418","targetHints":{"allow":["GET"]}}],"collection":[{"href":"https:\/\/www.europesays.com\/si\/wp-json\/wp\/v2\/posts"}],"about":[{"href":"https:\/\/www.europesays.com\/si\/wp-json\/wp\/v2\/types\/post"}],"author":[{"embeddable":true,"href":"https:\/\/www.europesays.com\/si\/wp-json\/wp\/v2\/users\/2"}],"replies":[{"embeddable":true,"href":"https:\/\/www.europesays.com\/si\/wp-json\/wp\/v2\/comments?post=69418"}],"version-history":[{"count":0,"href":"https:\/\/www.europesays.com\/si\/wp-json\/wp\/v2\/posts\/69418\/revisions"}],"wp:featuredmedia":[{"embeddable":true,"href":"https:\/\/www.europesays.com\/si\/wp-json\/wp\/v2\/media\/69419"}],"wp:attachment":[{"href":"https:\/\/www.europesays.com\/si\/wp-json\/wp\/v2\/media?parent=69418"}],"wp:term":[{"taxonomy":"category","embeddable":true,"href":"https:\/\/www.europesays.com\/si\/wp-json\/wp\/v2\/categories?post=69418"},{"taxonomy":"post_tag","embeddable":true,"href":"https:\/\/www.europesays.com\/si\/wp-json\/wp\/v2\/tags?post=69418"}],"curies":[{"name":"wp","href":"https:\/\/api.w.org\/{rel}","templated":true}]}}