{"id":71272,"date":"2026-04-26T08:57:10","date_gmt":"2026-04-26T08:57:10","guid":{"rendered":"https:\/\/www.europesays.com\/si\/71272\/"},"modified":"2026-04-26T08:57:10","modified_gmt":"2026-04-26T08:57:10","slug":"pretres-po-mnogih-letih-tudi-ona-zapusca-rtv-slovenijo-kaj-se-dogaja","status":"publish","type":"post","link":"https:\/\/www.europesays.com\/si\/71272\/","title":{"rendered":"Pretres: Po mnogih letih tudi ona zapu\u0161\u010da RTV Slovenijo (kaj se dogaja?)"},"content":{"rendered":"<p>Po kar 46 letih tudi ta znani obraz zapu\u0161\u010da RTV Slovenija. Kaj se dogaja in zakaj tako nenadoma odhaja?<\/p>\n<p>\u0160tevilni so bili mo\u010dno presene\u010deni nad objavo znane slovenske novinarke Mojce Duman\u010di\u010d, ki je preko dru\u017ebenih omre\u017eij sporo\u010dila, da je \u010das za slovo.<\/p>\n<p><img fetchpriority=\"high\" decoding=\"async\" class=\"wp-image-18417 size-full\" title=\"rtv slo\" src=\"https:\/\/www.europesays.com\/si\/wp-content\/uploads\/2026\/04\/rtvs-odmevi.jpg\" alt=\"RTV, televizija, studio, voditeljica, Rosvita Pesek, gostje,\" width=\"2400\" height=\"1351\"  \/>RTV Slovenija (foto: RTV Slovenija)<\/p>\n<p>Duma\u010di\u010deva je bila na <a href=\"https:\/\/top24novice.si\/?s=rtv+slovenija\" target=\"_blank\" rel=\"noopener nofollow\">RTV Slovenija<\/a> zaposlena kar 46 let, zato je bila novica o njenem odhodu \u0161e toliko ve\u010dji \u0161ok.<\/p>\n<p>\u00bb\u2026in se je zgodilo\u2026po 46-ih letih zvestobe \u2013 neprekinjeno vse od marca 1980 \u2013 je 24.april 2026 moj zadnji dan v tej hi\u0161i\u2026 Moji hi\u0161i \u2026 Od danes pa\u2026? Na snidenje nikjer in povsod\u2026,\u00ab je zapisala poleg fotografije, s katere se smehlja.<\/p>\n<p>\u0160tevilni so se odzvali<\/p>\n<p>\u0160tevilni so se odzvali. Pod objavo so se zvrstili komentarji.<\/p>\n<p>\u00bbSre\u010dno na novi poti \u2013 povsem zaslu\u017eeno! Pogre\u0161ali te bomo na TV ekranu,\u00ab je zapisal nekdo. Nekdo drug pa ji je za\u017eelel dobrodo\u0161lico: \u00bbMojca, Welcome to the Club. Naj bo zdravo, veselo, tudi kdaj razburljivo, predvsem pa PO TVOJE!\u00ab<\/p>\n<p>\u00bbSre\u010dno Mojca. V novem \u017eivljenjskem obdobju,\u00ab je zapisal nekdo. Nekdo drug pa, da bo pogre\u0161al njene imenitne novinarske prispevke.<\/p>\n","protected":false},"excerpt":{"rendered":"Po kar 46 letih tudi ta znani obraz zapu\u0161\u010da RTV Slovenija. Kaj se dogaja in zakaj tako nenadoma&hellip;\n","protected":false},"author":2,"featured_media":71273,"comment_status":"","ping_status":"","sticky":false,"template":"","format":"standard","meta":{"footnotes":"","_share_on_mastodon":"0"},"categories":[18],"tags":[114,22584,1641,62,37,58,60,38,22585,115],"class_list":["post-71272","post","type-post","status-publish","format-standard","has-post-thumbnail","category-zabava","tag-entertainment","tag-mojca-dumancic","tag-rtv-slovenija","tag-si","tag-slovene","tag-slovenia","tag-slovenija","tag-slovenscina","tag-slovenska-novinarka","tag-zabava"],"share_on_mastodon":{"url":"https:\/\/pubeurope.com\/@si\/116470182295203358","error":""},"_links":{"self":[{"href":"https:\/\/www.europesays.com\/si\/wp-json\/wp\/v2\/posts\/71272","targetHints":{"allow":["GET"]}}],"collection":[{"href":"https:\/\/www.europesays.com\/si\/wp-json\/wp\/v2\/posts"}],"about":[{"href":"https:\/\/www.europesays.com\/si\/wp-json\/wp\/v2\/types\/post"}],"author":[{"embeddable":true,"href":"https:\/\/www.europesays.com\/si\/wp-json\/wp\/v2\/users\/2"}],"replies":[{"embeddable":true,"href":"https:\/\/www.europesays.com\/si\/wp-json\/wp\/v2\/comments?post=71272"}],"version-history":[{"count":0,"href":"https:\/\/www.europesays.com\/si\/wp-json\/wp\/v2\/posts\/71272\/revisions"}],"wp:featuredmedia":[{"embeddable":true,"href":"https:\/\/www.europesays.com\/si\/wp-json\/wp\/v2\/media\/71273"}],"wp:attachment":[{"href":"https:\/\/www.europesays.com\/si\/wp-json\/wp\/v2\/media?parent=71272"}],"wp:term":[{"taxonomy":"category","embeddable":true,"href":"https:\/\/www.europesays.com\/si\/wp-json\/wp\/v2\/categories?post=71272"},{"taxonomy":"post_tag","embeddable":true,"href":"https:\/\/www.europesays.com\/si\/wp-json\/wp\/v2\/tags?post=71272"}],"curies":[{"name":"wp","href":"https:\/\/api.w.org\/{rel}","templated":true}]}}