{"id":72750,"date":"2026-04-28T01:07:52","date_gmt":"2026-04-28T01:07:52","guid":{"rendered":"https:\/\/www.europesays.com\/si\/72750\/"},"modified":"2026-04-28T01:07:52","modified_gmt":"2026-04-28T01:07:52","slug":"morski-zrak-precistil-vizijo-novomeskih-duhovnikov","status":"publish","type":"post","link":"https:\/\/www.europesays.com\/si\/72750\/","title":{"rendered":"Morski zrak pre\u010distil vizijo novome\u0161kih duhovnikov"},"content":{"rendered":"<p>                    <img decoding=\"async\" src=\"https:\/\/www.europesays.com\/si\/wp-content\/uploads\/2026\/04\/images|cms-image-000239041.jpg\" alt=\"Duhovniki novome\u0161ke \u0161kofije (foto: Vir: spletna stran \u0160kofije Novo mesto)\"\/><\/p>\n<p>                        Duhovniki novome\u0161ke \u0161kofije | (foto: Vir: spletna stran \u0160kofije Novo mesto)<\/p>\n<p>                        05. 11. 2025, 13:17<\/p>\n<p>                                                        <a class=\"no-ajaxy\" href=\"https:\/\/radio.ognjisce.si\/user\/profile\/rokmihevc\" rel=\"nofollow noopener\" target=\"_blank\"><br \/>\n                                                                                                Rok<br \/>\n                                Mihevc<\/p>\n<p>                                                            <\/a><\/p>\n<p class=\"deck\">Duhovniki novome\u0161ke \u0161kofije so se skupaj s \u0161kofom Andrejem Sajetom v nedeljo zve\u010der zbrali v Strunjanu, kjer so \u017ee tradicionalno potekali duhovni\u0161ki dnevi. Letos pod geslom \u00bbBiti misijonarska Cerkev\u00ab.<\/p>\n<p>Saje je uvodoma v razmi\u0161ljanju spregovoril o razmerah, v katerih se nahajata Cerkev in oznanilo, predvsem s kak\u0161nimi te\u017eavami in izzivi se sre\u010dujejo pri pastoralnem delu ter kje so mo\u017enosti za napredek. Sledila je razprava ob \u0161kofovih izto\u010dnicah. V naslednjih dneh so duhovniki razmi\u0161ljali \u0161e o vlogi laikov, spodbujanju in skrbi za duhovne poklice ter o viziji \u017eivljenja duhovnikov v prihodnje.\n                    <\/p>\n<p><img decoding=\"async\" src=\"https:\/\/www.europesays.com\/si\/wp-content\/uploads\/2026\/04\/get_img.jpeg\" style=\"max-width: 100%\" rel=\"resizable\" title=\"\" alt=\"\"\/><\/p>\n<p>   \u00a9 Vir: \u0160kofija Novo mesto <\/p>\n<p>Vrhunec vsakega dneva je bila sveta ma\u0161a, pri kateri se ji je v ponedeljek v strunjanskem sveti\u0161\u010du pridru\u017eil tudi upokojeni koprski \u0161kof Jurij Bizjak, v torek pa v koprski stolnici \u0161kof ordinarij Peter \u0160tumpf. Ogledali so si mesto Koper, obiskali fran\u010di\u0161kanski samostan svete Ane, rotundo svetega Elija ter krstilnico. Dana\u0161nji dan so s predstavniki \u0161kofijskega podjetja Beneficij namenili ekonomskim izzivom s katerimi se \u017eupnije sre\u010dujejo.\n                    <\/p>\n<p><img decoding=\"async\" src=\"https:\/\/www.europesays.com\/si\/wp-content\/uploads\/2026\/04\/1777338470_948_get_img.jpeg\" style=\"max-width: 100%\" rel=\"resizable\" title=\"\" alt=\"\"\/><\/p>\n<p>   \u00a9 Vir: \u0160kofija Novo mesto <\/p>\n<p><img decoding=\"async\" src=\"https:\/\/www.europesays.com\/si\/wp-content\/uploads\/2026\/04\/1777338471_669_get_img.jpeg\" style=\"max-width: 100%\" rel=\"resizable\" title=\"\" alt=\"\"\/><\/p>\n<p>   \u00a9 Vir: \u0160kofija Novo mesto <\/p>\n<p><img decoding=\"async\" src=\"https:\/\/www.europesays.com\/si\/wp-content\/uploads\/2026\/04\/1777338472_597_get_img.jpeg\" style=\"max-width: 100%\" rel=\"resizable\" title=\"\" alt=\"\"\/><\/p>\n<p>   \u00a9 Vir: \u0160kofija Novo mesto <\/p>\n<p>\u00bbDuhovni\u0161ki dnevi so bili tako prilo\u017enost za pristno bratsko \u017eivljenje, podelitev razli\u010dnih videnj ter vidikov \u017eivljenja in dela v novome\u0161ki \u0161kofiji, kar je nedvomno po\u017eivilo duhovni\u0161ko povezanost ter rezultiralo v solidnih skupnih izhodi\u0161\u010dih za skupno vizijo \u0161kofije ob bli\u017enji 25-letnici ustanovitve \u0161kofije,\u00ab so zapisali na spletni strani \u0160kofije Novo mesto.<\/p>\n<p><img decoding=\"async\" src=\"https:\/\/www.europesays.com\/si\/wp-content\/uploads\/2026\/04\/1777338472_447_get_img.jpeg\" style=\"max-width: 100%\" rel=\"resizable\" title=\"\" alt=\"\"\/><\/p>\n<p>   \u00a9 Vir: \u0160kofija Novo mesto <\/p>\n","protected":false},"excerpt":{"rendered":"Duhovniki novome\u0161ke \u0161kofije | (foto: Vir: spletna stran \u0160kofije Novo mesto) 05. 11. 2025, 13:17 Rok Mihevc Duhovniki&hellip;\n","protected":false},"author":2,"featured_media":72751,"comment_status":"","ping_status":"","sticky":false,"template":"","format":"standard","meta":{"footnotes":"","_share_on_mastodon":"0"},"categories":[27],"tags":[22969,22970,181,62,22968,37,58,60,38],"class_list":["post-72750","post","type-post","status-publish","format-standard","has-post-thumbnail","category-novo-mesto","tag-andrej-saje","tag-duhovniki","tag-novo-mesto","tag-si","tag-skofija-novo-mesto","tag-slovene","tag-slovenia","tag-slovenija","tag-slovenscina"],"share_on_mastodon":{"url":"https:\/\/pubeurope.com\/@si\/116479662801604424","error":""},"_links":{"self":[{"href":"https:\/\/www.europesays.com\/si\/wp-json\/wp\/v2\/posts\/72750","targetHints":{"allow":["GET"]}}],"collection":[{"href":"https:\/\/www.europesays.com\/si\/wp-json\/wp\/v2\/posts"}],"about":[{"href":"https:\/\/www.europesays.com\/si\/wp-json\/wp\/v2\/types\/post"}],"author":[{"embeddable":true,"href":"https:\/\/www.europesays.com\/si\/wp-json\/wp\/v2\/users\/2"}],"replies":[{"embeddable":true,"href":"https:\/\/www.europesays.com\/si\/wp-json\/wp\/v2\/comments?post=72750"}],"version-history":[{"count":0,"href":"https:\/\/www.europesays.com\/si\/wp-json\/wp\/v2\/posts\/72750\/revisions"}],"wp:featuredmedia":[{"embeddable":true,"href":"https:\/\/www.europesays.com\/si\/wp-json\/wp\/v2\/media\/72751"}],"wp:attachment":[{"href":"https:\/\/www.europesays.com\/si\/wp-json\/wp\/v2\/media?parent=72750"}],"wp:term":[{"taxonomy":"category","embeddable":true,"href":"https:\/\/www.europesays.com\/si\/wp-json\/wp\/v2\/categories?post=72750"},{"taxonomy":"post_tag","embeddable":true,"href":"https:\/\/www.europesays.com\/si\/wp-json\/wp\/v2\/tags?post=72750"}],"curies":[{"name":"wp","href":"https:\/\/api.w.org\/{rel}","templated":true}]}}