{"id":76811,"date":"2026-05-01T20:52:10","date_gmt":"2026-05-01T20:52:10","guid":{"rendered":"https:\/\/www.europesays.com\/si\/76811\/"},"modified":"2026-05-01T20:52:10","modified_gmt":"2026-05-01T20:52:10","slug":"proti-britney-spears-vlozena-obtoznica-zaradi-voznje-pod-vplivom-substanc","status":"publish","type":"post","link":"https:\/\/www.europesays.com\/si\/76811\/","title":{"rendered":"Proti Britney Spears vlo\u017eena obto\u017enica zaradi vo\u017enje pod vplivom substanc"},"content":{"rendered":"<p>\t\t\t\t\t\t\t\t<a href=\"https:\/\/www.europesays.com\/si\/wp-content\/uploads\/2026\/05\/67039697.jpg\" itemprop=\"contentUrl\" data-size=\"1200x800\" data-large=\"https:\/\/www.europesays.com\/si\/wp-content\/uploads\/2026\/05\/67039697.jpg\"><br \/>\n\t\t\t\t\t\t\t\t\t<img decoding=\"async\" src=\"https:\/\/www.europesays.com\/si\/wp-content\/uploads\/2026\/05\/67039697.jpg\" title=\"Obo\u017eevalci Britney Spears so vse bolj zaskrbljeni, tudi zaradi bizarnih videov, ki jih objavlja pevka na svojem Instagramu. Foto: AP\" alt=\"Obo\u017eevalci Britney Spears so vse bolj zaskrbljeni, tudi zaradi bizarnih videov, ki jih objavlja pevka na svojem Instagramu. Foto: AP\"\/><br \/>\n\t\t\t\t\t\t\t\t<\/a><\/p>\n<p>\t\t\t\t\t\t\t\t\tObo\u017eevalci Britney Spears so vse bolj zaskrbljeni, tudi zaradi bizarnih videov, ki jih objavlja pevka na svojem Instagramu. Foto: AP<\/p>\n<p>Britney so policisti aretirali 4. marca na avtocesti v ju\u017eni Kaliforniji, potem ko je po navedbah oblasti &#8220;nevarno in zelo hitro&#8221; vozila svoj BMW.<\/p>\n<p>Oglas<\/p>\n<p>Pevka naj bi se po aretaciji sama prijavila v center za zdravljenje odvisnosti, njeni predstavniki pa so incident ozna\u010dili za &#8220;popolnoma neopravi\u010dljivega&#8221;.<\/p>\n<p>Njeno zasli\u0161anje na sodi\u0161\u010du je predvideno za prihodnji ponedeljek. &#8220;Ali se bo gospa Spears pojavila na obravnavi, bo odlo\u010ditev med njo in njenim odvetnikom,&#8221; so sporo\u010dili s to\u017eilskega urada okro\u017eja Ventura.<\/p>\n<p>To\u017eilstvo je pojasnilo, da za omenjeno obto\u017ebo obi\u010dajno ni zagro\u017eena zaporna kazen, \u010de se ni zgodila nesre\u010da ali po\u0161kodba in \u010de obto\u017eena oseba nima predhodnih podobnih prekr\u0161kov.<\/p>\n<p>To\u017eilci obi\u010dajno dovolijo, da obto\u017eeni prizna krivdo za bla\u017eji prekr\u0161ek \u2013 nevarno vo\u017enjo pod vplivom alkohola in\/ali mamil. Tudi Britney Spears bo ponujena ta mo\u017enost, je povedal Joey Buttitta iz okro\u017enega to\u017eilstva. Obsojenci v tak\u0161nih primerih obi\u010dajno dobijo 12-mese\u010dno pogojno kazen, opraviti morajo te\u010daj za vo\u017enjo pod vplivom ter pla\u010dati globe in takse.<\/p>\n<p>Britney Spears velja za eno najuspe\u0161nej\u0161ih popzvezdnic vseh \u010dasov z uspe\u0161nicami, kot so Baby One More Time, Toxic, Everytime, Gimme More, Womanizer in Stronger. Med letoma 2008 in 2021 je 13 let \u017eivela pod pravnim skrbni\u0161tvom, v okviru katerega je njen o\u010de popolnoma nadzoroval njene finance in zasebno \u017eivljenje.<\/p>\n<p>Po aretaciji je njen predstavnik povedal, da bo Britney &#8220;ubrala pravo pot in se dr\u017eala zakona&#8221;. &#8220;Upamo, da bo to prvi korak k dolgo pri\u010dakovani spremembi, ki jo njeno \u017eivljenje nujno potrebuje. Upamo, da bo v tem te\u017ekem obdobju dobila pomo\u010d in podporo, ki jo potrebuje. Njena sinova bosta pre\u017eivljala \u010das z njo, njeni bli\u017enji pa pripravljajo na\u010drt, ki ji bo kon\u010dno omogo\u010dil, da se postavi na noge in poskrbi za svoje dobro po\u010dutje,&#8221; je dejal takrat za BBC.<\/p>\n<p>Oglas<\/p>\n","protected":false},"excerpt":{"rendered":"Obo\u017eevalci Britney Spears so vse bolj zaskrbljeni, tudi zaradi bizarnih videov, ki jih objavlja pevka na svojem Instagramu.&hellip;\n","protected":false},"author":2,"featured_media":76812,"comment_status":"","ping_status":"","sticky":false,"template":"","format":"standard","meta":{"footnotes":"","_share_on_mastodon":"0"},"categories":[8],"tags":[7383,37,38,23860,64,9118,63],"class_list":["post-76811","post","type-post","status-publish","format-standard","has-post-thumbnail","category-svet","tag-britney-spears","tag-slovene","tag-slovenscina","tag-spears","tag-svet","tag-voznja","tag-world"],"share_on_mastodon":{"url":"https:\/\/pubeurope.com\/@si\/116501305463849906","error":""},"_links":{"self":[{"href":"https:\/\/www.europesays.com\/si\/wp-json\/wp\/v2\/posts\/76811","targetHints":{"allow":["GET"]}}],"collection":[{"href":"https:\/\/www.europesays.com\/si\/wp-json\/wp\/v2\/posts"}],"about":[{"href":"https:\/\/www.europesays.com\/si\/wp-json\/wp\/v2\/types\/post"}],"author":[{"embeddable":true,"href":"https:\/\/www.europesays.com\/si\/wp-json\/wp\/v2\/users\/2"}],"replies":[{"embeddable":true,"href":"https:\/\/www.europesays.com\/si\/wp-json\/wp\/v2\/comments?post=76811"}],"version-history":[{"count":0,"href":"https:\/\/www.europesays.com\/si\/wp-json\/wp\/v2\/posts\/76811\/revisions"}],"wp:featuredmedia":[{"embeddable":true,"href":"https:\/\/www.europesays.com\/si\/wp-json\/wp\/v2\/media\/76812"}],"wp:attachment":[{"href":"https:\/\/www.europesays.com\/si\/wp-json\/wp\/v2\/media?parent=76811"}],"wp:term":[{"taxonomy":"category","embeddable":true,"href":"https:\/\/www.europesays.com\/si\/wp-json\/wp\/v2\/categories?post=76811"},{"taxonomy":"post_tag","embeddable":true,"href":"https:\/\/www.europesays.com\/si\/wp-json\/wp\/v2\/tags?post=76811"}],"curies":[{"name":"wp","href":"https:\/\/api.w.org\/{rel}","templated":true}]}}