{"id":77897,"date":"2026-05-03T06:20:09","date_gmt":"2026-05-03T06:20:09","guid":{"rendered":"https:\/\/www.europesays.com\/si\/77897\/"},"modified":"2026-05-03T06:20:09","modified_gmt":"2026-05-03T06:20:09","slug":"ni-dobil-deklet-zato-se-je-tomaz-gorec-domislil-nekaj-genialnega","status":"publish","type":"post","link":"https:\/\/www.europesays.com\/si\/77897\/","title":{"rendered":"Ni dobil deklet, zato se je Toma\u017e Gorec domislil nekaj genialnega"},"content":{"rendered":"<p>V \u017eelji, da bi kon\u010dno privabil zanimanje deklet, je odprl legendarno diskoteko, v kateri se je zabavala cela Slovenija.<\/p>\n<p>Na\u0161 podjetnik, vloger in popotnik Toma\u017e Gorec je razkril, da ga v mladih letih ni maralo nobeno dekle. A se je domislil genialne ideje, kako bi ljubezensko sre\u010do obrnil v svoj prid. Uspelo mu je, \u010deprav so bile te sanje skoraj nemogo\u010de! Kako je postal najbolj za\u017eelen mo\u0161ki v dolini, je razkril v svoji knjigi Vse se da, \u010de se ho\u010de, saj Toma\u017e v to trdno verjame.<\/p>\n<p>&#8220;Logi\u010dno mi je bilo, da \u010de ima\u0161 diskoteko, si pri puncah frajer. In jaz sem \u0161el diskoteko delati izklju\u010dno iz tega, da bom frajer pri puncah in da bom kak\u0161no punco dobil. Takrat sem bil \u0161e nedol\u017een. Te travme so bile hude. Marsikomu uspe zato, ker ima hude travme in meni je ta\u00a0diskoteka, ki jo je poznala celo Slovenije, tudi, ker so bile travme hude. Zato tudi ni bilo te\u017eko biti vztrajen in delati za ta cilj,&#8221; je na Youtubu zgodbo za\u010del Toma\u017e in opisal dolgo poslovno pot, s katero mu je na koncu uspelo odpreti nekdaj najbolj znano diskoteko v Sloveniji, diskoteko Afrika v Trebnjem.\u00a0<\/p>\n<p>&#8220;\u010ce ima \u010dlovek sanje, voljo in tudi malo travme, lahko dose\u017ee karkoli. Jaz sem imel v \u017eepu samo 2.000 evrov in sem sanjal o projektu, za katerega sem potreboval vsaj 2 milijona evrov. Ta projekt je bila izgradnja mega diskoteke. Ker je bila \u017eelja, volja in tudi travma dovolj velika, sem v relativno kratkem \u010dasu iz ni\u010d postavil diskoteko, ki jo je poznala cela Slovenija. Moja velika travma je bila ta, da me kot mladega fanta ni marala nobena punca. Ravno zato sem se odlo\u010dil, da naredim mega diskoteko, da bom &#8216;frajer&#8217;\u00a0pred puncami. Poslu\u0161aj to mojo neverjetno zgodbo, ki bo zagotovo tudi tebi dala motivacijo tako na poslovnem kot na osebnem podro\u010dju,&#8221; je povedal Toma\u017e.<\/p>\n<p>Kako mu je uspelo odpreti diskoteko in osvojiti \u0161tevilna dekleta, si poglejte v spodnjem posnetku. O njegovih\u00a0vro\u010dih prigodah z dekleti, pa si lahko preberete <a href=\"https:\/\/www.zurnal24.si\/magazin\/vip\/znani-slovenec-ki-pri-55-zivi-s-starsi-veckrat-seksal-v-avtu-kot-doma-453714\" rel=\"nofollow noopener\" target=\"_blank\">TUKAJ<\/a>.\u00a0<\/p>\n<p>Toma\u017e je imel z odprtjem diskoteke pozornosti deklet v izobilju, a je z njo pri\u0161lo tudi kup drugih te\u017eav, na katere ni ra\u010dunal. Te\u017eave s policijo, pijanimi gosti, \u0161tevilnimi krediti\u00a0&#8230;\u00a0<\/p>\n","protected":false},"excerpt":{"rendered":"V \u017eelji, da bi kon\u010dno privabil zanimanje deklet, je odprl legendarno diskoteko, v kateri se je zabavala cela&hellip;\n","protected":false},"author":2,"featured_media":77898,"comment_status":"","ping_status":"","sticky":false,"template":"","format":"standard","meta":{"footnotes":"","_share_on_mastodon":"0"},"categories":[18],"tags":[24136,114,1047,62,37,58,60,38,24135,115],"class_list":["post-77897","post","type-post","status-publish","format-standard","has-post-thumbnail","category-zabava","tag-diskoteka","tag-entertainment","tag-ljubezen","tag-si","tag-slovene","tag-slovenia","tag-slovenija","tag-slovenscina","tag-tomaz-gorec","tag-zabava"],"share_on_mastodon":{"url":"https:\/\/pubeurope.com\/@si\/116509201258279779","error":""},"_links":{"self":[{"href":"https:\/\/www.europesays.com\/si\/wp-json\/wp\/v2\/posts\/77897","targetHints":{"allow":["GET"]}}],"collection":[{"href":"https:\/\/www.europesays.com\/si\/wp-json\/wp\/v2\/posts"}],"about":[{"href":"https:\/\/www.europesays.com\/si\/wp-json\/wp\/v2\/types\/post"}],"author":[{"embeddable":true,"href":"https:\/\/www.europesays.com\/si\/wp-json\/wp\/v2\/users\/2"}],"replies":[{"embeddable":true,"href":"https:\/\/www.europesays.com\/si\/wp-json\/wp\/v2\/comments?post=77897"}],"version-history":[{"count":0,"href":"https:\/\/www.europesays.com\/si\/wp-json\/wp\/v2\/posts\/77897\/revisions"}],"wp:featuredmedia":[{"embeddable":true,"href":"https:\/\/www.europesays.com\/si\/wp-json\/wp\/v2\/media\/77898"}],"wp:attachment":[{"href":"https:\/\/www.europesays.com\/si\/wp-json\/wp\/v2\/media?parent=77897"}],"wp:term":[{"taxonomy":"category","embeddable":true,"href":"https:\/\/www.europesays.com\/si\/wp-json\/wp\/v2\/categories?post=77897"},{"taxonomy":"post_tag","embeddable":true,"href":"https:\/\/www.europesays.com\/si\/wp-json\/wp\/v2\/tags?post=77897"}],"curies":[{"name":"wp","href":"https:\/\/api.w.org\/{rel}","templated":true}]}}