{"id":79348,"date":"2026-05-04T13:47:08","date_gmt":"2026-05-04T13:47:08","guid":{"rendered":"https:\/\/www.europesays.com\/si\/79348\/"},"modified":"2026-05-04T13:47:08","modified_gmt":"2026-05-04T13:47:08","slug":"umrl-je-muzikolog-in-dirigent-tomaz-faganel","status":"publish","type":"post","link":"https:\/\/www.europesays.com\/si\/79348\/","title":{"rendered":"Umrl je muzikolog in dirigent Toma\u017e Faganel"},"content":{"rendered":"<p>\t\t\t\t\t\t\t\t<a href=\"https:\/\/www.europesays.com\/si\/wp-content\/uploads\/2026\/05\/67040095.jpg\" itemprop=\"contentUrl\" data-size=\"1200x800\" data-large=\"https:\/\/www.europesays.com\/si\/wp-content\/uploads\/2026\/05\/67040095.jpg\"><br \/>\n\t\t\t\t\t\t\t\t\t<img decoding=\"async\" src=\"https:\/\/www.europesays.com\/si\/wp-content\/uploads\/2026\/05\/67040095.jpg\" title=\"Toma\u017e Faganel na koncertu ob 25-letnici Zbora Slovenske filharmonije leta 2016. Foto: TV Slovenija\/zajem zaslona\" alt=\"Toma\u017e Faganel na koncertu ob 25-letnici Zbora Slovenske filharmonije leta 2016. Foto: TV Slovenija\/zajem zaslona\"\/><br \/>\n\t\t\t\t\t\t\t\t<\/a><\/p>\n<p>\t\t\t\t\t\t\t\t\tToma\u017e Faganel na koncertu ob 25-letnici Zbora Slovenske filharmonije leta 2016. Foto: TV Slovenija\/zajem zaslona<\/p>\n<p>Umrl je muzikolog, pedagog in dirigent Toma\u017e Faganel, dolgoletni zborovodja in ena izmed najpomembnej\u0161ih osebnosti slovenskega zborovstva. V svoji karieri je sodeloval z ve\u010d zbori, med drugim z zborom Slovenske filharmonije, APZ-jem France Pre\u0161eren Kranj, APZ-jem sv. Cecilije, Ljubljanskim oktetom, Komornim orkestrom Slovenicum, Komornim zborom RTV Slovenija, zborom Vox medicorum, zborom sv. Antona Padovanskega in nem\u0161ko vokalno skupino Singer Pur. Bil je dolgoletni sodelavec Muzikolo\u0161kega in\u0161tituta, kjer je raziskoval predvsem starej\u0161o slovensko glasbo.<\/p>\n<p>\t\t\t\t\t\t\t\t\t<a href=\"https:\/\/www.rtvslo.si\/n\/734209\" class=\"image-link image-heading image-container container-16-9\" data-large=\"https:\/\/img.rtvcdn.si\/_up\/upload\/2025\/01\/22\/66386061.jpg\" rel=\"nofollow noopener\" target=\"_blank\"><br \/>\n\t\t\t\t\t\t\t\t\t\t<img decoding=\"async\" src=\"https:\/\/www.europesays.com\/si\/wp-content\/uploads\/2026\/05\/66386061_thumb.jpg\" class=\"image-preview\"\/><br \/>\n\t\t\t\t\t\t\t\t\t<\/a><\/p>\n<p>\t\t\t\t\t\t\t\t\t\tSorodna novica<br \/>\n\t\t\t\t\t\t\t\t\t\t<a href=\"https:\/\/www.rtvslo.si\/n\/734209\" rel=\"nofollow noopener\" target=\"_blank\">Toma\u017e Faganel za \u017eivljenjsko delo v slovenskem zborovstvu prejel zlato plaketo JSKD-ja<\/a><\/p>\n<p>Toma\u017e Faganel je orgle, solopetje, violino in muzikologijo \u0161tudiral v Ljubljani, dirigiranje pa v Gradcu ter se izpopolnjeval prete\u017eno v Avstriji. \u017de med \u0161tudijem muzikologije je prilo\u017enostno vodil ve\u010d zborov, ve\u010d sezon APZ sv. Cecilije, tri leta pa tudi Ljubljanski oktet. Nato je 15 sezon vodil APZ France Pre\u0161eren Kranj. Z njim je gostoval po Sloveniji in Evropi ter ob zborovski klasiki izvajal novo slovensko in pri nas \u0161e neizvajano evropsko glasbo. Tekmoval je, snemal in sodeloval s Komornim orkestrom Slovenicum pri izvedbi baro\u010dnih in klasicisti\u010dnih partitur, prav tako tudi s Slovensko filharmonijo. Z zborom Slovenicum\/Chorus N&#8217;omen je nastopal z a cappella in vokalno-instrumentalnimi sporedi. Sedem sezon je vodil zbor Vox medicorum in 16 let Me\u0161ani zbor sv. Antona Padovanskega v \u017eupniji Ljubljana Vi\u010d.<\/p>\n<p>Projektno je sodeloval s Komornim zborom RTV Slovenija in dirigiral Zboru Slovenske filharmonije. Ve\u010d mandatov je deloval v odborih evropskega zborovskega zdru\u017eenja Europa Cantat in Mednarodnega zborovskega zdru\u017eenja IFCM. Od leta 1986 do 2008 je bil sodelavec Muzikolo\u0161kega in\u0161tituta ZRC SAZU, kjer je raziskoval predvsem starej\u0161o slovensko glasbo in urejal kriti\u010dne izdaje slovenske glasbene dedi\u0161\u010dine. Bil je \u010dlan \u017eirij, posve\u010dal se je uredni\u0161kemu delu (od leta 2003 je urejal glasbeno revijo Cerkvenik glasbenik in revijo Na\u0161i zbori) ter mentorskemu delu z zbori in dirigenti. <\/p>\n<p>Predaval je na Oddelku za muzikologijo Filozofske fakultete Univerze v Ljubljani. Leta 2024 je prejel Mantuanijevo nagrado, najvi\u0161je priznanje Slovenskega muzikolo\u0161kega dru\u0161tva, in lani zlato plaketo Javnega sklada RS za kulturne dejavnosti (JSKD) za \u017eivljenjsko delo. V utemeljitvi nagrade so ob tem zapisali, da je Faganel &#8220;ena izmed najpomembnej\u0161ih osebnosti slovenskega zborovstva&#8221;. &#8220;Njegovi dose\u017eki, obse\u017eno uredni\u0161ko, raziskovalno in mentorsko delo ter mednarodno povezovanje, ki je pomembno vplivalo na razvoj kakovostnega zborovstva v Sloveniji, predstavljajo izjemen prispevek k tej dejavnosti,&#8221; so \u0161e zapisali. <\/p>\n<p>\t\t\t\tAktivni seniorji: Toma\u017e Faganel<\/p>\n<p>\t\t\t\tZbor Slovenske filharmonije, posnetek koncerta<\/p>\n<p>\t\t\t\t\t\t\t\t\tToma\u017e Faganel: &#8220;Imel sem privilegij, da sem bil vse \u017eivljenje obkro\u017een z zelo zanimivimi ljudmi.&#8221;<\/p>\n<p>\t\t\t\t\t\t\t\t\tToma\u017e Faganel z zlato plaketo za \u017eivljenjsko delo<\/p>\n<p>Oglas<\/p>\n","protected":false},"excerpt":{"rendered":"Toma\u017e Faganel na koncertu ob 25-letnici Zbora Slovenske filharmonije leta 2016. Foto: TV Slovenija\/zajem zaslona Umrl je muzikolog,&hellip;\n","protected":false},"author":2,"featured_media":79349,"comment_status":"","ping_status":"","sticky":false,"template":"","format":"standard","meta":{"footnotes":"","_share_on_mastodon":"0"},"categories":[18],"tags":[114,20482,24422,62,37,58,60,38,24421,115,21008],"class_list":["post-79348","post","type-post","status-publish","format-standard","has-post-thumbnail","category-zabava","tag-entertainment","tag-jskd","tag-muzikolosko-drustvo","tag-si","tag-slovene","tag-slovenia","tag-slovenija","tag-slovenscina","tag-tomaz-faganel","tag-zabava","tag-zborovska-glasba"],"share_on_mastodon":{"url":"https:\/\/pubeurope.com\/@si\/116516621301996560","error":""},"_links":{"self":[{"href":"https:\/\/www.europesays.com\/si\/wp-json\/wp\/v2\/posts\/79348","targetHints":{"allow":["GET"]}}],"collection":[{"href":"https:\/\/www.europesays.com\/si\/wp-json\/wp\/v2\/posts"}],"about":[{"href":"https:\/\/www.europesays.com\/si\/wp-json\/wp\/v2\/types\/post"}],"author":[{"embeddable":true,"href":"https:\/\/www.europesays.com\/si\/wp-json\/wp\/v2\/users\/2"}],"replies":[{"embeddable":true,"href":"https:\/\/www.europesays.com\/si\/wp-json\/wp\/v2\/comments?post=79348"}],"version-history":[{"count":0,"href":"https:\/\/www.europesays.com\/si\/wp-json\/wp\/v2\/posts\/79348\/revisions"}],"wp:featuredmedia":[{"embeddable":true,"href":"https:\/\/www.europesays.com\/si\/wp-json\/wp\/v2\/media\/79349"}],"wp:attachment":[{"href":"https:\/\/www.europesays.com\/si\/wp-json\/wp\/v2\/media?parent=79348"}],"wp:term":[{"taxonomy":"category","embeddable":true,"href":"https:\/\/www.europesays.com\/si\/wp-json\/wp\/v2\/categories?post=79348"},{"taxonomy":"post_tag","embeddable":true,"href":"https:\/\/www.europesays.com\/si\/wp-json\/wp\/v2\/tags?post=79348"}],"curies":[{"name":"wp","href":"https:\/\/api.w.org\/{rel}","templated":true}]}}