{"id":81519,"date":"2026-05-06T11:30:07","date_gmt":"2026-05-06T11:30:07","guid":{"rendered":"https:\/\/www.europesays.com\/si\/81519\/"},"modified":"2026-05-06T11:30:07","modified_gmt":"2026-05-06T11:30:07","slug":"avstrijci-pred-zacetkom-bienala-razburjeni-njihova-umetnica-pripravlja-sokanten-nastop","status":"publish","type":"post","link":"https:\/\/www.europesays.com\/si\/81519\/","title":{"rendered":"Avstrijci pred za\u010detkom bienala razburjeni: njihova umetnica pripravlja \u0161okanten nastop"},"content":{"rendered":"<p>Pred za\u010detkom bene\u0161kega bienala, na katerem se bo predstavila tudi Slovenija, je veliko pozornosti pritegnila umetnica z Dunaja Florentina Holzinger. Avstrijski portal Heute poro\u010da o nastopu doma\u010de umetnice, ki so si ga lahko ogledali \u0161e pred uradnim odprtjem, ta pa jih je popolnoma \u0161okiral.<\/p>\n<p>S posnetka, ki so ga objavili, je razvidno, da bo\u00a0umetnica svoj nastop izvedla popolnoma gola. &#8220;Priljubljena umetnica se je slekla: gola se vozi z vodnim skuterjem, narobe obrnjena visi iz velikega zvonca in sedi na vrte\u010di se vodni instalaciji,&#8221; so opisali nastop Dunaj\u010danke, ki bo dr\u017eavo predstavljala v Benetkah.<\/p>\n<p>Kot poro\u010dajo, naj bi se v sklopu predstave potapljala tudi v urinu obiskovalcev, ki naj bi ga sicer filtrirali. Njen\u00a0umetni\u0161ki nastop tako \u0161e pred uradnim odprtjem med Avstrijci povzro\u010da veliko razburjenja.<\/p>\n<p>Poglejte:<\/p>\n<p>Odstopila mednarodna \u017eirija<\/p>\n<p>Bene\u0161ki bienale, na katerem je ob osrednji razstavi z naslovom In Minor Keys (V molovskih tonskih na\u010dinih) napovednih sto nacionalnih predstavitev in 31 spremljevalnih dogodkov, se za\u010denja 9. maja. Danes popoldne bodo v prostoru\u00a0Arzenala odprli tudi slovenski nacionalni paviljon, slavnostna govornica na odprtju pa bo ministrica za kulturo, ki opravlja teko\u010de posle, Asta Vre\u010dko.\u00a0Slovenija se na 61. umetnostnem\u00a0bienalu\u00a0predstavlja s projektom Zvo\u010dna sled nevidne hi\u0161e skupine Nonument Group, navaja STA.<\/p>\n<p>Organizatorji so sporo\u010dili, da na bienalu ne bo sodeloval Iran, \u017ee tedne pa je predmet razprave tudi sodelovanje Rusije. Tej so namre\u010d dovolili sodelovati, zaradi odlo\u010ditve organizatorjev pa je konec aprila odstopila mednarodna \u017eirija.\u00a0Sredi marca je skoraj 200 udele\u017eencev\u00a0bienala\u00a0z odprtim pismom izrazilo nasprotovanje sodelovanju Izraela.<\/p>\n<p>Organizatorji so se v lu\u010di odstopa \u017eirije in trenutnih mednarodnih geopoliti\u010dnih razmer odlo\u010dili odpovedati tradicionalno slovesnost s podelitvijo nagrad ob za\u010detku\u00a0bienala. Podelitev nagrad bo tako 22. novembra ob zaklju\u010dku\u00a0bienala, ko bodo podelili zlata leva za najbolj\u0161ega udele\u017eenca leto\u0161nje razstave in za najbolj\u0161i nacionalni paviljon po izboru ob\u010dinstva.<\/p>\n<p>Preberite \u0161e:<\/p>\n","protected":false},"excerpt":{"rendered":"Pred za\u010detkom bene\u0161kega bienala, na katerem se bo predstavila tudi Slovenija, je veliko pozornosti pritegnila umetnica z Dunaja&hellip;\n","protected":false},"author":2,"featured_media":81520,"comment_status":"","ping_status":"","sticky":false,"template":"","format":"standard","meta":{"footnotes":"","_share_on_mastodon":"0"},"categories":[18],"tags":[360,1065,20600,114,9024,748,62,37,58,60,38,24953,115],"class_list":["post-81519","post","type-post","status-publish","format-standard","has-post-thumbnail","category-zabava","tag-avstrija","tag-beneski-bienale","tag-benetke","tag-entertainment","tag-nastop","tag-potovanje","tag-si","tag-slovene","tag-slovenia","tag-slovenija","tag-slovenscina","tag-umetnica","tag-zabava"],"share_on_mastodon":{"url":"https:\/\/pubeurope.com\/@si\/116527407294434941","error":""},"_links":{"self":[{"href":"https:\/\/www.europesays.com\/si\/wp-json\/wp\/v2\/posts\/81519","targetHints":{"allow":["GET"]}}],"collection":[{"href":"https:\/\/www.europesays.com\/si\/wp-json\/wp\/v2\/posts"}],"about":[{"href":"https:\/\/www.europesays.com\/si\/wp-json\/wp\/v2\/types\/post"}],"author":[{"embeddable":true,"href":"https:\/\/www.europesays.com\/si\/wp-json\/wp\/v2\/users\/2"}],"replies":[{"embeddable":true,"href":"https:\/\/www.europesays.com\/si\/wp-json\/wp\/v2\/comments?post=81519"}],"version-history":[{"count":0,"href":"https:\/\/www.europesays.com\/si\/wp-json\/wp\/v2\/posts\/81519\/revisions"}],"wp:featuredmedia":[{"embeddable":true,"href":"https:\/\/www.europesays.com\/si\/wp-json\/wp\/v2\/media\/81520"}],"wp:attachment":[{"href":"https:\/\/www.europesays.com\/si\/wp-json\/wp\/v2\/media?parent=81519"}],"wp:term":[{"taxonomy":"category","embeddable":true,"href":"https:\/\/www.europesays.com\/si\/wp-json\/wp\/v2\/categories?post=81519"},{"taxonomy":"post_tag","embeddable":true,"href":"https:\/\/www.europesays.com\/si\/wp-json\/wp\/v2\/tags?post=81519"}],"curies":[{"name":"wp","href":"https:\/\/api.w.org\/{rel}","templated":true}]}}