{"id":81803,"date":"2026-05-06T16:25:10","date_gmt":"2026-05-06T16:25:10","guid":{"rendered":"https:\/\/www.europesays.com\/si\/81803\/"},"modified":"2026-05-06T16:25:10","modified_gmt":"2026-05-06T16:25:10","slug":"madzarska-je-ukrajini-vrnila-gotovino-in-zlato-ki-ju-je-budimpesta-marca-zasegla","status":"publish","type":"post","link":"https:\/\/www.europesays.com\/si\/81803\/","title":{"rendered":"Mad\u017earska je Ukrajini vrnila gotovino in zlato, ki ju je Budimpe\u0161ta marca zasegla"},"content":{"rendered":"<p>\t\t\t\t\t\t\t\t<a href=\"https:\/\/www.europesays.com\/si\/wp-content\/uploads\/2026\/05\/67026037.jpg\" itemprop=\"contentUrl\" data-size=\"1200x800\" data-large=\"https:\/\/www.europesays.com\/si\/wp-content\/uploads\/2026\/05\/67026037.jpg\"><br \/>\n\t\t\t\t\t\t\t\t\t<img decoding=\"async\" src=\"https:\/\/www.europesays.com\/si\/wp-content\/uploads\/2026\/05\/67026037.jpg\" title=\"Denar in zlato, ki ga je ukrajinskim ban\u010dnim uslu\u017ebencem zasegla Mad\u017earska. Foto: EPA\" alt=\"Denar in zlato, ki ga je ukrajinskim ban\u010dnim uslu\u017ebencem zasegla Mad\u017earska. Foto: EPA\"\/><br \/>\n\t\t\t\t\t\t\t\t<\/a><\/p>\n<p>\t\t\t\t\t\t\t\t\tDenar in zlato, ki ga je ukrajinskim ban\u010dnim uslu\u017ebencem zasegla Mad\u017earska. Foto: EPA<\/p>\n<p>&#8220;Pomemben korak v odnosih z Mad\u017earsko. Danes so bila vrnjena sredstva in dragocenosti banke Oschadbank, ki jih je marca zasegla Mad\u017earska. Hvale\u017een sem za njen konstruktivni pristop in civilizirano ravnanje,&#8221; je Zelenski po poro\u010danju francoske tiskovne agencije AFP zapisal na dru\u017ebenih omre\u017ejih.<\/p>\n<p>Oglas<\/p>\n<p>Mad\u017earske oblasti so marca pridr\u017eale sedem ukrajinskih ban\u010dnih uslu\u017ebencev, ki so z dvema avtomobiloma iz Avstrije proti Ukrajini preva\u017eali 40 milijonov dolarjev, 35 milijonov evrov in devet kilogramov zlata. Gotovino in zlate palice so zasegli, ban\u010dne uslu\u017ebence pa naslednji dan izpustili.<\/p>\n<p>Kijev je takrat trdil, da je banka izvajala rutinski prevoz v skladu z vsemi ustreznimi zakoni, medtem ko je Mad\u017earska sporo\u010dila, da so bili uslu\u017ebenci aretirani v okviru preiskave pranja denarja.<\/p>\n<p>To je nov napredek v odnosih med Kijevom in Budimpe\u0161to po porazu dosedanjega premierja Viktorja Orbana, ki je bi naklonjen Kremlju, na aprilskih parlamentarnih volitvah. Zmagovalec volitev Peter Magyar je \u017ee napovedal sre\u010danje z Zelenskim.<\/p>\n<p>Oglas<\/p>\n","protected":false},"excerpt":{"rendered":"Denar in zlato, ki ga je ukrajinskim ban\u010dnim uslu\u017ebencem zasegla Mad\u017earska. Foto: EPA &#8220;Pomemben korak v odnosih z&hellip;\n","protected":false},"author":2,"featured_media":22140,"comment_status":"","ping_status":"","sticky":false,"template":"","format":"standard","meta":{"footnotes":"","_share_on_mastodon":"0"},"categories":[3],"tags":[65,66,5018,74,37,38,71,5521],"class_list":["post-81803","post","type-post","status-publish","format-standard","has-post-thumbnail","category-evropa","tag-europe","tag-evropa","tag-gotovina","tag-madzarska","tag-slovene","tag-slovenscina","tag-ukrajina","tag-zlato"],"share_on_mastodon":{"url":"https:\/\/pubeurope.com\/@si\/116528567220861414","error":""},"_links":{"self":[{"href":"https:\/\/www.europesays.com\/si\/wp-json\/wp\/v2\/posts\/81803","targetHints":{"allow":["GET"]}}],"collection":[{"href":"https:\/\/www.europesays.com\/si\/wp-json\/wp\/v2\/posts"}],"about":[{"href":"https:\/\/www.europesays.com\/si\/wp-json\/wp\/v2\/types\/post"}],"author":[{"embeddable":true,"href":"https:\/\/www.europesays.com\/si\/wp-json\/wp\/v2\/users\/2"}],"replies":[{"embeddable":true,"href":"https:\/\/www.europesays.com\/si\/wp-json\/wp\/v2\/comments?post=81803"}],"version-history":[{"count":0,"href":"https:\/\/www.europesays.com\/si\/wp-json\/wp\/v2\/posts\/81803\/revisions"}],"wp:featuredmedia":[{"embeddable":true,"href":"https:\/\/www.europesays.com\/si\/wp-json\/wp\/v2\/media\/22140"}],"wp:attachment":[{"href":"https:\/\/www.europesays.com\/si\/wp-json\/wp\/v2\/media?parent=81803"}],"wp:term":[{"taxonomy":"category","embeddable":true,"href":"https:\/\/www.europesays.com\/si\/wp-json\/wp\/v2\/categories?post=81803"},{"taxonomy":"post_tag","embeddable":true,"href":"https:\/\/www.europesays.com\/si\/wp-json\/wp\/v2\/tags?post=81803"}],"curies":[{"name":"wp","href":"https:\/\/api.w.org\/{rel}","templated":true}]}}