{"id":85605,"date":"2026-05-10T04:22:07","date_gmt":"2026-05-10T04:22:07","guid":{"rendered":"https:\/\/www.europesays.com\/si\/85605\/"},"modified":"2026-05-10T04:22:07","modified_gmt":"2026-05-10T04:22:07","slug":"carmen-osovnikar-kmetija-pristala-v-bolnisnici","status":"publish","type":"post","link":"https:\/\/www.europesays.com\/si\/85605\/","title":{"rendered":"Carmen Osovnikar (Kmetija) pristala v bolni\u0161nici"},"content":{"rendered":"<p>        Carmen Osovnikar, ki jo gledalci poznajo iz resni\u010dnostnih \u0161ovov Sanjski mo\u0161ki in Kmetija, je objavila skrb vzbujajo\u010do vest iz bolni\u0161nice.<\/p>\n<p>Carmen Osovnikar je \u0161ir\u0161a javnost spoznala v \u0161ovu Sanjski mo\u0161ki, letos pa se je ponovno zna\u0161la pred<a href=\"https:\/\/www.tocnoto.si\/carmen-osovnikar-po-zaljivkah-v-kmetiji-razkrila-del-pogodbe\/\" rel=\"nofollow noopener\" target=\"_blank\"> televizijskimi kamerami v Kmetiji<\/a>. Tam je mnoge presenetila, saj je pokazala, da se zna brez te\u017eav lotiti tudi fizi\u010dnega dela in kme\u010dkih opravil.<\/p>\n<p>Tokrat pa je s sledilci delila precej manj prijetno novico. Na dru\u017ebenih omre\u017ejih je namre\u010d objavila, da je pristala v bolni\u0161nici. Podrobnosti sicer ni razkrivala, je pa \u017ee pred \u010dasom iskreno spregovorila o svojih <a href=\"https:\/\/www.tocnoto.si\/carmen-osovnikar-kmetija-ima-spet-tezave-z-zdravjem-tole-je-povedala\/\" rel=\"nofollow noopener\" target=\"_blank\">te\u017eavah s srcem<\/a>, zaradi katerih je bila ve\u010dkrat zaskrbljena.<\/p>\n<p>Njena objava je med sledilci hitro spro\u017eila \u0161tevilne odzive in skrb, a jih je Carmen kmalu pomirila. Kasneje se je namre\u010d ponovno javila in sporo\u010dila, da se po\u010duti bolje.<\/p>\n<p><img fetchpriority=\"high\" decoding=\"async\" class=\"size-full wp-image-453345\" src=\"https:\/\/www.europesays.com\/si\/wp-content\/uploads\/2026\/05\/carmen_osovnikar7_689103938_18579956752035039_7701377632881238313_n.jpg\" alt=\"carmen_osovnika\" width=\"1069\" height=\"1900\"  \/>Carmen je pristala v bolni\u0161nici. Vir: Instagram<\/p>\n<p>\u017delimo ji \u010dimhitrej\u0161e okrevanje in vse dobro!<\/p>\n<p><a href=\"https:\/\/www.tocnoto.si\/helena-blagne-ujeta-v-druzbi-slovenskega-bogatasa\/\" rel=\"nofollow noopener\" target=\"_blank\">Helena Blagne ujeta v dru\u017ebi slovenskega bogata\u0161a<\/a><\/p>\n<p><a href=\"https:\/\/www.tocnoto.si\/druzinska-prijateljica-izdala-alena-kobilico-in-njegove-navade-povezane-z-alkoholom\/\" rel=\"nofollow noopener\" target=\"_blank\">Dru\u017einska prijateljica izdala Alena Kobilico in njegove navade, povezane z alkoholom<\/a><\/p>\n<p><a href=\"https:\/\/www.tocnoto.si\/jan-plestenjak-sporocil-veselo-novico-kaksno-presenecenje\/\" rel=\"nofollow noopener\" target=\"_blank\">Jan Plestenjak sporo\u010dil veselo novico! Kak\u0161no presene\u010denje<\/a><\/p>\n","protected":false},"excerpt":{"rendered":"Carmen Osovnikar, ki jo gledalci poznajo iz resni\u010dnostnih \u0161ovov Sanjski mo\u0161ki in Kmetija, je objavila skrb vzbujajo\u010do vest&hellip;\n","protected":false},"author":2,"featured_media":85606,"comment_status":"","ping_status":"","sticky":false,"template":"","format":"standard","meta":{"footnotes":"","_share_on_mastodon":"0"},"categories":[18],"tags":[1704,114,62,37,58,60,38,115],"class_list":["post-85605","post","type-post","status-publish","format-standard","has-post-thumbnail","category-zabava","tag-carmen-osovnikar","tag-entertainment","tag-si","tag-slovene","tag-slovenia","tag-slovenija","tag-slovenscina","tag-zabava"],"share_on_mastodon":{"url":"https:\/\/pubeurope.com\/@si\/116548373252956794","error":""},"_links":{"self":[{"href":"https:\/\/www.europesays.com\/si\/wp-json\/wp\/v2\/posts\/85605","targetHints":{"allow":["GET"]}}],"collection":[{"href":"https:\/\/www.europesays.com\/si\/wp-json\/wp\/v2\/posts"}],"about":[{"href":"https:\/\/www.europesays.com\/si\/wp-json\/wp\/v2\/types\/post"}],"author":[{"embeddable":true,"href":"https:\/\/www.europesays.com\/si\/wp-json\/wp\/v2\/users\/2"}],"replies":[{"embeddable":true,"href":"https:\/\/www.europesays.com\/si\/wp-json\/wp\/v2\/comments?post=85605"}],"version-history":[{"count":0,"href":"https:\/\/www.europesays.com\/si\/wp-json\/wp\/v2\/posts\/85605\/revisions"}],"wp:featuredmedia":[{"embeddable":true,"href":"https:\/\/www.europesays.com\/si\/wp-json\/wp\/v2\/media\/85606"}],"wp:attachment":[{"href":"https:\/\/www.europesays.com\/si\/wp-json\/wp\/v2\/media?parent=85605"}],"wp:term":[{"taxonomy":"category","embeddable":true,"href":"https:\/\/www.europesays.com\/si\/wp-json\/wp\/v2\/categories?post=85605"},{"taxonomy":"post_tag","embeddable":true,"href":"https:\/\/www.europesays.com\/si\/wp-json\/wp\/v2\/tags?post=85605"}],"curies":[{"name":"wp","href":"https:\/\/api.w.org\/{rel}","templated":true}]}}