{"id":86010,"date":"2026-05-10T13:13:07","date_gmt":"2026-05-10T13:13:07","guid":{"rendered":"https:\/\/www.europesays.com\/si\/86010\/"},"modified":"2026-05-10T13:13:07","modified_gmt":"2026-05-10T13:13:07","slug":"spor-v-skokih-prerasca-v-problem-kaj-bo-z-novoletno-turnejo","status":"publish","type":"post","link":"https:\/\/www.europesays.com\/si\/86010\/","title":{"rendered":"Spor v skokih prera\u0161\u010da v problem, kaj bo z novoletno turnejo?"},"content":{"rendered":"<p>Zaradi spora med Nem\u0161ko smu\u010darsko zvezo (DSV) in organizatorji slovitega prizori\u0161\u010da je ogro\u017eena tradicionalna izvedba novoletne turneje.<\/p>\n<p>Nem\u0161ki mediji poro\u010dajo o negotovi usodi novoletne turneje v sezoni 2026\/2027. Po poro\u010danju Bilda se v zakulisju odvija finan\u010dni spor med Nem\u0161ko smu\u010darsko zvezo (DSV) in organizatorji tekme v Garmisch-Partenkirchnu, enem izmed dveh prizori\u0161\u010d nem\u0161kega dela turneje.\u00a0<\/p>\n<p>Po poro\u010danju nem\u0161kih medijev organizatorji v Ga-Paju\u00a0zahtevajo\u00a030-odstotno pove\u010danje finan\u010dnih sredstev, ki jih prejema od DSV za organizacijo ene najbolj gledanih tekem turneje.<\/p>\n<p>Organizatorji svoje zahteve utemeljujejo z obrazlo\u017eitvijo, da se finan\u010dni pogoji za izvedbo tekmovanja\u00a0niso bistveno spremenili \u017ee dve desetletji, v tem \u010dasu pa so se stro\u0161ki organizacije in pa tudi pri\u010dakovanja javnosti mo\u010dno pove\u010dali.<\/p>\n<p>\u010ce kompromis ne bo dose\u017een, bi to lahko\u00a0krojilo\u00a0prihodnjo podobo tekmovanja. Po neuradnih informacijah sta za zdaj na mizi dve alternativi \u2013 izvedba dodatne tekme v Oberstdorfu ali pa selitev tekme iz Garmisch-Paretnkirchna v Klingenthal.<\/p>\n<p>A druga mo\u017enost\u00a0prina\u0161a ve\u010d preglavic kot koristi. Novoletna turneja\u00a0je namre\u010d za\u0161\u010ditena\u00a0blagovna znamka, ki je \u017ee desetletja nelo\u010dljivo povezana z s tradicionalnimi \u0161tirimi prizori\u0161\u010di.<\/p>\n<p>\u010ce Garmisch-Partenkirchen odpade, bi morali br\u017ekone tekmovanje izpeljati pod drugim imenom, \u010desar si nobena\u00a0stran ne \u017eeli.<\/p>\n<p>Kljub napetim pogajanjem pri DSV ostajajo optimisti\u010dni in verjamejo v nemoteno izvedbo tekmovanja, ki velja za enega izmed vrhuncev skakalke sezone. &#8220;\u0160e vedno je treba razjasniti nekaj pravnih in vsebinskih vpra\u0161anj. Pri\u010dakujemo, da bomo na\u0161li skupno re\u0161itev,&#8221; je za Bild povedal generalni direktor DSV Stefan Schwarzbach.<\/p>\n<p>Bolj zadr\u017ean je bil predsednik smu\u010darskega kluba v Garmischu Michael Maurer:\u00a0&#8220;Razumite, da teko\u010dih pogajanj ne morem komentirati.&#8221;<\/p>\n<p>Otvoritvena tekma novoletne turneje je predvidena 28. decembra 2026.<\/p>\n<p>Najuspe\u0161nej\u0161i smu\u010darski skakalec v zgodovini novoletne turneje je Finec Janne Ahonen s petimi naslovi, s \u0161tirimi mu sledi Nemec Jens Weissflog, po tri pa so osvojili Nemec Helmut Recknagel, Norve\u017ean Bj\u00f8rn Wirkola, Poljak Kamil Stoch in Japonec Ryoyu Kobayashi.<\/p>\n<p>Najve\u010d zmag\u00a0na novoletni turneji je zbral Bj\u00f8rn Wirkola z desetimi, po devet sta jih zabele\u017eila Ahonen in Avstrijec Gregor Schlierenzauer, osem Kobayshi , po sedem pa Stoch in Finec Matti Nyk\u00e4nen. Najbolj\u0161i Slovenec je Peter Prevc s tremi zmagami.<\/p>\n<p><img decoding=\"async\" alt=\"Domen Prevc Peter Prevc | Avtor: Profimedia\" class=\"rwd\" data-href=\"https:\/\/www.zurnal24.si\/media\/img\/17\/78\/3053f5e7f0b4beb67a5e.jpeg\" itemprop=\"image\" src=\"\/media\/img\/f1\/5a\/dd6c5af58c706611bf29.jpeg\"\/><\/p>\n<p>                 Peter in Domen Prevc sta dva od treh slovenskih skakalcev z zlatim orlom. Pred njima je to uspelo samo Primo\u017eu Peterki.<\/p>\n<p>                Profimedia<\/p>\n<p>Trije skakalci so doslej zmagali vse \u0161tiri tekme novoletne turneje v eni sezoni. Prvemu je to uspelo Nemcu Svenu Hannawaldu, kasneje pa \u0161e Stochu in nazadnje Kobayashiju.<\/p>\n<p>Aktualni zmagovalec turneje je Domen Prevc.<\/p>\n<p><a href=\"https:\/\/styria-media.si\/\" rel=\"nofollow noopener\" target=\"_blank\">dezurni@styria-media.si<\/a>\u00a0<\/p>\n","protected":false},"excerpt":{"rendered":"Zaradi spora med Nem\u0161ko smu\u010darsko zvezo (DSV) in organizatorji slovitega prizori\u0161\u010da je ogro\u017eena tradicionalna izvedba novoletne turneje. Nem\u0161ki&hellip;\n","protected":false},"author":2,"featured_media":86011,"comment_status":"","ping_status":"","sticky":false,"template":"","format":"standard","meta":{"footnotes":"","_share_on_mastodon":"0"},"categories":[16],"tags":[535,3965,18575,62,37,58,60,38,533,94,93],"class_list":["post-86010","post","type-post","status-publish","format-standard","has-post-thumbnail","category-sport","tag-domen-prevc","tag-garmisch-partenkirchen","tag-novoletna-turneja","tag-si","tag-slovene","tag-slovenia","tag-slovenija","tag-slovenscina","tag-smucarski-skoki","tag-sport","tag-sports"],"share_on_mastodon":{"url":"https:\/\/pubeurope.com\/@si\/116550461243343943","error":""},"_links":{"self":[{"href":"https:\/\/www.europesays.com\/si\/wp-json\/wp\/v2\/posts\/86010","targetHints":{"allow":["GET"]}}],"collection":[{"href":"https:\/\/www.europesays.com\/si\/wp-json\/wp\/v2\/posts"}],"about":[{"href":"https:\/\/www.europesays.com\/si\/wp-json\/wp\/v2\/types\/post"}],"author":[{"embeddable":true,"href":"https:\/\/www.europesays.com\/si\/wp-json\/wp\/v2\/users\/2"}],"replies":[{"embeddable":true,"href":"https:\/\/www.europesays.com\/si\/wp-json\/wp\/v2\/comments?post=86010"}],"version-history":[{"count":0,"href":"https:\/\/www.europesays.com\/si\/wp-json\/wp\/v2\/posts\/86010\/revisions"}],"wp:featuredmedia":[{"embeddable":true,"href":"https:\/\/www.europesays.com\/si\/wp-json\/wp\/v2\/media\/86011"}],"wp:attachment":[{"href":"https:\/\/www.europesays.com\/si\/wp-json\/wp\/v2\/media?parent=86010"}],"wp:term":[{"taxonomy":"category","embeddable":true,"href":"https:\/\/www.europesays.com\/si\/wp-json\/wp\/v2\/categories?post=86010"},{"taxonomy":"post_tag","embeddable":true,"href":"https:\/\/www.europesays.com\/si\/wp-json\/wp\/v2\/tags?post=86010"}],"curies":[{"name":"wp","href":"https:\/\/api.w.org\/{rel}","templated":true}]}}