{"id":86505,"date":"2026-05-11T05:05:07","date_gmt":"2026-05-11T05:05:07","guid":{"rendered":"https:\/\/www.europesays.com\/si\/86505\/"},"modified":"2026-05-11T05:05:07","modified_gmt":"2026-05-11T05:05:07","slug":"vsak-centimeter-bo-stel-fis-zapira-sive-cone-pri-skakalni-opremi","status":"publish","type":"post","link":"https:\/\/www.europesays.com\/si\/86505\/","title":{"rendered":"Vsak centimeter bo \u0161tel: FIS zapira sive cone pri skakalni opremi"},"content":{"rendered":"<p>Vodilni\u00a0v smu\u010darskih skokih \u017eelijo smu\u010darskim skakalcem in skakalkam omogo\u010diti \u010dim manj mo\u017enosti za manipulacije z opremo, zato so se odlo\u010dili za nekatere spremembe, ki bodo veljale v novi sezoni. Pri FIS\u00a0\u017eelijo zapreti ve\u010d sivih con, ki so jih reprezentance iskale pri dresih in drugih materialih, povezanih s smu\u010darskimi skoki.<\/p>\n<p>Vodja panoge za smu\u010darske skoke in nordijsko kombinacijo pri Smu\u010darski zvezi Slovenije Gorazd Pogorel\u010dnik je pojasnil, da se novi boj pri opremi vse bolj seli v podrobnosti:\u00a0&#8220;Vsak dodaten kvadratni centimeter, \u010de je prav postavljen, lahko pripomore k minimalni dol\u017eini skoka.&#8221;<\/p>\n<p>Rokavice brez pa\u0161\u010dkov<\/p>\n<p>Ena od bolj konkretnih sprememb zadeva rokavice. Te bodo morale biti po novem bolj prilagojene roki, brez dodatnih pa\u0161\u010dkov okrog zapestja.<\/p>\n<p>Na prvi pogled gre za malenkost, a prav pri tak\u0161nih podrobnostih so ekipe v preteklosti iskale dodatne rezerve. Pa\u0161\u010dki so postajali vse izrazitej\u0161i, skakalci pa so lahko prek njih potegnili dres in s tem pridobili dodatno povr\u0161ino.<\/p>\n<p><img decoding=\"async\" alt=\"Skakalne rokavice bodo morale biti po novem povsem oprijete.&#10; | Foto: SZS\" class=\"article_content__inline_image js_imageLightbox is-clickable\" data-author=\"SZS\" data-caption=\"Skakalne rokavice bodo morale biti po novem povsem oprijete.&#10;\" data-height=\"801\" data-href=\"https:\/\/siol.net\/media\/img\/72\/7a\/cf8e34217d3ba9637a5f-rokavice-pravila-smucarski-skoki.png\" data-width=\"1422\" loading=\"lazy\" src=\"\/media\/img\/1b\/7f\/66e22a7929c4a9bdf43c-rokavice-pravila-smucarski-skoki.png\" title=\"rokavice pravila smu\u010darski skoki\"\/><\/p>\n<p> Skakalne rokavice bodo morale biti po novem povsem oprijete.<\/p>\n<p> Foto: SZS <\/p>\n<p>Po novi ureditvi bodo rokavice bolj oprijete in prilagojene velikosti roke. &#8220;Pred dnevi sem bil na enem pogovoru s profesorjem na strojni fakulteti, kjer je natan\u010dno definiral, kaj pomeni recimo neka dodatna povr\u0161ina, seveda v pravilni formi, kako vpliva na dol\u017eino skoka. Vsak dodaten kvadratni centimeter, jasno, \u010de je prav postavljen, lahko pripomore k neki minimalni dol\u017eini skoka. Ampak ta minimalna dol\u017eina skoka na tem nivoju, ki se\u00a0ga mi gremo na top ravni, lahko pomeni potem razliko med tisto\u00a0vrhunsko\u00a0uvrstitvijo ali zelo povpre\u010dno,&#8221; je razlo\u017eil Pogorel\u010dnik.<\/p>\n<p>&#8220;Sodelovali bomo z na\u0161imi strokovnjaki \u0161e naprej in iskali mogo\u010de te dodatne povr\u0161ine znotraj pravil,&#8221; je \u0161e dodal.<\/p>\n<p>Manipulirali so z obsegom rokava<\/p>\n<p>Pomembna novost se navezuje tudi na iskanje dodatne povr\u0161ine pri dresu. Do zdaj so pravila dolo\u010dala, da imajo lahko skakalci in skakalke pri zapestju obseg rokava najve\u010d \u0161tiri centimetre. V praksi so lahko imeli tudi ni\u010d ali celo manj, nato pa so si rokave vlekli navzdol in pri pazduhi pridobili dodatno povr\u0161ino.<\/p>\n<p>Po novem bo moral biti obseg pri zapestju znotraj razpona od dveh do \u0161tirih centimetrov. S tem \u017eeli FIS prepre\u010diti prav ta u\u010dinek, pri katerem se je z navidez majhnim premikom dresa ustvarjal dodaten prostor tam, kjer je aerodinami\u010dno najpomembnej\u0161i.<\/p>\n<p>Skakalke po novem v mo\u0161ki kroj dresa<\/p>\n<p>Ena ve\u010djih sprememb zadeva \u017eenske drese. Skakalke bodo po novem uporabljale enak kroj kot skakalci. Do zdaj so imele skakalke druga\u010den kroj, po novem pa se bo ta del opreme poenotil z mo\u0161kim.<\/p>\n<p>Po prvih informacijah naj bi bil mo\u0161ki kroj aerodinami\u010dno ugodnej\u0161i, zato bo zanimivo videti, kako hitro se bodo reprezentance prilagodile in kak\u0161ne razlike bo sprememba prinesla na skakalnici.<\/p>\n<p><img decoding=\"async\" alt=\"Nova pravila pri skakalnih dresih. | Foto: SZS\" class=\"article_content__inline_image js_imageLightbox is-clickable\" data-author=\"SZS\" data-caption=\"Nova pravila pri skakalnih dresih.\" data-height=\"776\" data-href=\"https:\/\/siol.net\/media\/img\/1f\/10\/19f503d8f58f7899fe52-skakalni-dres-pravila.png\" data-width=\"1426\" loading=\"lazy\" src=\"\/media\/img\/0d\/d5\/f3084dc5e9dda45a15d4-skakalni-dres-pravila.png\" title=\"skakalni dres pravila\"\/><\/p>\n<p> Nova pravila pri skakalnih dresih.<br \/>\n Foto: SZS <\/p>\n<p>Za ekipe to pomeni novo fazo testiranja. Pri dresih namre\u010d ni pomembno le, da ustrezajo pravilom, ampak tudi, kako se prilegajo posameznemu tekmovalcu oziroma tekmovalki, kako se obna\u0161ajo v letu in kako dobro so usklajeni s tehniko skoka.<\/p>\n<p>&#8220;Mi jih \u0161e nismo testirali. Naredili smo nove kroje, naredili smo drese za vse reprezentantke, tako da jih bodo takoj, ko gredo na skakalnico, za\u010dele tudi preizku\u0161ati in testirati,&#8221; pravi Pogorel\u010dnik.<\/p>\n<p>Ta sprememba bo zadevala tudi najbolj\u0161o slovensko skakalko Niko Prevc, ki bo morala skupaj z reprezentanco poiskati najbolj\u0161o re\u0161itev v novem kroju dresa.<\/p>\n<p>Tudi medicinski pripomo\u010dki pod stro\u017ejim pogledom<\/p>\n<p>FIS bo stro\u017eje obravnaval tudi razli\u010dne medicinske pripomo\u010dke. Ti bodo dovoljeni le ob ustreznih zdravni\u0161kih potrdilih. Tudi tu ne gre zgolj za zdravstveni vidik. Nekateri dodatki lahko vplivajo na obliko telesa, polo\u017eaj opreme ali aerodinamiko, zato \u017eeli FIS natan\u010dneje lo\u010diti med dejansko medicinsko potrebo in re\u0161itvami, ki bi lahko pomenile prikrito prednost.<\/p>\n<p><img decoding=\"async\" alt=\"Skakalni dres smu\u010darski skoki dres | Foto: Guliverimage\" class=\"article_content__inline_image js_imageLightbox is-clickable\" data-author=\"Guliverimage\" data-caption=\"\" data-height=\"3648\" data-href=\"https:\/\/siol.net\/media\/img\/ae\/9a\/6978913475f5d3b46bac-skakalni-dres-smucarski-skoki-dres.jpeg\" data-width=\"5016\" loading=\"lazy\" src=\"\/media\/img\/18\/dd\/5527770a0c28b476d4d1-skakalni-dres-smucarski-skoki-dres.jpeg\" title=\"Skakalni dres smu\u010darski skoki dres\"\/><\/p>\n<p> Foto: Guliverimage <\/p>\n<p>&#8220;\u0160lo je za to, da so nekateri tekmovalci oziroma tekmovalke za\u010deli pod pretvezo medicinskih potreb uporabljati dolo\u010dene pripomo\u010dke, ki so seveda lahko vplivali tudi na aerodinamiko same izvedbe skoka. Tukaj se zdaj pojavlja potreba po jasni regulativi,&#8221; je razlo\u017eil Pogorel\u010dnik.<\/p>\n<p>Kot primer je navedel vlo\u017eke v skakalnih \u010devljih:\u00a0&#8220;Govorilo se je o vlo\u017ekih v skakalnih \u010devljih. V bran so navajali, da naj bi bili vstavljeni zaradi preventive pred padci, ampak je bil v ozadju druga\u010den razlog. Skakalec oziroma skakalka se je s temi dodatki bolje po\u010dutil, postavitev smu\u010di je bila zaradi tega dodatka\u00a0bolj\u0161a in tako naprej. Koliko je bilo takih stvari, ne vem. Bodo pa morali zdaj vsi tekmovalci brez kakr\u0161nega koli dvoma to dokazovati z zdravni\u0161kimi potrdili.&#8221;<\/p>\n<p>Pri BMI za zdaj \u0161e ni novega\u00a0pravila, a tema ostaja odprta<\/p>\n<p>FIS bo v prihodnji sezoni pozorno spremljal tudi razmerje med telesno te\u017eo tekmovalcev in dol\u017eino smu\u010di. To podro\u010dje se v smu\u010darskih skokih \u017ee dolgo povezuje z indeksom telesne mase (BMI), saj pravila dolo\u010dajo, kako dolge smu\u010di lahko uporablja posamezen tekmovalec oziroma tekmovalka glede na te\u017eo. \u010ce je imel skakalec ali skakalka glede na svoj indeks nekoliko ni\u017ejo te\u017eo, je bil oziroma bila posledi\u010dno kaznovan oziroma kaznovana pri dol\u017eini smu\u010di in je moral oziroma morala skakati s kraj\u0161imi.<\/p>\n<p>Zato je med sezono tudi kdaj pri\u0161lo do diskvalifikacij, ker je bil tekmovalec za nekaj gramov prelahek, dol\u017eina smu\u010di pa posledi\u010dno ni ustrezala njegovi te\u017ei.<\/p>\n<p>Ve\u010djih sprememb v novi sezoni \u0161e ne bo. Tabela za BMI je prestavljena v nadaljnjo obravnavo, bo pa FIS v prihodnji zimi\u00a0zbiral podatke o telesnih te\u017eah, dol\u017einah smu\u010di in u\u010dinkih obstoje\u010dih pravil.<\/p>\n<p><img decoding=\"async\" alt=\"Smu\u010darske skakalke na \u010delu s kraljico Niko Prevc bodo morale v novi sezoni skakati s tak\u0161nim krojem dresov, kot ga imajo skakalci. | Foto: Guliverimage\" class=\"article_content__inline_image js_imageLightbox is-clickable\" data-author=\"Guliverimage\" data-caption=\"Smu\u010darske skakalke na \u010delu s kraljico Niko Prevc bodo morale v novi sezoni skakati s tak\u0161nim krojem dresov, kot ga imajo skakalci.\" data-height=\"5760\" data-href=\"https:\/\/siol.net\/media\/img\/ae\/ba\/7504fcd58efcaed71d9f-nika-prevc.jpeg\" data-width=\"8640\" loading=\"lazy\" src=\"\/media\/img\/a0\/3b\/c0a052883e6e68983560-nika-prevc.jpeg\" title=\"Nika Prevc\"\/><\/p>\n<p> Smu\u010darske skakalke na \u010delu s kraljico Niko Prevc bodo morale v novi sezoni skakati s tak\u0161nim krojem dresov, kot ga imajo skakalci.<br \/>\n Foto: Guliverimage <\/p>\n<p>Po besedah Pogorel\u010dnika se razmi\u0161lja o tabeli, po kateri bi bilo kraj\u0161anje smu\u010di od dolo\u010denega indeksa naprej precej bolj restriktivno kot zdaj. To pomeni, da bi imeli tekmovalci pri prenizkem indeksu manj prostora za ohranjanje konkuren\u010dne dol\u017eine smu\u010di.<\/p>\n<p>V slovenski reprezentanci se zavedajo, da bi bile morebitne prihodnje spremembe pomembne tudi za Niko Prevc, ki \u017ee zdaj uporablja kraj\u0161e smu\u010di kot \u0161tevilne tekmice.<\/p>\n<p>Kot poudarjajo pri FIS, je v ozadju predvsem zdravje tekmovalcev in tekmovalk.<\/p>\n<p>Tehtanje bo potekalo druga\u010de<\/p>\n<p>Spremembe se obetajo tudi pri postopku merjenja telesne te\u017ee. Do zdaj je bil postopek zapleten in \u010dasovno potraten, saj so morali tekmovalci odstranjevati opremo, kar je med tekmovanjem jemalo \u010das in zmanj\u0161evalo \u0161tevilo mo\u017enih kontrol.<\/p>\n<p>Po novem se bo telesna te\u017ea merila z opremo, vendar brez smu\u010di. Obvezna bo tudi oznaka dol\u017eine smu\u010di, od sezone 2027\/28 pa naj bi FIS uvedel svojo oznako dol\u017eine smu\u010di.<\/p>\n<p>Homologacija \u010devljev in materialov<\/p>\n<p>Pomembna sprememba se pripravlja tudi pri homologaciji opreme. FIS \u017eeli postopno priti do sistema, v katerem bodo klju\u010dni deli skakalne opreme natan\u010dneje potrjeni oziroma odobreni.<\/p>\n<p>V prihodnji sezoni\u00a0bodo morali biti najprej homologirani \u010devlji in material za drese. Proizvajalci bodo morali dokazati, da oprema ustreza pravilom, morebitne naknadne predelave pa bodo morale ostati znotraj dovoljenega.<\/p>\n<p><img decoding=\"async\" alt=\"Skakalni \u010devlji bodo morali biti homologirani. | Foto: Guliverimage\/Vladimir Fedorenko\" class=\"article_content__inline_image js_imageLightbox is-clickable\" data-author=\"Guliverimage\/Vladimir Fedorenko\" data-caption=\"Skakalni \u010devlji bodo morali biti homologirani.\" data-height=\"1780\" data-href=\"https:\/\/siol.net\/media\/img\/84\/b7\/2a5f21db7bb98758ce9b-cevelj-skoki.jpeg\" data-width=\"2823\" loading=\"lazy\" src=\"\/media\/img\/1d\/4d\/8c43c69092f0821cefc8-cevelj-skoki.jpeg\" title=\"\u010develj skoki\"\/><\/p>\n<p> Skakalni \u010devlji bodo morali biti homologirani.<br \/>\n Foto: Guliverimage\/Vladimir Fedorenko <\/p>\n<p>Prav material dresa ostaja eno najbolj ob\u010dutljivih podro\u010dij. Ni pomembno le, kak\u0161en je ob izdelavi, temve\u010d tudi, kako se obna\u0161a po uporabi, raztezanju in ponovnih meritvah. Prepustnost materiala se lahko spreminja, kar v praksi pomeni, da je lahko dres ob eni meritvi \u0161e znotraj pravil, ob drugi pa \u017ee zunaj dovoljenih meja.<\/p>\n<p>Jasnej\u0161a pravila bodo veljala tudi za modifikacije \u010devljev. Vsako individualno spremembo bo morala odobriti homologacijska komisija.<\/p>\n<p>Manj dresov, manj prostora za manevriranje<\/p>\n<p>Novo obdobje bo prineslo tudi omejitev \u0161tevila dresov. Skakalci in skakalke bodo imeli za poletno in zimsko sezono na voljo najve\u010d \u0161est dresov, nordijski kombinatorci pa \u0161tiri. A pot do optimalnega dresa je precej dalj\u0161a, kot se zdi na prvi pogled.<\/p>\n<p>&#8220;V ozadju je treba narediti veliko, da pride\u0161 do optimalnih dresov. Da se pride do pravega dresa, lahko posameznik porabi tudi od 10 do 15 dresov. Ko imamo pravi kroj, se naredi potem toliko dresov, kolikor jih potrebuje posameznik,&#8221; je pojasnil Pogorel\u010dnik.<\/p>\n<p><img decoding=\"async\" alt=\"Gorazd Pogorel\u010dnik je preu\u010dil vsa nova pravila in jih posredoval odgovornim v skakalnih reprezentancah. | Foto: Grega Valan\u010di\u010d\/Sportida\" class=\"article_content__inline_image js_imageLightbox is-clickable\" data-author=\"Grega Valan\u010di\u010d\/Sportida\" data-caption=\"Gorazd Pogorel\u010dnik je preu\u010dil vsa nova pravila in jih posredoval odgovornim v skakalnih reprezentancah.\" data-height=\"800\" data-href=\"https:\/\/siol.net\/media\/images\/2023-14\/planica-nedelja-gv-0233.jpg\" data-width=\"1200\" loading=\"lazy\" src=\"\/media\/img\/c2\/94\/1fdb876297749f892cf1-gorazd-pogorelcnik.jpeg\" title=\"Gorazd Pogorel\u010dnik\"\/><\/p>\n<p> Gorazd Pogorel\u010dnik je preu\u010dil vsa nova pravila in jih posredoval odgovornim v skakalnih reprezentancah.<br \/>\n Foto: Grega Valan\u010di\u010d\/Sportida <\/p>\n<p>Dodatna sprememba zadeva uporabo dresa na sami tekmi. Ko bo tekmovalec dres uporabil v kvalifikacijah, bo moral z njim nadaljevati do konca tekmovanja. Menjavanje dresov med kvalifikacijami in tekmo tako ne bo ve\u010d mogo\u010de v dosedanji obliki.<\/p>\n<p>Izjema bo, \u010de bodo denimo kvalifikacije v petek, posami\u010dna tekma v nedeljo, vmes pa v soboto \u0161e ekipna preizku\u0161nja. V tem primeru bo lahko tekmovalec v soboto uporabil drug\u00a0dres, v nedeljo pa kvalifikacijskega.<\/p>\n<p>Kartoni se bodo prena\u0161ali v novo sezono<\/p>\n<p>FIS bo zaostril tudi sistem sankcij. Rumeni in rde\u010di kartoni se po novem ne bodo ve\u010d izbrisali ob koncu sezone, temve\u010d se bodo prenesli tudi v naslednjo &#8211; po zadnji so se izbrisali.<\/p>\n<p><img decoding=\"async\" alt=\"Kartoni Sodnik Nogomet | Foto: Guliverimage\/Vladimir Fedorenko\" class=\"article_content__inline_image js_imageLightbox is-clickable\" data-author=\"Guliverimage\/Vladimir Fedorenko\" data-caption=\"\" data-height=\"2700\" data-href=\"https:\/\/siol.net\/media\/img\/f5\/1a\/20898a6890ec81235fd4-kartoni-sodnik-nogomet.jpeg\" data-width=\"3600\" loading=\"lazy\" src=\"\/media\/img\/3f\/80\/8e198473c6685edc7096-kartoni-sodnik-nogomet.jpeg\" title=\"Kartoni Sodnik Nogomet\"\/><\/p>\n<p> Foto: Guliverimage\/Vladimir Fedorenko <\/p>\n<p>Po novem se bodo izbrisali\u00a0\u0161ele, \u010de tekmovalec oziroma tekmovalka v naslednjih 12 mesecih po izdaji kartona ne bo znova kaznovan\/a.<\/p>\n<p>Tudi s tem \u017eeli FIS pove\u010dati odgovornost ekip in tekmovalcev ter zmanj\u0161ati tveganje, da bi se posamezniki pri opremi zavestno gibali na robu dovoljenega.<\/p>\n<p>Meja bo \u0161e tanj\u0161a<\/p>\n<p>Prvi mo\u017e smu\u010darskih skokov Sandro Pertile po lanskoletni aferi z dresi na nordijskem svetovnem prvenstvu v Trondheimu ne \u017eeli ni\u010desar prepustiti naklju\u010dju. Cilj FIS je, da bi bil nadzor nad opremo bolj natan\u010den, pravila pa dovolj jasna, da bi onemogo\u010dala nove prijeme pri manipulaciji s skakalno opremo. Kako bo delovalo, bomo lahko videli v naslednji zimski sezoni, ki se bo za\u010dela novembra.<\/p>\n","protected":false},"excerpt":{"rendered":"Vodilni\u00a0v smu\u010darskih skokih \u017eelijo smu\u010darskim skakalcem in skakalkam omogo\u010diti \u010dim manj mo\u017enosti za manipulacije z opremo, zato so&hellip;\n","protected":false},"author":2,"featured_media":86506,"comment_status":"","ping_status":"","sticky":false,"template":"","format":"standard","meta":{"footnotes":"","_share_on_mastodon":"0"},"categories":[16],"tags":[10351,9923,26152,534,1744,62,26151,5988,37,58,60,38,533,94,93],"class_list":["post-86505","post","type-post","status-publish","format-standard","has-post-thumbnail","category-sport","tag-gorazd-pogorelcnik","tag-manipulacija","tag-nadzor-opreme","tag-nika-prevc","tag-pravila","tag-si","tag-skakalni-cevlji","tag-skakalni-dresi","tag-slovene","tag-slovenia","tag-slovenija","tag-slovenscina","tag-smucarski-skoki","tag-sport","tag-sports"],"share_on_mastodon":{"url":"https:\/\/pubeurope.com\/@si\/116554204766180914","error":""},"_links":{"self":[{"href":"https:\/\/www.europesays.com\/si\/wp-json\/wp\/v2\/posts\/86505","targetHints":{"allow":["GET"]}}],"collection":[{"href":"https:\/\/www.europesays.com\/si\/wp-json\/wp\/v2\/posts"}],"about":[{"href":"https:\/\/www.europesays.com\/si\/wp-json\/wp\/v2\/types\/post"}],"author":[{"embeddable":true,"href":"https:\/\/www.europesays.com\/si\/wp-json\/wp\/v2\/users\/2"}],"replies":[{"embeddable":true,"href":"https:\/\/www.europesays.com\/si\/wp-json\/wp\/v2\/comments?post=86505"}],"version-history":[{"count":0,"href":"https:\/\/www.europesays.com\/si\/wp-json\/wp\/v2\/posts\/86505\/revisions"}],"wp:featuredmedia":[{"embeddable":true,"href":"https:\/\/www.europesays.com\/si\/wp-json\/wp\/v2\/media\/86506"}],"wp:attachment":[{"href":"https:\/\/www.europesays.com\/si\/wp-json\/wp\/v2\/media?parent=86505"}],"wp:term":[{"taxonomy":"category","embeddable":true,"href":"https:\/\/www.europesays.com\/si\/wp-json\/wp\/v2\/categories?post=86505"},{"taxonomy":"post_tag","embeddable":true,"href":"https:\/\/www.europesays.com\/si\/wp-json\/wp\/v2\/tags?post=86505"}],"curies":[{"name":"wp","href":"https:\/\/api.w.org\/{rel}","templated":true}]}}