{"id":86849,"date":"2026-05-11T10:45:08","date_gmt":"2026-05-11T10:45:08","guid":{"rendered":"https:\/\/www.europesays.com\/si\/86849\/"},"modified":"2026-05-11T10:45:08","modified_gmt":"2026-05-11T10:45:08","slug":"pozar-na-grajskem-hribu-lokaliziran-a-gasenje-bo-se-trajalo","status":"publish","type":"post","link":"https:\/\/www.europesays.com\/si\/86849\/","title":{"rendered":"Po\u017ear na Grajskem hribu lokaliziran, a ga\u0161enje bo \u0161e trajalo"},"content":{"rendered":"<p>Okoli 90 gasilcev je \u017ee od jutra na celjskem Grajskem hribu, kjer gasijo precej velik po\u017ear. Sprva sta po besedah poveljnika in direktorja PGE Celje Borisa \u017dnidarka na teren odhiteli dve enoti, poklicna in ena prostovoljna, kmalu pa se je izkazalo, da se po\u017ear zaradi suhosti terena, nagiba in vetra intenzivno \u0161iri. \u00bbDodatno smo aktivirali celo Gasilsko zvezo Celje. Osem prostovoljnih enot je pri\u0161lo na lokacijo pomagat, skupaj s poklicno, tri pa so v mati\u010dnih enotah v pripravljenosti,\u00ab je povedal \u017dnidarko.<\/p>\n<p><img decoding=\"async\" class=\"article__img-tag-visible\" src=\"https:\/\/www.europesays.com\/si\/wp-content\/uploads\/2026\/05\/2840271.width-660.format-webp.webp.webp\" alt=\"Zaradi po\u017eara so preventivno za obiskovalce zaprli Celjski grad. FOTO: Miha Zagozda\" img_id=\"6933572\" data-img-id=\"6933572\"\/><\/p>\n<p>Zaradi po\u017eara so preventivno za obiskovalce zaprli Celjski grad. FOTO: Miha Zagozda<\/p>\n<p>Zaradi vetra, precej nedostopnega in zara\u0161\u010denega terena so se po eni uri ga\u0161enja odlo\u010dili, da bodo na pomo\u010d poklicali zra\u010dne sile, \u017ee skoraj dve uri tako gasita dva air tractorja. Ob 11.30 uri je bil po\u017ear lokaliziran, a \u0161e ne poga\u0161en, je opozoril \u017dnidarko: \u00bbGre za podrast in prst, ki je prepojena z iglicami, tako da bo \u0161e nekaj \u010dasa trajalo, da bomo to dokon\u010dno pogasili. Ra\u010dunamo, da nam bo tudi vreme pristopilo na pomo\u010d v naslednjih dneh.\u00ab Dodal je, da \u010de bi bil teren \u0161e bolj suh in veter mo\u010dnej\u0161i, bi bile lahko te\u017eave \u0161e precej huj\u0161e.<\/p>\n<p>Malo pred deseto uro dopoldne so izklopili oba tamkaj\u0161nja daljnovoda. Ko bodo dovolj pogasili, bodo poklicali elektro distributerja, da bo pregledal, ali je dovolj varno, da bi nazaj vzpostavili elektri\u010dno omre\u017eje.<\/p>\n<p>\u0160e vedno je na terenu okoli 90 gasilcev, ki gasijo okoli 16.000 kvadratnih metrov povr\u0161ine. \u017dnidarko je povedal, da se intervencija \u017ee preve\u0161a v drugi del, to je ga\u0161enje \u017eari\u0161\u010d: \u00bbGlede na suhost terena in pa veter, ki je prisoten, bo treba tudi \u010dez no\u010d popaziti, da bodo lahko ob\u010dani v okolici varno spali.\u00ab<\/p>\n<p><img decoding=\"async\" class=\"article__img-tag-visible\" src=\"https:\/\/www.europesays.com\/si\/wp-content\/uploads\/2026\/05\/2840385.width-660.format-webp.webp.webp\" alt=\"Gasilci se na grajskem pobo\u010dju borijo z ognjem. FOTO: \u0160pela Kuralt\" img_id=\"6933692\" data-img-id=\"6933692\"\/><\/p>\n<p>Gasilci se na grajskem pobo\u010dju borijo z ognjem. FOTO: \u0160pela Kuralt<\/p>\n<p>\u017dnidarko je \u0161e dejal, da sta bila air tractorja res neprecenljiva: \u00bb\u010ce je teren te\u017eko dostopen, ni prehoden, tja enostavno ne more\u0161 poslati gasilcev, lahko pa to uspe\u0161no obvladuje\u0161 iz zraka. Imamo dve letali v zraku, dobro delujeta, hitro nato\u010dita vodo, po mojih podatkih jo zajemata v Velenjskem jezeru, in za nas je to izjemnega pomena.\u00ab<\/p>\n<p>Sprva je bilo veliko dima, tako da so tudi prebivalce pozvali, da naj imajo zaprta okna. Do zdaj so se stvari \u017ee umirile.<\/p>\n<p><img decoding=\"async\" class=\"article__img-tag-visible\" src=\"https:\/\/www.europesays.com\/si\/wp-content\/uploads\/2026\/05\/2840278.width-660.format-webp.webp.webp\" alt=\"Ga\u0161enje ovira veter, poro\u010dajo gasilci. FOTO: Bralec\" img_id=\"6933602\" data-img-id=\"6933602\"\/><\/p>\n<p>Ga\u0161enje ovira veter, poro\u010dajo gasilci. FOTO: Bralec<\/p>\n<p>Po\u017ear se je raz\u0161iril tudi na obmo\u010dje\u00a0kolesarske proge Celje Trails, ki je zaradi varnosti do nadaljnjega zaprta. Prav tako so preventivno za obiskovalce zaprli Celjski grad.<\/p>\n","protected":false},"excerpt":{"rendered":"Okoli 90 gasilcev je \u017ee od jutra na celjskem Grajskem hribu, kjer gasijo precej velik po\u017ear. Sprva sta&hellip;\n","protected":false},"author":2,"featured_media":86850,"comment_status":"","ping_status":"","sticky":false,"template":"","format":"standard","meta":{"footnotes":"","_share_on_mastodon":"0"},"categories":[23],"tags":[162,19245,725,760,62,37,58,60,38],"class_list":["post-86849","post","type-post","status-publish","format-standard","has-post-thumbnail","category-celje","tag-celje","tag-dim","tag-gasilci","tag-pozar","tag-si","tag-slovene","tag-slovenia","tag-slovenija","tag-slovenscina"],"share_on_mastodon":{"url":"https:\/\/pubeurope.com\/@si\/116555541690864639","error":""},"_links":{"self":[{"href":"https:\/\/www.europesays.com\/si\/wp-json\/wp\/v2\/posts\/86849","targetHints":{"allow":["GET"]}}],"collection":[{"href":"https:\/\/www.europesays.com\/si\/wp-json\/wp\/v2\/posts"}],"about":[{"href":"https:\/\/www.europesays.com\/si\/wp-json\/wp\/v2\/types\/post"}],"author":[{"embeddable":true,"href":"https:\/\/www.europesays.com\/si\/wp-json\/wp\/v2\/users\/2"}],"replies":[{"embeddable":true,"href":"https:\/\/www.europesays.com\/si\/wp-json\/wp\/v2\/comments?post=86849"}],"version-history":[{"count":0,"href":"https:\/\/www.europesays.com\/si\/wp-json\/wp\/v2\/posts\/86849\/revisions"}],"wp:featuredmedia":[{"embeddable":true,"href":"https:\/\/www.europesays.com\/si\/wp-json\/wp\/v2\/media\/86850"}],"wp:attachment":[{"href":"https:\/\/www.europesays.com\/si\/wp-json\/wp\/v2\/media?parent=86849"}],"wp:term":[{"taxonomy":"category","embeddable":true,"href":"https:\/\/www.europesays.com\/si\/wp-json\/wp\/v2\/categories?post=86849"},{"taxonomy":"post_tag","embeddable":true,"href":"https:\/\/www.europesays.com\/si\/wp-json\/wp\/v2\/tags?post=86849"}],"curies":[{"name":"wp","href":"https:\/\/api.w.org\/{rel}","templated":true}]}}