{"id":86919,"date":"2026-05-11T11:33:09","date_gmt":"2026-05-11T11:33:09","guid":{"rendered":"https:\/\/www.europesays.com\/si\/86919\/"},"modified":"2026-05-11T11:33:09","modified_gmt":"2026-05-11T11:33:09","slug":"novoletna-turneja-v-nevarnosti-zaplet-ki-bi-lahko-spremenil-skakalno-tradicijo","status":"publish","type":"post","link":"https:\/\/www.europesays.com\/si\/86919\/","title":{"rendered":"Novoletna turneja v nevarnosti: zaplet, ki bi lahko spremenil skakalno tradicijo"},"content":{"rendered":"<p>Novoletna turneja \u0161tirih skakalnic se je zna\u0161la v nenavadnem polo\u017eaju. Po poro\u010danju nem\u0161kega Bilda je tradicionalna tekma v Garmisch-Partenkirchnu zaradi spora glede denarja trenutno pod vpra\u0161ajem. \u010ce dogovora ne bo, bi lahko ena najbolj prepoznavnih skakalnih prireditev ostala brez svojega klasi\u010dnega novoletnega prizori\u0161\u010da.<\/p>\n<p>V nem\u0161kem mediju Bild so pisali, da bi lahko bila\u00a0presti\u017ena novoletna turneja \u0161tirih skakalnic v prihodnji sezoni ogro\u017eena. \u0160e pred kratkim bi se to zdelo skoraj nepredstavljivo, zdaj pa se govori, da je pod vpra\u0161ajem tekma na novega leta dan v Garmisch-Partenkirchnu.<\/p>\n<p>Glavno jabolko spora spora so finance. Med Nem\u0161ko smu\u010darsko zvezo (DSV) in organizatorji v Garmisch-Partenkirchnu naj bi se zataknilo pri vi\u0161ini pla\u010dila za izvedbo tekme.<\/p>\n<p>Garmisch-Partenkirchen kot prireditelj po navedbah Bilda od DSV vsako leto prejme sedemmestno vsoto. V zameno zagotovi infrastrukturo in obdr\u017ei prihodke od vstopnic, medtem ko DSV ve\u010dji del prihodkov ustvarja s televizijskimi pravicami in sponzorskimi pogodbami.<\/p>\n<p>Po navedbah nem\u0161kega \u010dasnika organizatorji tekme vidijo te\u017eavo v tem, da se pla\u010dilo \u017ee pribli\u017eno 20 let ni bistveno spremenilo, zato naj bi zdaj zahtevali pribli\u017eno 30-odstotno zvi\u0161anje.<\/p>\n<p>Garmisch-Partenkirchen\u00a0za zdaj ni vpisan v osnutek koledarja<\/p>\n<p>Pogovori \u0161e potekajo, dogovora pa za zdaj ni. Prav zato Garmisch-Partenkirchen v osnutku koledarja za prihodnjo sezono trenutno ni naveden kot prizori\u0161\u010de novoletne tekme.<\/p>\n<p><img decoding=\"async\" alt=\"Garmisch Domen Prevc | Foto: Reuters\" class=\"article_content__inline_image js_imageLightbox is-clickable\" data-author=\"Reuters\" data-caption=\"\" data-height=\"2332\" data-href=\"https:\/\/siol.net\/media\/img\/5b\/fe\/946af925e1a432161c6f-garmisch-domen-prevc.jpeg\" data-width=\"3534\" loading=\"lazy\" src=\"\/media\/img\/f3\/0b\/b98b9f156b2725c1d233-garmisch-domen-prevc.jpeg\" title=\"Garmisch Domen Prevc\"\/><\/p>\n<p> Foto: Reuters <\/p>\n<p>\u010ce re\u0161itve ne bo, naj bi imeli pri DSV pripravljen rezervni na\u010drt. Ena mo\u017enost je, da bi v Nem\u010diji izpeljali dve tekmi v Oberstdorfu \u2013 uvodno in nato \u0161e tisto 1. januarja. Druga mo\u017enost je selitev na drugo nem\u0161ko prizori\u0161\u010de, pri \u010demer se omenja Klingenthal.<\/p>\n<p>Ta re\u0161itev bi bila logisti\u010dno precej zahtevna. Klingenthal je od Oberstdorfa oziroma Innsbrucka (prva postojanka\u00a0avstrijskega\u00a0dela\u00a0turneje \u0161tirih skakalnic) oddaljen pribli\u017eno 500 kilometrov, kar bi mo\u010dno poseglo v ustaljeni ritem turneje.<\/p>\n<p>Ni ogro\u017eena le tekma, ampak tudi ime<\/p>\n<p>Zgodba ima \u0161e en pomemben zaplet. Po poro\u010danju Bilda je izraz Four Hills Tournament, torej turneja \u0161tirih skakalnic,\u00a0za\u0161\u010ditena oziroma registrirana znamka. \u010ce bi eno od \u0161tirih tradicionalnih prizori\u0161\u010d odpadlo, tekmovanja pod tem imenom ne bi bilo ve\u010d mogo\u010de izpeljati.<\/p>\n<p>Novoletna turneja namre\u010d od leta 1953 poteka na \u0161tirih prizori\u0161\u010dih: v Oberstdorfu, Garmisch-Partenkirchnu, Innsbrucku in Bischofshofnu.<\/p>\n<p>DSV miri razmere<\/p>\n<p>Pri DSV kljub zapletu ostajajo optimisti\u010dni. Generalni direktor zveze Stefan Schwarzbach je za Bild dejal, da je treba razjasniti \u0161e nekaj pravnih in vsebinskih vpra\u0161anj, a da pri\u010dakujejo skupno re\u0161itev.<\/p>\n<p>Predsednik smu\u010darskega kluba Partenkirchen Michael Maurer o pogajanjih ni hotel govoriti. Za Bild je pojasnil, da zaradi pogovorov, ki \u0161e potekajo, zadeve ne more komentirati.<\/p>\n<p>Zgodba zadeva tudi Domna in Niko Prevc<\/p>\n<p>Zgodba je zanimiva tudi s slovenskega vidika. Zadnji zmagovalec novoletne turneje je Domen Prevc, ki je v sezoni 2025\/26 prvi\u010d osvojil zlatega orla.\u00a0<\/p>\n<p><img decoding=\"async\" alt=\"Nika Prevc in skakalke naj bi v prihodnji sezoni prvi\u010d nastopile na novoletni turneji, ki je vsakoletni spektakel v mo\u0161ki konkurenci. | Foto: Ale\u0161 Fev\u017eer\" class=\"article_content__inline_image js_imageLightbox is-clickable\" data-author=\"Ale\u0161 Fev\u017eer\" data-caption=\"Nika Prevc in skakalke naj bi v prihodnji sezoni prvi\u010d nastopile na novoletni turneji, ki je vsakoletni spektakel v mo\u0161ki konkurenci.\" data-height=\"1601\" data-href=\"https:\/\/siol.net\/media\/img\/b0\/c3\/9bf8011b0012e4e6c783-nika-prevc.jpeg\" data-width=\"2400\" loading=\"lazy\" src=\"\/media\/img\/48\/e9\/80f5f7f3f9694a9a44a0-nika-prevc.jpeg\" title=\"Nika Prevc\"\/><\/p>\n<p> Nika Prevc in skakalke naj bi v prihodnji sezoni prvi\u010d nastopile na novoletni turneji, ki je vsakoletni spektakel v mo\u0161ki konkurenci.<br \/>\n Foto: Ale\u0161 Fev\u017eer <\/p>\n<p>Prihodnja izvedba bo posebna \u0161e iz enega razloga. Prvi\u010d naj bi na vseh \u0161tirih prizori\u0161\u010dih turneje nastopile tudi skakalke, kar pomeni, da bi bila med osrednjimi imeni tudi Domnova sestra Nika Prevc.<\/p>\n","protected":false},"excerpt":{"rendered":"Novoletna turneja \u0161tirih skakalnic se je zna\u0161la v nenavadnem polo\u017eaju. Po poro\u010danju nem\u0161kega Bilda je tradicionalna tekma v&hellip;\n","protected":false},"author":2,"featured_media":86920,"comment_status":"","ping_status":"","sticky":false,"template":"","format":"standard","meta":{"footnotes":"","_share_on_mastodon":"0"},"categories":[16],"tags":[535,3965,534,18575,62,37,58,60,38,533,94,93],"class_list":["post-86919","post","type-post","status-publish","format-standard","has-post-thumbnail","category-sport","tag-domen-prevc","tag-garmisch-partenkirchen","tag-nika-prevc","tag-novoletna-turneja","tag-si","tag-slovene","tag-slovenia","tag-slovenija","tag-slovenscina","tag-smucarski-skoki","tag-sport","tag-sports"],"share_on_mastodon":{"url":"https:\/\/pubeurope.com\/@si\/116555730367029981","error":""},"_links":{"self":[{"href":"https:\/\/www.europesays.com\/si\/wp-json\/wp\/v2\/posts\/86919","targetHints":{"allow":["GET"]}}],"collection":[{"href":"https:\/\/www.europesays.com\/si\/wp-json\/wp\/v2\/posts"}],"about":[{"href":"https:\/\/www.europesays.com\/si\/wp-json\/wp\/v2\/types\/post"}],"author":[{"embeddable":true,"href":"https:\/\/www.europesays.com\/si\/wp-json\/wp\/v2\/users\/2"}],"replies":[{"embeddable":true,"href":"https:\/\/www.europesays.com\/si\/wp-json\/wp\/v2\/comments?post=86919"}],"version-history":[{"count":0,"href":"https:\/\/www.europesays.com\/si\/wp-json\/wp\/v2\/posts\/86919\/revisions"}],"wp:featuredmedia":[{"embeddable":true,"href":"https:\/\/www.europesays.com\/si\/wp-json\/wp\/v2\/media\/86920"}],"wp:attachment":[{"href":"https:\/\/www.europesays.com\/si\/wp-json\/wp\/v2\/media?parent=86919"}],"wp:term":[{"taxonomy":"category","embeddable":true,"href":"https:\/\/www.europesays.com\/si\/wp-json\/wp\/v2\/categories?post=86919"},{"taxonomy":"post_tag","embeddable":true,"href":"https:\/\/www.europesays.com\/si\/wp-json\/wp\/v2\/tags?post=86919"}],"curies":[{"name":"wp","href":"https:\/\/api.w.org\/{rel}","templated":true}]}}