{"id":87365,"date":"2026-05-11T18:48:09","date_gmt":"2026-05-11T18:48:09","guid":{"rendered":"https:\/\/www.europesays.com\/si\/87365\/"},"modified":"2026-05-11T18:48:09","modified_gmt":"2026-05-11T18:48:09","slug":"odkril-jo-je-znan-detektiv","status":"publish","type":"post","link":"https:\/\/www.europesays.com\/si\/87365\/","title":{"rendered":"odkril jo je znan detektiv"},"content":{"rendered":"<p>    <img decoding=\"async\" data-lb-desktop=\"\/media\/2026\/05\/11\/828968\/Orig-689006118_10165345990579365_8951518073897535593_n-1200.webp\" data-lb-mobile=\"\/media\/2026\/05\/11\/828968\/Orig-689006118_10165345990579365_8951518073897535593_n-600.webp\" class=\"main-gallery-image se_image_lb\" src=\"https:\/\/www.europesays.com\/si\/wp-content\/uploads\/2026\/05\/Wide-689006118_10165345990579365_8951518073897535593_n-1000.webp.webp\" alt=\"Foto: Arthur Brand fb\"\/><\/p>\n<p>Slika je desetletja visela v domu dru\u017eine Hendrika Seyffardta, nizozemskega generala, ki je poveljeval prostovoljski enoti Waffen-SS na vzhodni fronti. Foto: Arthur Brand fb<\/p>\n<p>Potomci voditelja SS skrivali umetnino, ki so jo uplenili nacisti: odkril jo je znan detektiv<\/p>\n<p>Slika, ki so jo nacisti med drugo svetovno vojno ukradli judovskemu zbiratelju umetnin, je bila odkrita v domu potomcev zloglasnega nizozemskega sodelavca SS, je sporo\u010dil znan umetnostni detektiv Arthur Brand.<\/p>\n<p>Gre za portret deklice (Portrait of a Young Girl), delo nizozemskega umetnika Toona Kelderja. Kot je Arthur Brand povedal za BBC, \u00a0je slika desetletja visela v domu dru\u017eine Hendrika Seyffardta, nizozemskega generala, ki je poveljeval prostovoljski enoti Waffen-SS na vzhodni fronti, dokler ga leta 1943 niso usmrtili odporniki.<\/p>\n<p>To je ukradena judovska lastnina<\/p>\n<p>Na primer je detektiva Branda opozoril mo\u0161ki, ki se je predstavil kot Seyffardtov potomec. Povedal je, da je &#8220;ogor\u010den&#8221; nad spoznanjem, da je njegova dru\u017eina vsa ta leta hranila ukradeno umetnino. Ko je svojo babico povpra\u0161al o izvoru slike, mu je ta menda odgovorila: &#8220;Kupljena je bila med drugo svetovno vojno. To je judovska lastnina, ukradena Goudstikkerju. Ne povej nikomur.&#8221;<\/p>\n<p>Prvoten\u00a0lastnik slike je bil namre\u010d Jacques Goudstikker, judovski trgovec z umetninami, ki je leta 1940 umrl med begom pred nacisti\u010dno invazijo na Nizozemsko. Za seboj je pustil neprecenljivo zbirko z ve\u010d kot 1000 slikami.<\/p>\n<p>Dru\u017einska skrivnost pod drobnogledom<\/p>\n<p>Dru\u017eina, ki je po vojni spremenila svoj priimek, je v izjavi za nizozemske medije priznala posest slike, vendar zanikala vedenje o njenem pravem izvoru. Babica je za \u010dasnik De Telegraaf povedala: &#8220;Prejela sem jo od svoje matere. Zdaj, ko ste me soo\u010dili s tem, razumem, da si Goudstikkerjevi dedi\u010di \u017eelijo sliko nazaj. Tega nisem vedela.&#8221;<\/p>\n<p>    <a class=\"se-card__wrap se-card--link\" href=\"https:\/\/www.dnevnik.si\/novice\/svet\/dva-tisoc-let-star-mozaik-ki-so-ga-ukradli-nacisti-spet-v-pompejih-2745549\/\" data-upscore-url=\"\" rel=\"nofollow noopener\" target=\"_blank\"><\/p>\n<p>        <img decoding=\"async\" class=\"se-image se-image--card\" src=\"https:\/\/www.europesays.com\/si\/wp-content\/uploads\/2026\/05\/Wide-3-profimedia-1022160447-400.webp.webp\" alt=\"An erotic Ancient Roman mosaic stolen by a Wehrmacht officer in 1944 and given to a German citizen was returned to its rightful home at Pompeii, Italy in a ceremony by Italy's crack art cops on July 15, 2025. The German army captain, responsible for the military supply chain in Italy during World War II, handed over the mosaic of a pair of lovers in an erotic scene to a German citizen whose family have now returned it thanks to the Carabinieri of the Cultural Heritage Protection Unit (TPC) of Rome. The work of great cultural interest dates between the mid-last century BC and the 1st century AD. Repatriated from Germany through a diplomatic expedition, the mosaic most likely decorated the floor of a private room reserved for the master of the house. The work is likely from the Vesuvian area, perhaps from a villa in the Pompeian suburbs. The paramilitary personnel of the Cultural Heritage Protection Command in Rome, realizing they were dealing with a work of extraordinary cultural interest and, among other things, linked to the wartime plundering of artworks belonging to the Italian state heritage, conducted the necessary investigations to establish its authenticity and provenance. Photo by (EV) Parco Pompei\/ ABACAPRESS.COM,Image: 1022160447, License: Rights-managed, Restrictions: Usage restrictions: Advertising and promotion,Commercial electronic,Consumer goods,Direct mail and brochures,Indoor display,Internal business usage,Personal use, Model Release: noFoto: Profimedia\"\/><\/p>\n<p>arheologija<\/p>\n<p>Dva tiso\u010d let star mozaik, ki so ga ukradli nacisti, spet v Pompejih<\/p>\n<p>    <\/a><\/p>\n<p>Vendar pa je dru\u017einski \u010dlan, ki je navezal stik z Brandom, verjel, da je edina pot do pravice javno razkritje zgodbe. &#8220;Sram me je. Slika se mora vrniti Goudstikkerjevim dedi\u010dem,&#8221; je dodal.<\/p>\n<p>Detektivska preiskava potrdila izvor<\/p>\n<p>Arthur Brand je po prejemu informacij spro\u017eil lastno preiskavo in ugotovil, da je na hrbtni strani slike etiketa, na okvirju pa vrezana \u0161tevilka 92. V arhivih dra\u017ebe iz leta 1940, kjer so nacisti prodajali Goudstikkerjevo zaplenjeno premo\u017eenje, je pod \u0161tevilko 92 na\u0161el prav Kelderjev Portret mlade deklice. V preiskavi je, kot \u0161e poro\u010da BBC, ugotovil, da je sliko najprej zaplenil Hermann G\u00f6ring, eden najvplivnej\u0161ih mo\u017e nacisti\u010dne stranke, nato pa je bila na dra\u017ebi prodana Seyffardtu.<\/p>\n<p>Odvetniki Goudstikkerjevih dedi\u010dev so potrdili, da je zbiratelj neko\u010d posedoval \u0161est Kelderjevih del in da so bila vsa vklju\u010dena v omenjeno dra\u017ebo.<\/p>\n<p>Najbolj bizaren primer v\u00a0karieri<\/p>\n<p>Brand, ki je v svoji karieri pomagal vrniti \u0161tevilne umetnine iz Louvra in nizozemskih kraljevih zbirk, je nad odkritjem presunjen. &#8220;Odkritje slike iz slavne zbirke Goudstikker v posesti dedi\u010dev zloglasnega generala Waffen-SS preka\u0161a vse,&#8221; je povedal za BBC.<\/p>\n<p>    <a class=\"se-card__wrap se-card--link\" href=\"https:\/\/www.dnevnik.si\/nedeljski\/prosti-cas\/znanost-in-tehnologija\/viralna-trditev-o-ukradeni-sliki-cezanna-v-pisarni-zelenskega-ne-drzi-2798910\/\" data-upscore-url=\"\" rel=\"nofollow noopener\" target=\"_blank\"><\/p>\n<p>        <img decoding=\"async\" class=\"se-image se-image--card\" src=\"https:\/\/www.europesays.com\/si\/wp-content\/uploads\/2026\/05\/Wide-2026-04-23T175627Z_1384484973_RC25VKAVB495_RTRMADP_5_UKRAINE-CRISIS-EU-400.webp.webp\" alt=\"Ukraine's President Volodymyr Zelenskiy arrives to attend an informal European leaders' summit in Ayia Napa, Cyprus April 23, 2026. REUTERS\/Yiannis Kourtoglou\"\/><\/p>\n<p>la\u017eni posnetek<\/p>\n<p>Operacija Matrjo\u0161ka: s pomo\u010djo umetne inteligence Zelenskemu podtaknili ukradenega C\u00e9zanna\u200b<\/p>\n<p>    <\/a><\/p>\n<p>Ob tem je bil kriti\u010den do dru\u017eine: &#8220;Desetletja so imeli prilo\u017enost, da storijo pravo stvar in vrnejo sliko. \u010ceprav osebno niso krivi za Seyffardtove zlo\u010dine, so se odlo\u010dili, da tega ne storijo.&#8221;<\/p>\n<p>Po poro\u010danju BBC\u00a0primer spominja na podoben dogodek iz Argentine, kjer se je slika italijanskega mojstra iz iste zbirke pojavila na fotografiji v oglasu za prodajo nepremi\u010dnine. Ko je policija vdrla v objekt, ki je bil neko\u010d v lasti visokega nacisti\u010dnega \u010dastnika, je bila slika \u017ee odstranjena.\u00a0<\/p>\n<p>\u00a0<\/p>\n<p>\u00a0<\/p>\n","protected":false},"excerpt":{"rendered":"Slika je desetletja visela v domu dru\u017eine Hendrika Seyffardta, nizozemskega generala, ki je poveljeval prostovoljski enoti Waffen-SS na&hellip;\n","protected":false},"author":2,"featured_media":87366,"comment_status":"","ping_status":"","sticky":false,"template":"","format":"standard","meta":{"footnotes":"","_share_on_mastodon":"0"},"categories":[8],"tags":[26370,24270,37,38,64,26371,26369,63],"class_list":["post-87365","post","type-post","status-publish","format-standard","has-post-thumbnail","category-svet","tag-nacisti","tag-slika","tag-slovene","tag-slovenscina","tag-svet","tag-ukradena-umetnost","tag-umetnina","tag-world"],"share_on_mastodon":{"url":"https:\/\/pubeurope.com\/@si\/116557441168207584","error":""},"_links":{"self":[{"href":"https:\/\/www.europesays.com\/si\/wp-json\/wp\/v2\/posts\/87365","targetHints":{"allow":["GET"]}}],"collection":[{"href":"https:\/\/www.europesays.com\/si\/wp-json\/wp\/v2\/posts"}],"about":[{"href":"https:\/\/www.europesays.com\/si\/wp-json\/wp\/v2\/types\/post"}],"author":[{"embeddable":true,"href":"https:\/\/www.europesays.com\/si\/wp-json\/wp\/v2\/users\/2"}],"replies":[{"embeddable":true,"href":"https:\/\/www.europesays.com\/si\/wp-json\/wp\/v2\/comments?post=87365"}],"version-history":[{"count":0,"href":"https:\/\/www.europesays.com\/si\/wp-json\/wp\/v2\/posts\/87365\/revisions"}],"wp:featuredmedia":[{"embeddable":true,"href":"https:\/\/www.europesays.com\/si\/wp-json\/wp\/v2\/media\/87366"}],"wp:attachment":[{"href":"https:\/\/www.europesays.com\/si\/wp-json\/wp\/v2\/media?parent=87365"}],"wp:term":[{"taxonomy":"category","embeddable":true,"href":"https:\/\/www.europesays.com\/si\/wp-json\/wp\/v2\/categories?post=87365"},{"taxonomy":"post_tag","embeddable":true,"href":"https:\/\/www.europesays.com\/si\/wp-json\/wp\/v2\/tags?post=87365"}],"curies":[{"name":"wp","href":"https:\/\/api.w.org\/{rel}","templated":true}]}}