{"id":88213,"date":"2026-05-12T12:41:16","date_gmt":"2026-05-12T12:41:16","guid":{"rendered":"https:\/\/www.europesays.com\/si\/88213\/"},"modified":"2026-05-12T12:41:16","modified_gmt":"2026-05-12T12:41:16","slug":"na-cviblju-ob-dnevu-zmage-poklon-padlim-za-svobodo-1941-1945","status":"publish","type":"post","link":"https:\/\/www.europesays.com\/si\/88213\/","title":{"rendered":"Na Cviblju ob dnevu zmage poklon padlim za svobodo 1941 -1945"},"content":{"rendered":"<p>                                                            V soboto, 9. maja 2026, na 81. obletnico dneva zmage nad fa\u0161izmom in nacizmom, so polo\u017eili cvetje k spomeniku NOB na Cviblju nad \u017du\u017eemberkom.<\/p>\n<p align=\"justify\">Cvetje je polo\u017eila delegacija v sestavi Du\u0161an \u010cerne, predsednik Zdru\u017eenja borcev za vrednote NOB Novo mesto, Jo\u017ee Pape\u017e, \u017eupan Ob\u010dine \u017du\u017eemberk in \u0160tefka Makovec, \u010dlanica KO ZB za vrednote NOB \u017du\u017eemberk.\u00a0<\/p>\n<p align=\"justify\">Ob spremljavi \u010dlanov Orkestra Slovenske vojske, \u010dastni stra\u017ei Slovenske vojske in prapor\u0161\u010daku, je delegacija s polaganjem cvetja po\u010dastila spomin na vse padle, ki so kot pripadniki NOV ali aktivisti Osvobodilne fronte dali svoja \u017eivljenja v boju proti okupatorju in njegovim sodelavcem v letih 1941 \u2013 1945.<\/p>\n<p align=\"justify\">Spomenik NOB na Cviblju stoji na mestu bratske grobnice in je posve\u010den ve\u010d kot 2000 \u017ertvam iz 17 dr\u017eav, ki so v sestavi partizanske vojske med 2. svetovno vojno padli v boju za svobodo na obmo\u010dju Suhe krajine.<\/p>\n","protected":false},"excerpt":{"rendered":"V soboto, 9. maja 2026, na 81. obletnico dneva zmage nad fa\u0161izmom in nacizmom, so polo\u017eili cvetje k&hellip;\n","protected":false},"author":2,"featured_media":88214,"comment_status":"","ping_status":"","sticky":false,"template":"","format":"standard","meta":{"footnotes":"","_share_on_mastodon":"0"},"categories":[27],"tags":[26599,14960,181,62,37,58,60,38],"class_list":["post-88213","post","type-post","status-publish","format-standard","has-post-thumbnail","category-novo-mesto","tag-cvibelj","tag-nob","tag-novo-mesto","tag-si","tag-slovene","tag-slovenia","tag-slovenija","tag-slovenscina"],"share_on_mastodon":{"url":"https:\/\/pubeurope.com\/@si\/116561660225572797","error":""},"_links":{"self":[{"href":"https:\/\/www.europesays.com\/si\/wp-json\/wp\/v2\/posts\/88213","targetHints":{"allow":["GET"]}}],"collection":[{"href":"https:\/\/www.europesays.com\/si\/wp-json\/wp\/v2\/posts"}],"about":[{"href":"https:\/\/www.europesays.com\/si\/wp-json\/wp\/v2\/types\/post"}],"author":[{"embeddable":true,"href":"https:\/\/www.europesays.com\/si\/wp-json\/wp\/v2\/users\/2"}],"replies":[{"embeddable":true,"href":"https:\/\/www.europesays.com\/si\/wp-json\/wp\/v2\/comments?post=88213"}],"version-history":[{"count":0,"href":"https:\/\/www.europesays.com\/si\/wp-json\/wp\/v2\/posts\/88213\/revisions"}],"wp:featuredmedia":[{"embeddable":true,"href":"https:\/\/www.europesays.com\/si\/wp-json\/wp\/v2\/media\/88214"}],"wp:attachment":[{"href":"https:\/\/www.europesays.com\/si\/wp-json\/wp\/v2\/media?parent=88213"}],"wp:term":[{"taxonomy":"category","embeddable":true,"href":"https:\/\/www.europesays.com\/si\/wp-json\/wp\/v2\/categories?post=88213"},{"taxonomy":"post_tag","embeddable":true,"href":"https:\/\/www.europesays.com\/si\/wp-json\/wp\/v2\/tags?post=88213"}],"curies":[{"name":"wp","href":"https:\/\/api.w.org\/{rel}","templated":true}]}}