{"id":89103,"date":"2026-05-13T07:16:09","date_gmt":"2026-05-13T07:16:09","guid":{"rendered":"https:\/\/www.europesays.com\/si\/89103\/"},"modified":"2026-05-13T07:16:09","modified_gmt":"2026-05-13T07:16:09","slug":"umrl-je-jason-collins-siol-net","status":"publish","type":"post","link":"https:\/\/www.europesays.com\/si\/89103\/","title":{"rendered":"Umrl je Jason Collins &#8211; siol.net"},"content":{"rendered":"<p>Iz ZDA prihaja \u017ealostna vest, da je po bitki z rakom v 48. letu starosti umrl nekdanji NBA-jevec Jason Paul Collins. Ameri\u010dan je podiral stereotipe in bil prvi \u0161portnik, ki je v eni od \u0161tirih glavnih severnoameri\u0161kih profesionalnih \u0161portnih lig javno oznanil homoseksualnost.<\/p>\n<p>&#8220;Z \u017ealostjo sporo\u010damo, da je Jason Collins, na\u0161 ljubljeni mo\u017e, sin, brat in stric, umrl po hrabrem boju z glioblastomom (agresivna oblika mo\u017eganskega raka).\u00a0Jason je na nepri\u010dakovane na\u010dine spremenil \u017eivljenja in je bil navdih vsem, ki so ga poznali, in tistim, ki so ga ob\u010dudovali od dale\u010d. Hvale\u017eni smo za ljubezen\u00a0in molitve\u00a0v zadnjih osmih mesecih ter za izjemno zdravstveno oskrbo, ki jo je Jason prejel od svojih zdravnikov in medicinskih sester. Na\u0161a dru\u017eina ga bo zelo pogre\u0161ala,&#8221; je ob smrti 47-letnega Jasona Collinsa zapisala njegova dru\u017eina.<\/p>\n<p>Collinsa so leta 2001 na naboru lige NBA kot 18. izbrali pri Houston Rocketsih, za katere\u00a0pa nikoli ni zaigral. V najmo\u010dnej\u0161i ko\u0161arkarski ligi je pre\u017eivel 13 sezon, nosil pa dres ekip\u00a0New Jersey Nets, Memphis Grizzlies, Minnesota Timberwolves, Atlanta Hawks, Boston Celtics, Washington Wizards in Brooklyn Nets.<\/p>\n<p><img decoding=\"async\" alt=\"Pred dobrim desetletjem je javno oznanil, da je gej. | Foto: Guliverimage\" class=\"article_content__inline_image js_imageLightbox is-clickable\" data-author=\"Guliverimage\" data-caption=\"Pred dobrim desetletjem je javno oznanil, da je gej.\" data-height=\"4826\" data-href=\"https:\/\/siol.net\/media\/img\/0f\/da\/7a75e471b7f308b0ea9f-jason-collins.jpeg\" data-width=\"7239\" loading=\"lazy\" src=\"\/media\/img\/27\/9e\/2dc4e26320b33637abcf-jason-collins.jpeg\" title=\"Jason Collins\"\/><\/p>\n<p> Pred dobrim desetletjem je javno oznanil, da je gej.<br \/>\n Foto: Guliverimage <\/p>\n<p>Po koncu sezone\u00a02012\/13 je razkril svojo homoseksualnost in postal prvi \u0161portnik v eni od \u0161tirih glavnih severnoameri\u0161kih profesionalnih \u0161portnih lig, ki je javno oznanil\u00a0homoseksualnost. Od leta 2014 je bil v razmerju s filmskim producentom\u00a0Brunsonom Greenom, lani spomladi sta se poro\u010dila.<\/p>\n<p>&#8220;Vpliv Jasona Collinsa sega dale\u010d prek meja\u00a0ko\u0161arke, saj je pomagal, da so lige NBA, WNBA in \u0161ir\u0161a \u0161portna skupnost bolj vklju\u010dujo\u010de in gostoljubne za prihodnje generacije. V svoji 13-letni karieri v ligi NBA in v svojem predanem delu kot ambasador NBA Cares je bil zgled izjemnega vodenja in profesionalnosti. Jasona si bomo zapomnili ne le po ru\u0161enju ovir, temve\u010d tudi po prijaznosti in \u010dlove\u010dnosti, ki sta zaznamovali njegovo \u017eivljenje in se dotaknili mnogo ljudi,&#8221; pa je ob smrti Collinsa dejal komisar NBA\u00a0Adam Silver.<\/p>\n","protected":false},"excerpt":{"rendered":"Iz ZDA prihaja \u017ealostna vest, da je po bitki z rakom v 48. letu starosti umrl nekdanji NBA-jevec&hellip;\n","protected":false},"author":2,"featured_media":89104,"comment_status":"","ping_status":"","sticky":false,"template":"","format":"standard","meta":{"footnotes":"","_share_on_mastodon":"0"},"categories":[16],"tags":[26832,341,343,62,37,58,60,38,584,94,93],"class_list":["post-89103","post","type-post","status-publish","format-standard","has-post-thumbnail","category-sport","tag-jason-collins","tag-liga-nba","tag-nba","tag-si","tag-slovene","tag-slovenia","tag-slovenija","tag-slovenscina","tag-smrt","tag-sport","tag-sports"],"share_on_mastodon":{"url":"https:\/\/pubeurope.com\/@si\/116566044380198729","error":""},"_links":{"self":[{"href":"https:\/\/www.europesays.com\/si\/wp-json\/wp\/v2\/posts\/89103","targetHints":{"allow":["GET"]}}],"collection":[{"href":"https:\/\/www.europesays.com\/si\/wp-json\/wp\/v2\/posts"}],"about":[{"href":"https:\/\/www.europesays.com\/si\/wp-json\/wp\/v2\/types\/post"}],"author":[{"embeddable":true,"href":"https:\/\/www.europesays.com\/si\/wp-json\/wp\/v2\/users\/2"}],"replies":[{"embeddable":true,"href":"https:\/\/www.europesays.com\/si\/wp-json\/wp\/v2\/comments?post=89103"}],"version-history":[{"count":0,"href":"https:\/\/www.europesays.com\/si\/wp-json\/wp\/v2\/posts\/89103\/revisions"}],"wp:featuredmedia":[{"embeddable":true,"href":"https:\/\/www.europesays.com\/si\/wp-json\/wp\/v2\/media\/89104"}],"wp:attachment":[{"href":"https:\/\/www.europesays.com\/si\/wp-json\/wp\/v2\/media?parent=89103"}],"wp:term":[{"taxonomy":"category","embeddable":true,"href":"https:\/\/www.europesays.com\/si\/wp-json\/wp\/v2\/categories?post=89103"},{"taxonomy":"post_tag","embeddable":true,"href":"https:\/\/www.europesays.com\/si\/wp-json\/wp\/v2\/tags?post=89103"}],"curies":[{"name":"wp","href":"https:\/\/api.w.org\/{rel}","templated":true}]}}