{"id":89314,"date":"2026-05-13T10:39:13","date_gmt":"2026-05-13T10:39:13","guid":{"rendered":"https:\/\/www.europesays.com\/si\/89314\/"},"modified":"2026-05-13T10:39:13","modified_gmt":"2026-05-13T10:39:13","slug":"skoraj-1-2-nas-zaupa-ai-povzetkom-brez-navedenega-vira","status":"publish","type":"post","link":"https:\/\/www.europesays.com\/si\/89314\/","title":{"rendered":"Skoraj 1\/2 nas zaupa AI povzetkom brez navedenega vira"},"content":{"rendered":"<p>Ali veste, da petina ljudi za\u010dne iskanje v AI klepetalnikih, Google pa ob tem napoveduje 40-odstotni upad prometa? Ne moremo ravno napovedati scenarija \u00bbGoogle Zero\u00ab, a vendar AI mo\u010dno vpliva na konzumacijo informacij. Ve\u010d kot 42 % spletnih uporabnikov zaupa avtomatsko ustvarjenim povzetkom novic, ne da bi preverili izvorni \u010dlanek, Google pada, medijske hi\u0161e pa \u017ee i\u0161\u010dejo re\u0161itve. Po podatkih Reuters Institute ve\u010d kot 80 odstokov medijskih hi\u0161 uporablja AI pri zbiranju novic in razvoju uredni\u0161kih produktov; ob tem pa vse pogosteje vlagajo v:<\/p>\n<p>                                                &#13;<\/p>\n<p>                                                                &#13;<\/p>\n<p>&#13;<\/p>\n<p>                                                                \tizvirne zgodbe in raziskovalno novinarstvo,&#13;<\/p>\n<p>                                                                \tpoglobljene analize,&#13;<\/p>\n<p>                                                                \tvideo in avdio formate (podkasti),&#13;<\/p>\n<p>                                                                \tvse manj v splo\u0161ne novice in evergreen vsebine, ki jih lahko hitro generira AI.&#13;<\/p>\n<p>                                                                Kako ravnati s krhkim kapitalom?<\/p>\n<p>Giacinto Fiore in Pasquale Viscanti iz skupnosti Intelligenza Artificiale Spiegata Semplice in glavna organizatorja AI Week Milano ob tem poudarita: \u00bbZaupanje uporabnikov je krhek kapital: lahko hitro raste, vendar ga lahko prav tako hitro omajejo neto\u010dne ali netransparentne vsebine. Zato je bistveno, da mediji ohranijo mo\u010dan uredni\u0161ki nadzor in uvedejo jasne prakse glede uporabe UI ter se nau\u010dijo razumeti orodja.\u00ab<\/p>\n<p>                                                &#13;<\/p>\n<p>                                                                &#13;<\/p>\n<p>25 tiso\u010d ljudi se bo nau\u010dilo ve\u010d<\/p>\n<p>7. izvedbo AI Week Milano, ki bo potekala 19. in 20. maja 2026 na sejmi\u0161\u010du Rho, bodo obiskali ljudje iz kar 78 dr\u017eav: v dveh dneh se bo na 17 odrih\u00a0 zbralo ve\u010d kot 700 mednarodnih govorcev (pionirjev in voditeljev, ki gradijo prihodnost AI), 25 tiso\u010d obiskovalcev, dogodek pa je privla\u010dil okoli 250 sponzorjev.<\/p>\n<p>                                                &#13;<\/p>\n<p>                                                                &#13;<\/p>\n<p>                                                                <img decoding=\"async\" m_ext=\"iff\" m_id=\"24915\" src=\"https:\/\/www.europesays.com\/si\/wp-content\/uploads\/2026\/05\/24915_ai-week-2_iff.png\"\/>&#13;<\/p>\n<p>                                                                &#13;<\/p>\n<p>AI Week Milano<\/p>\n<p>&#13;<\/p>\n<p>                                                                &#13;<\/p>\n<p>                                                                &#13;<\/p>\n<p>V programu so poleg predavanj in predstavitvenega sejma tudi mojstrski te\u010daji, prakti\u010dne delavnice, &#8216;prompt battli&#8217; v \u017eivo, demonstracije naprednih AI tehnologij ter Marketing in Startup AI Summit (namenjena spoznavanju marketinga\u0161ev \/ startupov z investitorji, ki i\u0161\u010dejo prilo\u017enosti v poslovnih modelih prihodnosti).<\/p>\n<p>                                                &#13;<\/p>\n<p>                                                                &#13;<\/p>\n<p>                                                                <img decoding=\"async\" m_ext=\"iff\" m_id=\"24916\" src=\"https:\/\/www.europesays.com\/si\/wp-content\/uploads\/2026\/05\/24916_ai-week-4_iff.jpeg\"\/>&#13;<\/p>\n<p>                                                                &#13;<\/p>\n<p>AI Week Milano<\/p>\n<p>&#13;<\/p>\n<p>                                                                &#13;<\/p>\n<p>                                                                &#13;<\/p>\n<p>Veliko pozornosti bo namenjeno tudi:<\/p>\n<p>                                                &#13;<\/p>\n<p>                                                                &#13;<\/p>\n<p>&#13;<\/p>\n<p>                                                                \tprihodnosti zdravstva in tehnologijam, ki izbolj\u0161ujejo \u017eivljenje ljudi;&#13;<\/p>\n<p>                                                                \t\u0161portu, ki se bo vse bolj povezoval s tehnologijo \u2013 od analize do prepre\u010devanja po\u0161kodb, upravljanja klubov in velikih \u0161portnih dogodkov;&#13;<\/p>\n<p>                                                                \tmedijem, marketingu in konzumaciji informacij;&#13;<\/p>\n<p>                                                                \tprofesorjem iz akademske sfere,&#13;<\/p>\n<p>                                                                \tpredstavnikom gospodarskega sveta,&#13;<\/p>\n<p>                                                                \tter dr\u017eavnikom in politikom (med njimi predstavniki Evropske komisije, ministrstev ipd.)&#13;<\/p>\n<p>\u00bbAI WEEK 2026 ima ambiciozen cilj: iz najve\u010djega evropskega izobra\u017eevalnega dogodka na podro\u010dju umetne inteligence postati globalna platforma. To ne potrjujejo le govorci, ampak tudi vse ve\u010dje zanimanje z vsega sveta. Povsem jasno je, da AI ni prihodnost, ampak sedanjost vseh najve\u010djih svetovnih gospodarstev. Evropa in Italija imata na tem podro\u010dju \u0161e ogromno prostora za rast; tako pri kompetencah in razumevanju tematike kot pri uporabi in obvladovanju tehnologij. Ponosni smo, da predstavljamo italijansko in evropsko odli\u010dnost, obenem pa upamo oz. smo prepri\u010dani, da bo ta dogodek za vse udele\u017eence bogat vir znanja,\u00ab zaklju\u010dita Fiore in Viscanti.<\/p>\n<p>                                                &#13;<\/p>\n<p>                                                                &#13;<\/p>\n<p>*Powered by <a href=\"http:\/\/www.marketingmagazin.si\/cdn-cgi\/l\/email-protection#96fee2e2e6e5acb9b9f7ffbbf2b8e5ffb9\" rel=\"nofollow noopener\" target=\"_blank\">Zavod AI-D<\/a><\/p>\n","protected":false},"excerpt":{"rendered":"Ali veste, da petina ljudi za\u010dne iskanje v AI klepetalnikih, Google pa ob tem napoveduje 40-odstotni upad prometa?&hellip;\n","protected":false},"author":2,"featured_media":89315,"comment_status":"","ping_status":"","sticky":false,"template":"","format":"standard","meta":{"footnotes":"","_share_on_mastodon":"0"},"categories":[12],"tags":[5439,26876,26877,4578,62,37,58,60,38,26878,89,90],"class_list":["post-89314","post","type-post","status-publish","format-standard","has-post-thumbnail","category-tehnologija","tag-ai","tag-ai-week","tag-ai-week-milano","tag-milano","tag-si","tag-slovene","tag-slovenia","tag-slovenija","tag-slovenscina","tag-tech","tag-technology","tag-tehnologija"],"share_on_mastodon":{"url":"https:\/\/pubeurope.com\/@si\/116566842906040541","error":""},"_links":{"self":[{"href":"https:\/\/www.europesays.com\/si\/wp-json\/wp\/v2\/posts\/89314","targetHints":{"allow":["GET"]}}],"collection":[{"href":"https:\/\/www.europesays.com\/si\/wp-json\/wp\/v2\/posts"}],"about":[{"href":"https:\/\/www.europesays.com\/si\/wp-json\/wp\/v2\/types\/post"}],"author":[{"embeddable":true,"href":"https:\/\/www.europesays.com\/si\/wp-json\/wp\/v2\/users\/2"}],"replies":[{"embeddable":true,"href":"https:\/\/www.europesays.com\/si\/wp-json\/wp\/v2\/comments?post=89314"}],"version-history":[{"count":0,"href":"https:\/\/www.europesays.com\/si\/wp-json\/wp\/v2\/posts\/89314\/revisions"}],"wp:featuredmedia":[{"embeddable":true,"href":"https:\/\/www.europesays.com\/si\/wp-json\/wp\/v2\/media\/89315"}],"wp:attachment":[{"href":"https:\/\/www.europesays.com\/si\/wp-json\/wp\/v2\/media?parent=89314"}],"wp:term":[{"taxonomy":"category","embeddable":true,"href":"https:\/\/www.europesays.com\/si\/wp-json\/wp\/v2\/categories?post=89314"},{"taxonomy":"post_tag","embeddable":true,"href":"https:\/\/www.europesays.com\/si\/wp-json\/wp\/v2\/tags?post=89314"}],"curies":[{"name":"wp","href":"https:\/\/api.w.org\/{rel}","templated":true}]}}