{"id":89805,"date":"2026-05-13T19:14:11","date_gmt":"2026-05-13T19:14:11","guid":{"rendered":"https:\/\/www.europesays.com\/si\/89805\/"},"modified":"2026-05-13T19:14:11","modified_gmt":"2026-05-13T19:14:11","slug":"se-ena-nagrada-mihi-bezeljaku-za-interpretacijo-ostrzka-kjer-je-popolnoma-zlit-s-predstavo","status":"publish","type":"post","link":"https:\/\/www.europesays.com\/si\/89805\/","title":{"rendered":"\u0160e ena nagrada Mihi Bezeljaku za interpretacijo Ostr\u017eka, kjer je &#8220;popolnoma zlit s predstavo&#8221;"},"content":{"rendered":"<p>Tudi tam je prepri\u010dal Miha Bezeljak, ki si je z energi\u010dno interpretacijo klasi\u010dne pravljice prislu\u017eil nagrado za igralsko bravuro.<\/p>\n<p>Oglas<\/p>\n<p>\t\t\t\t\t\t\t\t<a href=\"https:\/\/www.europesays.com\/si\/wp-content\/uploads\/2026\/05\/65612132.jpg\" itemprop=\"contentUrl\" data-size=\"1200x800\" data-large=\"https:\/\/www.europesays.com\/si\/wp-content\/uploads\/2026\/05\/65612132.jpg\"><br \/>\n\t\t\t\t\t\t\t\t\t<img decoding=\"async\" src=\"https:\/\/www.europesays.com\/si\/wp-content\/uploads\/2026\/05\/65612132.jpg\" title=\"Foto: Bo\u0161tjan Lah\/Lutkovno gledali\u0161\u010de Maribor\" alt=\"Foto: Bo\u0161tjan Lah\/Lutkovno gledali\u0161\u010de Maribor\"\/><br \/>\n\t\t\t\t\t\t\t\t<\/a><\/p>\n<p>\t\t\t\t\t\t\t\t\tFoto: Bo\u0161tjan Lah\/Lutkovno gledali\u0161\u010de Maribor<\/p>\n<p>\u017dirija je v utemeljitvi zapisala, da je Bezeljak pokazal izjemno stopnjo spretnosti pri hitrem prehajanju med igro v \u017eivo ter animacijo predmetov in lutk razli\u010dnih zna\u010dajev. &#8220;Njegova lahkotnost pri obvladovanju materiala, prostora in tudi pozornosti ob\u010dinstva je resni\u010dno osupljiva. Sve\u017e pristop k znani vsebini je v celoti odvisen od energi\u010dne igralske interpretacije igralca, ki je popolnoma zlit s predstavo&#8221;.<\/p>\n<p>\t\t\t\t\t\t\t\t\t<a href=\"https:\/\/www.rtvslo.si\/n\/781819\" class=\"image-link image-heading image-container container-16-9\" data-large=\"https:\/\/img.rtvcdn.si\/_up\/upload\/2026\/05\/11\/67042195.jpg\" rel=\"nofollow noopener\" target=\"_blank\"><br \/>\n\t\t\t\t\t\t\t\t\t\t<img decoding=\"async\" src=\"https:\/\/www.europesays.com\/si\/wp-content\/uploads\/2026\/05\/67042195_thumb.jpg\" class=\"image-preview\"\/><br \/>\n\t\t\t\t\t\t\t\t\t<\/a><\/p>\n<p>\t\t\t\t\t\t\t\t\t\tSorodna novica<br \/>\n\t\t\t\t\t\t\t\t\t\t<a href=\"https:\/\/www.rtvslo.si\/n\/781819\" rel=\"nofollow noopener\" target=\"_blank\">Miha Bezeljak v avtorski interpretaciji Ostr\u017eka nagrajen na festivalu Fedu v Sarajevu<\/a><\/p>\n<p>Predstava Ostr\u017eek ima za seboj \u017ee kar nekaj nagrad, nazadnje je slavila pretekli konec tedna na 12. festivalu Fedu v Sarajevu, kjer je Bezeljak prejel nagrado za najbolj\u0161ega igralca festivala po mnenju \u017eirije in ob\u010dinstva.<\/p>\n<p>Predstava, ki se vra\u010da k samemu izvoru lutke<\/p>\n<p>Ostr\u017eek je predstava, ki se potopi v lutkovni svet, k izvoru, ko lutka \u0161e ni povsem izdelan in nazoren predmet, ampak je \u0161e surov, neobdelan material. V Ostr\u017eku gre za les, \u017elahten material, ki \u010dlove\u0161tvo spremlja skoraj \u010disto od za\u010detka. &#8220;Lesu, ki komaj obeta, da bo iz njega nekaj nastalo, v lutkovni \u010darovniji pa v njem \u017ee vidimo posamezne like iz zgodbe, se pridru\u017eijo \u017ee izdelane lutke, tokrat navdihnjene pri starih mojstrih. Uprizoritev se vra\u010da v mizarsko delavnico, orodje za obdelovanje lesa o\u017eivi, kosi lesa pa na mizarski mizi postanejo ves svet v malem. Ostr\u017eek odide na potovanje, mi pa na poligon za raziskovanje lutkovnega izraza,&#8221; so v gledali\u0161\u010du zapisali o predstavi.<\/p>\n<p>\t\t\t\t\t\t\t\t<a href=\"https:\/\/www.europesays.com\/si\/wp-content\/uploads\/2026\/05\/67042819.jpg\" itemprop=\"contentUrl\" data-size=\"1200x800\" data-large=\"https:\/\/www.europesays.com\/si\/wp-content\/uploads\/2026\/05\/67042819.jpg\"><br \/>\n\t\t\t\t\t\t\t\t\t<img decoding=\"async\" src=\"https:\/\/www.europesays.com\/si\/wp-content\/uploads\/2026\/05\/67042819.jpg\" title=\"Foto: Bo\u0161tjan Lah\/Lutkovno gledali\u0161\u010de Maribor\" alt=\"Foto: Bo\u0161tjan Lah\/Lutkovno gledali\u0161\u010de Maribor\"\/><br \/>\n\t\t\t\t\t\t\t\t<\/a><\/p>\n<p>\t\t\t\t\t\t\t\t\tFoto: Bo\u0161tjan Lah\/Lutkovno gledali\u0161\u010de Maribor<\/p>\n<p>V predstavi, ki je v zadnjih letih osvojila \u0161tevilne nagrade na razli\u010dnih festivalih, so uporabljene tudi replike lesenih lutk lutkarja Antona Jezov\u0161ka (1905\u20131992).<\/p>\n<p>Poleti bo Lutkovno gledali\u0161\u010de Maribor s predstavo potovalo v Azijo, konec julija bo gostovala v Tokiu.<\/p>\n<p>Oglas<\/p>\n","protected":false},"excerpt":{"rendered":"Tudi tam je prepri\u010dal Miha Bezeljak, ki si je z energi\u010dno interpretacijo klasi\u010dne pravljice prislu\u017eil nagrado za igralsko&hellip;\n","protected":false},"author":2,"featured_media":89806,"comment_status":"","ping_status":"","sticky":false,"template":"","format":"standard","meta":{"footnotes":"","_share_on_mastodon":"0"},"categories":[18],"tags":[114,3075,1686,26965,26964,62,37,58,60,38,115],"class_list":["post-89805","post","type-post","status-publish","format-standard","has-post-thumbnail","category-zabava","tag-entertainment","tag-lutke","tag-lutkovno-gledalisce-maribor","tag-miha-bezeljak","tag-ostrzek","tag-si","tag-slovene","tag-slovenia","tag-slovenija","tag-slovenscina","tag-zabava"],"share_on_mastodon":{"url":"https:\/\/pubeurope.com\/@si\/116568868080578557","error":""},"_links":{"self":[{"href":"https:\/\/www.europesays.com\/si\/wp-json\/wp\/v2\/posts\/89805","targetHints":{"allow":["GET"]}}],"collection":[{"href":"https:\/\/www.europesays.com\/si\/wp-json\/wp\/v2\/posts"}],"about":[{"href":"https:\/\/www.europesays.com\/si\/wp-json\/wp\/v2\/types\/post"}],"author":[{"embeddable":true,"href":"https:\/\/www.europesays.com\/si\/wp-json\/wp\/v2\/users\/2"}],"replies":[{"embeddable":true,"href":"https:\/\/www.europesays.com\/si\/wp-json\/wp\/v2\/comments?post=89805"}],"version-history":[{"count":0,"href":"https:\/\/www.europesays.com\/si\/wp-json\/wp\/v2\/posts\/89805\/revisions"}],"wp:featuredmedia":[{"embeddable":true,"href":"https:\/\/www.europesays.com\/si\/wp-json\/wp\/v2\/media\/89806"}],"wp:attachment":[{"href":"https:\/\/www.europesays.com\/si\/wp-json\/wp\/v2\/media?parent=89805"}],"wp:term":[{"taxonomy":"category","embeddable":true,"href":"https:\/\/www.europesays.com\/si\/wp-json\/wp\/v2\/categories?post=89805"},{"taxonomy":"post_tag","embeddable":true,"href":"https:\/\/www.europesays.com\/si\/wp-json\/wp\/v2\/tags?post=89805"}],"curies":[{"name":"wp","href":"https:\/\/api.w.org\/{rel}","templated":true}]}}