{"id":89807,"date":"2026-05-13T19:15:07","date_gmt":"2026-05-13T19:15:07","guid":{"rendered":"https:\/\/www.europesays.com\/si\/89807\/"},"modified":"2026-05-13T19:15:07","modified_gmt":"2026-05-13T19:15:07","slug":"slovenska-policija-niki-in-domnu-prevcu-podelila-posebno-nagrado","status":"publish","type":"post","link":"https:\/\/www.europesays.com\/si\/89807\/","title":{"rendered":"Slovenska policija Niki in Domnu Prevcu podelila posebno nagrado"},"content":{"rendered":"<p>Minister za notranje zadeve Branko Zlobko in generalni direktor policije Damjan Petri\u010d sta sprejela \u0161portnike in trenerje, zaposlene v policiji. Posebej sta se zahvalila alpski smu\u010darki Ilki \u0160tuhec, ki je letos kon\u010dala kariero, smu\u010darska skakalca Nika in Domen Prevc pa sta prejela srebrni \u0161\u010dit za izredne uspehe in prispevek k promociji policije.<\/p>\n<p>&#8220;Vrhunski \u0161port od \u0161portnika zahteva izredno osredoto\u010denost na delo, disciplino, samozavest, sistemati\u010dnost, vztrajnost, pa tudi agresivnost &#8211; seveda v najbolj\u0161em pomenu te besede. \u0160portniki so izpostavljeni velikim fizi\u010dnim in psihi\u010dnim naporom. Pri tem ne mislim samo na treninge in tekmovanja &#8211; tu so nenehna potovanja po vsem svetu in s tem prilagajanje \u010dasovnim razlikam, obveznosti do doma\u010dih in tujih medijev, sponzorjev, klubov, zvez &#8230; Vrhunski \u0161port zahteva ni\u010d ve\u010d in ni\u010d manj kot celega \u010dloveka in to z du\u0161o, telesom in srcem. Ministrstvo za notranje zadeve in policija vam pri tem zvesto stojita ob strani in z veseljem pomagata,&#8221; so nagovor Martina Zlobka povzeli na ministrstvu za notranje zadeve.<\/p>\n<p>&#8220;Tako v \u0161portu kot v policijskem delu obstaja trenutek, ki ga javnost pogosto ne vidi. To je trenutek ti\u0161ine, tik pred nastopom, tekmo ali zahtevno nalogo, ko posameznik ostane sam s seboj in se odlo\u010di, ali bo podlegel strahu ali pa bo verjel vase in vztrajal. Prav v tak\u0161nih trenutkih se oblikujejo ne le rezultati, temve\u010d tudi zna\u010daj \u010dloveka. Danes zato ne izkazujemo spo\u0161tovanja le va\u0161im izjemnim \u0161portnim dose\u017ekom, temve\u010d predvsem vam kot osebnostim,&#8221; pa je dejal Damjan Petri\u010d.<\/p>\n<p><img decoding=\"async\" alt=\"Domen Prevc, slovenska policija | Foto: Tine Er\u017een\/STA\" class=\"article_content__inline_image js_imageLightbox is-clickable\" data-author=\"Tine Er\u017een\/STA\" data-caption=\"\" data-height=\"1066\" data-href=\"https:\/\/siol.net\/media\/img\/c8\/31\/a56415e784d080da41f3-domen-prevc-slovenska-policija.jpeg\" data-width=\"1600\" loading=\"lazy\" src=\"\/media\/img\/9e\/e8\/d506ff0060b104a4c90f-domen-prevc-slovenska-policija.jpeg\" title=\"Domen Prevc, slovenska policija\"\/><\/p>\n<p> Foto: Tine Er\u017een\/STA <\/p>\n<p>Ta je izpostavil tudi zaupanje v ekipe, s katerimi \u0161portniki delajo, in potegnil vzporednico med vrlinami, ki krasijo vrhunske \u0161portnike in policiste. &#8220;\u010ceprav se morda na prvi pogled ne zdi, imamo v resnici veliko skupnega. Izjemno ponosni smo, da ste del na\u0161ih vrst in da v policijo prina\u0161ate vrednote in osebne vrline, ki so lahko zgled celotni dru\u017ebi,&#8221; je \u0161e dejal.<\/p>\n<p>Alpska smu\u010darka Ilka \u0160tuhec, \u017ee vrsto let zaposlena v policiji, je letos sklenila svojo bogato in uspe\u0161no kariero, v kateri je dosegla tudi 11 zmag, 22 uvrstitev na zmagovalni oder, osvojila dva smuka\u0161ka kristalna globusa in dva naslova svetovne prvakinje v smuku. Na sprejemu se ji je minister zahvalil posebej za njene \u0161portne uspehe in za\u017eelel vse dobro na nadaljnji poti.<\/p>\n<p>\u0160tuhec se je v imenu zaposlenih vrhunskih \u0161portnikov in trenerjev zahvalila za podporo ministrstva in policije ter izpostavila zahtevno pot vsakega vrhunskega \u0161portnika.<\/p>\n<p><img decoding=\"async\" alt=\"Nika Prevc, slovenska policija | Foto: Tine Er\u017een\/STA\" class=\"article_content__inline_image js_imageLightbox is-clickable\" data-author=\"Tine Er\u017een\/STA\" data-caption=\"\" data-height=\"1066\" data-href=\"https:\/\/siol.net\/media\/img\/01\/f7\/9925d937edb791a29730-nika-prevc-slovenska-policija.jpeg\" data-width=\"1600\" loading=\"lazy\" src=\"\/media\/img\/64\/c7\/cb8d93c43858a9bc5470-nika-prevc-slovenska-policija.jpeg\" title=\"Nika Prevc, slovenska policija\"\/><\/p>\n<p> Foto: Tine Er\u017een\/STA <\/p>\n<p>&#8220;Tudi mi, vrhunski \u0161portniki, smo samo ljudje, tudi mi nismo \u010disto vedno motivirani za velike podvige, te\u017eke dneve ali za neskon\u010dno soo\u010danje z obo\u017eevalci po celem svetu. Disciplina je tista, ki nas vedno spravi naprej, da se premaknemo iz cone udobja, da vztrajamo, trdo delamo ter preprosto imamo voljo, da to delamo z veseljem. Rezultati so tako samo posledica na\u0161ega dela. Nikoli niso naklju\u010dje, ne zgodijo se sami od sebe. So se\u0161tevek ne\u0161tetih ur treninga, vztrajanja in so v bistvu na\u0161a pot, na\u0161e \u017eivljenje.&#8221;<\/p>\n<p>Sprejema sta se udele\u017eila tudi dva nekdanja legendarna slovenska \u0161portnika &#8211; telovadec Miro Cerar in alpski smu\u010dar Bojan Kri\u017eaj.<\/p>\n<p>Letnega sprejema se je udele\u017eilo 28 vrhunskih \u0161portnic, \u0161portnikov in trenerjev. V policiji je trenutno zaposlenih 40 \u0161portnikov in trenerjev, \u0161e 12 pa jih je v postopku zaposlitve. V policiji se \u0161portniki in njihovi trenerji zaposlujejo od leta 1993.<\/p>\n","protected":false},"excerpt":{"rendered":"Minister za notranje zadeve Branko Zlobko in generalni direktor policije Damjan Petri\u010d sta sprejela \u0161portnike in trenerje, zaposlene&hellip;\n","protected":false},"author":2,"featured_media":89808,"comment_status":"","ping_status":"","sticky":false,"template":"","format":"standard","meta":{"footnotes":"","_share_on_mastodon":"0"},"categories":[16],"tags":[535,3969,534,62,37,58,60,38,10833,94,93],"class_list":["post-89807","post","type-post","status-publish","format-standard","has-post-thumbnail","category-sport","tag-domen-prevc","tag-ilka-stuhec","tag-nika-prevc","tag-si","tag-slovene","tag-slovenia","tag-slovenija","tag-slovenscina","tag-slovenska-policija","tag-sport","tag-sports"],"share_on_mastodon":{"url":"https:\/\/pubeurope.com\/@si\/116568871553050741","error":""},"_links":{"self":[{"href":"https:\/\/www.europesays.com\/si\/wp-json\/wp\/v2\/posts\/89807","targetHints":{"allow":["GET"]}}],"collection":[{"href":"https:\/\/www.europesays.com\/si\/wp-json\/wp\/v2\/posts"}],"about":[{"href":"https:\/\/www.europesays.com\/si\/wp-json\/wp\/v2\/types\/post"}],"author":[{"embeddable":true,"href":"https:\/\/www.europesays.com\/si\/wp-json\/wp\/v2\/users\/2"}],"replies":[{"embeddable":true,"href":"https:\/\/www.europesays.com\/si\/wp-json\/wp\/v2\/comments?post=89807"}],"version-history":[{"count":0,"href":"https:\/\/www.europesays.com\/si\/wp-json\/wp\/v2\/posts\/89807\/revisions"}],"wp:featuredmedia":[{"embeddable":true,"href":"https:\/\/www.europesays.com\/si\/wp-json\/wp\/v2\/media\/89808"}],"wp:attachment":[{"href":"https:\/\/www.europesays.com\/si\/wp-json\/wp\/v2\/media?parent=89807"}],"wp:term":[{"taxonomy":"category","embeddable":true,"href":"https:\/\/www.europesays.com\/si\/wp-json\/wp\/v2\/categories?post=89807"},{"taxonomy":"post_tag","embeddable":true,"href":"https:\/\/www.europesays.com\/si\/wp-json\/wp\/v2\/tags?post=89807"}],"curies":[{"name":"wp","href":"https:\/\/api.w.org\/{rel}","templated":true}]}}