{"id":91313,"date":"2026-05-15T02:02:08","date_gmt":"2026-05-15T02:02:08","guid":{"rendered":"https:\/\/www.europesays.com\/si\/91313\/"},"modified":"2026-05-15T02:02:08","modified_gmt":"2026-05-15T02:02:08","slug":"domen-in-nika-prevc-sta-se-znova-znasla-v-srediscu-pozornosti","status":"publish","type":"post","link":"https:\/\/www.europesays.com\/si\/91313\/","title":{"rendered":"Domen in Nika Prevc sta se znova zna\u0161la v sredi\u0161\u010du pozornosti"},"content":{"rendered":"<p>Na tradicionalnem ve\u010deru \u0161ampionov so pri Smu\u010darski zvezi Slovenije (SZS) danes v dvorani ljubljanskega Grand Hotela Union obujali spomine na minulo olimpijsko sezono, v kateri sta med na\u0161imi \u0161portniki z imenitnimi dose\u017eki najbolj izstopala Domen in Nika Prevc. Izvrstna skakalca iz Dolenje vasi pri \u017deleznikih sta kot za stavo nizala uspehe in sijajno zimo po \u0161tevilnih podvigih na koncu kronala z velikima kristalnima globusoma.<\/p>\n<p>Domen Prevc je imel sezono, o kakr\u0161ni \u0161portniki sanjajo vse \u017eivljenje. Kot tretji slovenski orel v zgodovini (po bratu Petru Prevcu in Primo\u017eu Peterki) je osvojil lovoriko na presti\u017eni novoletni turneji, nato pa v Oberstdorfu postal \u0161e svetovni prvak v smu\u010darskih poletih. Krono sanjske zime je dodal na olimpijskih igrah v Predazzu, kjer se je kot prvi slovenski skakalec oven\u010dal z naslovom olimpijskega prvaka in se s tem dokon\u010dno vpisal med najve\u010dja imena slovenskega (zimskega) \u0161porta.<\/p>\n","protected":false},"excerpt":{"rendered":"Na tradicionalnem ve\u010deru \u0161ampionov so pri Smu\u010darski zvezi Slovenije (SZS) danes v dvorani ljubljanskega Grand Hotela Union obujali&hellip;\n","protected":false},"author":2,"featured_media":91314,"comment_status":"","ping_status":"","sticky":false,"template":"","format":"standard","meta":{"footnotes":"","_share_on_mastodon":"0"},"categories":[16],"tags":[535,124,534,62,37,58,60,38,4015,533,94,93,27312],"class_list":["post-91313","post","type-post","status-publish","format-standard","has-post-thumbnail","category-sport","tag-domen-prevc","tag-ljubljana","tag-nika-prevc","tag-si","tag-slovene","tag-slovenia","tag-slovenija","tag-slovenscina","tag-smucarska-zveza-slovenije","tag-smucarski-skoki","tag-sport","tag-sports","tag-vecer-sampionov"],"share_on_mastodon":{"url":"https:\/\/pubeurope.com\/@si\/116576134317686826","error":""},"_links":{"self":[{"href":"https:\/\/www.europesays.com\/si\/wp-json\/wp\/v2\/posts\/91313","targetHints":{"allow":["GET"]}}],"collection":[{"href":"https:\/\/www.europesays.com\/si\/wp-json\/wp\/v2\/posts"}],"about":[{"href":"https:\/\/www.europesays.com\/si\/wp-json\/wp\/v2\/types\/post"}],"author":[{"embeddable":true,"href":"https:\/\/www.europesays.com\/si\/wp-json\/wp\/v2\/users\/2"}],"replies":[{"embeddable":true,"href":"https:\/\/www.europesays.com\/si\/wp-json\/wp\/v2\/comments?post=91313"}],"version-history":[{"count":0,"href":"https:\/\/www.europesays.com\/si\/wp-json\/wp\/v2\/posts\/91313\/revisions"}],"wp:featuredmedia":[{"embeddable":true,"href":"https:\/\/www.europesays.com\/si\/wp-json\/wp\/v2\/media\/91314"}],"wp:attachment":[{"href":"https:\/\/www.europesays.com\/si\/wp-json\/wp\/v2\/media?parent=91313"}],"wp:term":[{"taxonomy":"category","embeddable":true,"href":"https:\/\/www.europesays.com\/si\/wp-json\/wp\/v2\/categories?post=91313"},{"taxonomy":"post_tag","embeddable":true,"href":"https:\/\/www.europesays.com\/si\/wp-json\/wp\/v2\/tags?post=91313"}],"curies":[{"name":"wp","href":"https:\/\/api.w.org\/{rel}","templated":true}]}}