{"id":91381,"date":"2026-05-15T04:14:07","date_gmt":"2026-05-15T04:14:07","guid":{"rendered":"https:\/\/www.europesays.com\/si\/91381\/"},"modified":"2026-05-15T04:14:07","modified_gmt":"2026-05-15T04:14:07","slug":"vecer-sampionov-v-znamenju-prevlade-nike-in-domna-prevca","status":"publish","type":"post","link":"https:\/\/www.europesays.com\/si\/91381\/","title":{"rendered":"Ve\u010der \u0161ampionov v znamenju prevlade Nike in Domna Prevca"},"content":{"rendered":"<p>Smu\u010darska zveza Slovenije je nocoj na slovesnosti v Veliki unionski dvorani v Ljubljani po\u010dastila uspehe in dose\u017eke tekmovalk in tekmovalcev v minuli zimski sezoni. Prireditev z naslovom Ve\u010der \u0161ampionov je potekala v znamenju po\u010dastitev uspehov Nike in Domna Prevca ter tekmovalnega slovesa dam alpskega smu\u010danja Ane Bucik Jogan in Ilke \u0160tuhec.<\/p>\n<p>Krovna nacionalna pano\u017ena zveza se je na tradicionalnem Ve\u010deru \u0161ampionov, ko se pod eno streho zberejo vsi &#8220;junaki zime&#8221;, pozdravila ter se zahvalila \u0161portnicam in \u0161portnikom ter vsem, ki so bili v sezoni 2025\/26 del nepozabnih trenutkov na in izven \u0161portnih tekmovali\u0161\u010d.<\/p>\n<p>Predsednik Smu\u010darske zveze Slovenije Luka Steiner in direktor SZS Uro\u0161 Zupan sta se \u0161e enkrat globoko poklonila vsem, ki so skozi minulo tekmovalno sezono z neizmerno predanostjo, disciplino in sr\u010dnostjo zastopali barve Slovenije na najve\u010djih mednarodnih prizori\u0161\u010dih.<\/p>\n<p>Predsednik SZS Steiner je v svojem govoru poudaril, da je bila leto\u0161nja sezona ena najuspe\u0161nej\u0161ih v zgodovini slovenskega zimskega \u0161porta. Ob tem je izpostavil osvojena dva velika kristalna globusa ter \u0161tiri olimpijske medalje, ki po njegovih besedah niso zgolj uspeh posameznikov, temve\u010d celotnega sistema &#8211; trenerjev, serviserjev, klubov, dru\u017ein, prostovoljcev in vseh, ki vsak dan \u017eivijo za \u0161port. Posebno priznanje je namenil tudi \u0161portnicam in \u0161portnikom, ki so v tej sezoni osvojili to\u010dke svetovnega pokala, saj uvrstitev med najbolj\u0161ih 30 na svetu pomeni vrhunski dose\u017eek, ki ga dosegajo le najve\u010dji.<\/p>\n<p><img decoding=\"async\" alt=\"Za Domnom Prevcem je izjemna sezona. | Foto: Filip Barbali\u0107\/www.alesfevzer.com\" class=\"article_content__inline_image js_imageLightbox is-clickable\" data-author=\"Filip Barbali\u0107\/www.alesfevzer.com\" data-caption=\"Za Domnom Prevcem je izjemna sezona.\" data-height=\"4000\" data-href=\"https:\/\/siol.net\/media\/img\/7f\/e9\/7530032d32481a73d4ed-vecer-sampionov-2026-szs.jpeg\" data-width=\"6000\" loading=\"lazy\" src=\"\/media\/img\/ca\/c5\/29847d336c51a6e9055a-vecer-sampionov-2026-szs.jpeg\" title=\"Ve\u010der \u0161ampionov 2026, SZS\"\/><\/p>\n<p> Za Domnom Prevcem je izjemna sezona.<br \/>\n Foto: Filip Barbali\u0107\/www.alesfevzer.com <\/p>\n<p>Na prireditvi ni manjkalo slovenskih zimskih \u0161portnic in \u0161portnikov, ki so si z zavidanja vrednimi rezultati prislu\u017eili kipec blo\u0161kega smu\u010darja za izjemne \u0161portne dose\u017eke v sezoni 2025\/2026.<\/p>\n<p>Med njimi so deskar na snegu\u00a0Tim Mastnak, nordijska kombinatorka\u00a0Ema Volav\u0161ek, smu\u010darski skakalki\u00a0Nika Prevc\u00a0in\u00a0Nika Vodan, smu\u010darski skakalci\u00a0Domen Prevc,\u00a0An\u017ee Lani\u0161ek\u00a0in\u00a0Timi Zajc.<\/p>\n<p>Za leta brezkompromisnega vlaganja v \u0161port sta kipec blo\u0161kega smu\u010darja za \u017eivljenjsko delo prejela\u00a0Sre\u010dko Medven\u00a0in\u00a0Borut Meh.<\/p>\n<p>Med tistimi, ki svoje znanje prena\u0161ajo na druge si je naziv Naj demostrator za 2025\/2026 zagotovil\u00a0Miha Mer\u0161e.<\/p>\n<p>Po\u0161tenost je popla\u010dana in za Fairplay potezo je v minuli sezoni poskrbel biatlonec\u00a0Lovro Planko.<\/p>\n<p><img decoding=\"async\" alt=\"Plaketo blo\u0161kega smu\u010darja je med drugimi za izjemne trenerske dose\u017eke prejel Robert Hrgota. | Foto: Filip Barbali\u0107\/www.alesfevzer.com\" class=\"article_content__inline_image js_imageLightbox is-clickable\" data-author=\"Filip Barbali\u0107\/www.alesfevzer.com\" data-caption=\"Plaketo blo\u0161kega smu\u010darja je med drugimi za izjemne trenerske dose\u017eke prejel Robert Hrgota.\" data-height=\"4000\" data-href=\"https:\/\/siol.net\/media\/img\/bc\/38\/2d042441a457746328fd-vecer-sampionov-2026-szs.jpeg\" data-width=\"6000\" loading=\"lazy\" src=\"\/media\/img\/f9\/44\/143933e563ac8f02793d-vecer-sampionov-2026-szs.jpeg\" title=\"Ve\u010der \u0161ampionov 2026, SZS\"\/><\/p>\n<p> Plaketo blo\u0161kega smu\u010darja je med drugimi za izjemne trenerske dose\u017eke prejel Robert Hrgota.<br \/>\n Foto: Filip Barbali\u0107\/www.alesfevzer.com <\/p>\n<p>\u0160portniki v svoji karieri potrebujejo ob sebi najbolj\u0161i strokovni kader, ki skrbi za njihovo dobro po\u010dutje in napredovanje. Plaketo blo\u0161kega smu\u010darja je tako za izjemne trenerske dose\u017eke prejel\u00a0Robert Hrgota, glavni trener slovenske ekipe smu\u010darskih skakalcev.<\/p>\n<p>Prvi\u010d je bila podeljena tudi NLB sne\u017einka prihodnosti, ki sta si jo z zmago na mladinskem svetovnem prvenstvu prislu\u017eili nordijski kombinatorki Teja Pavec in Tia Malovrh.<\/p>\n<p><img decoding=\"async\" alt=\"Ve\u010der \u0161ampionov 2026, SZS | Foto: Filip Barbali\u0107\/www.alesfevzer.com\" class=\"article_content__inline_image js_imageLightbox is-clickable\" data-author=\"Filip Barbali\u0107\/www.alesfevzer.com\" data-caption=\"\" data-height=\"4000\" data-href=\"https:\/\/siol.net\/media\/img\/95\/79\/b7d92f32991355ac3060-vecer-sampionov-2026-szs.jpeg\" data-width=\"6000\" loading=\"lazy\" src=\"\/media\/img\/73\/10\/05e7e0f1d9da86e0f722-vecer-sampionov-2026-szs.jpeg\" title=\"Ve\u010der \u0161ampionov 2026, SZS\"\/><\/p>\n<p> Foto: Filip Barbali\u0107\/www.alesfevzer.com <\/p>\n<p>Domen\u00a0Prevc\u00a0je do\u017eivel sezono, o kateri \u0161portniki sanjajo vse \u017eivljenje. Kot tretji Slovenec v zgodovini je osvojil presti\u017eno novoletno turnejo, nato pa v Oberstdorfu postal \u0161e svetovni prvak v poletih. Na olimpijskih igrah je kot prvi slovenski smu\u010darski skakalec osvojil naslov olimpijskega prvaka in se s tem zapisal med najve\u010dja imena slovenskega zimskega \u0161porta.<\/p>\n<p>V Planici je drugi\u010d zapored osvojil mali kristalni globus v poletih, pred doma\u010dimi navija\u010di pa prejel\u00a0veliki kristalni globus \u2013 jubilejnega desetega za Slovenijo.<\/p>\n<p><img decoding=\"async\" alt=\"Nika Prevc je spisala rekordno sezono. | Foto: Filip Barbali\u0107\/www.alesfevzer.com\" class=\"article_content__inline_image js_imageLightbox is-clickable\" data-author=\"Filip Barbali\u0107\/www.alesfevzer.com\" data-caption=\"Nika Prevc je spisala rekordno sezono.\" data-height=\"3672\" data-href=\"https:\/\/siol.net\/media\/img\/dc\/eb\/fd8b2860e2998009a01c-vecer-sampionov-2026-szs.jpeg\" data-width=\"5508\" loading=\"lazy\" src=\"\/media\/img\/3b\/ee\/da2e1198286b29e35794-vecer-sampionov-2026-szs.jpeg\" title=\"Ve\u010der \u0161ampionov 2026, SZS\"\/><\/p>\n<p> Nika Prevc je spisala rekordno sezono.<br \/>\n Foto: Filip Barbali\u0107\/www.alesfevzer.com <\/p>\n<p>Nika Prevc\u00a0je v sezoni 2025\/2026 presegla meje mogo\u010dega in na novo spisala zgodovino \u017eenskih smu\u010darskih skokov. Z neverjetnimi 18. zmagami v svetovnem pokalu, rekordnimi 2.676 osvojenimi to\u010dkami ter tretjim zaporednim velikim kristalnim globusom je potrdila svojo prevlado na svetovni ravni. V Planici pa je kot prva \u017eenska do\u00a0 242,5 metra in poskrbela za enega najbolj nepozabnih trenutkov slovenske \u0161portne zgodovine.<\/p>\n<p><img decoding=\"async\" alt=\"Ilka \u0160tuhec je prejela Zahvalno listino in naziv Legenda slovenskih smu\u010darskih \u0161portov za zaklju\u010dek tekmovalne kariere. | Foto: Filip Barbali\u0107\/www.alesfevzer.com\" class=\"article_content__inline_image js_imageLightbox is-clickable\" data-author=\"Filip Barbali\u0107\/www.alesfevzer.com\" data-caption=\"Ilka \u0160tuhec je prejela Zahvalno listino in naziv Legenda slovenskih smu\u010darskih \u0161portov za zaklju\u010dek tekmovalne kariere.\" data-height=\"4000\" data-href=\"https:\/\/siol.net\/media\/img\/e2\/e9\/2a2dce32e10ffc5d8637-vecer-sampionov-2026-szs.jpeg\" data-width=\"6000\" loading=\"lazy\" src=\"\/media\/img\/3d\/62\/c0c8cc165e7ab41102e5-vecer-sampionov-2026-szs.jpeg\" title=\"Ve\u010der \u0161ampionov 2026, SZS\"\/><\/p>\n<p> Ilka \u0160tuhec je prejela Zahvalno listino in naziv Legenda slovenskih smu\u010darskih \u0161portov za zaklju\u010dek tekmovalne kariere.<br \/>\n Foto: Filip Barbali\u0107\/www.alesfevzer.com <\/p>\n<p>Novi rod slovenskih \u0161portnic \u017ee kroji svetovni \u0161portni vrh, \u0161tiri vrhunske tekmovalke, pa so zaklju\u010dile svojo dolgoletno \u0161portno kariero.\u00a0Ana Bucik Jogan, Maja Vti\u010d, Eva Urevc\u00a0so prejele Zahvalno listino in naziv Nosilka slovenskih smu\u010darskih \u0161portov za zaklju\u010dek tekmovalne kariere.\u00a0<\/p>\n<p>Ilka \u0160tuhec\u00a0je kot ena najuspe\u0161nej\u0161ih slovenskih alpskih smu\u010dark vseh \u010dasov in pravi simbol odlo\u010dnosti ter mo\u010di za svoj doprinos slovenskemu \u0161portu prejela Zahvalno listino in naziv Legenda slovenskih smu\u010darskih \u0161portov za zaklju\u010dek tekmovalne kariere.<\/p>\n<p><img decoding=\"async\" alt=\"Ve\u010der \u0161ampionov 2026, SZS | Foto: Filip Barbali\u0107\/www.alesfevzer.com\" class=\"article_content__inline_image js_imageLightbox is-clickable\" data-author=\"Filip Barbali\u0107\/www.alesfevzer.com\" data-caption=\"\" data-height=\"4000\" data-href=\"https:\/\/siol.net\/media\/img\/a9\/39\/7b122e0427d5e6b837cd-vecer-sampionov-2026-szs.jpeg\" data-width=\"6000\" loading=\"lazy\" src=\"\/media\/img\/ag\/19\/126927e94613cecf57f3-vecer-sampionov-2026-szs.jpeg\" title=\"Ve\u010der \u0161ampionov 2026, SZS\"\/><\/p>\n<p> Foto: Filip Barbali\u0107\/www.alesfevzer.com <\/p>\n<p><img decoding=\"async\" alt=\"Ve\u010der \u0161ampionov 2026, SZS | Foto: Filip Barbali\u0107\/www.alesfevzer.com\" class=\"article_content__inline_image js_imageLightbox is-clickable\" data-author=\"Filip Barbali\u0107\/www.alesfevzer.com\" data-caption=\"\" data-height=\"3825\" data-href=\"https:\/\/siol.net\/media\/img\/e2\/34\/6eda74b74fb2d02adba8-vecer-sampionov-2026-szs.jpeg\" data-width=\"5738\" loading=\"lazy\" src=\"\/media\/img\/37\/2a\/8c7528ba16f4340a1266-vecer-sampionov-2026-szs.jpeg\" title=\"Ve\u010der \u0161ampionov 2026, SZS\"\/><\/p>\n<p> Foto: Filip Barbali\u0107\/www.alesfevzer.com <\/p>\n<p><img decoding=\"async\" alt=\"Ve\u010der \u0161ampionov 2026, SZS | Foto: Filip Barbali\u0107\/www.alesfevzer.com\" class=\"article_content__inline_image js_imageLightbox is-clickable\" data-author=\"Filip Barbali\u0107\/www.alesfevzer.com\" data-caption=\"\" data-height=\"3880\" data-href=\"https:\/\/siol.net\/media\/img\/fc\/5d\/691b0399f8e0d616b70f-vecer-sampionov-2026-szs.jpeg\" data-width=\"5820\" loading=\"lazy\" src=\"\/media\/img\/53\/dd\/205ed74c2276995b82a7-vecer-sampionov-2026-szs.jpeg\" title=\"Ve\u010der \u0161ampionov 2026, SZS\"\/><\/p>\n<p> Foto: Filip Barbali\u0107\/www.alesfevzer.com <\/p>\n<p><img decoding=\"async\" alt=\"Ve\u010der \u0161ampionov 2026, SZS | Foto: Filip Barbali\u0107\/www.alesfevzer.com\" class=\"article_content__inline_image js_imageLightbox is-clickable\" data-author=\"Filip Barbali\u0107\/www.alesfevzer.com\" data-caption=\"\" data-height=\"3887\" data-href=\"https:\/\/siol.net\/media\/img\/ee\/08\/656a18bd7584ac63b2b1-vecer-sampionov-2026-szs.jpeg\" data-width=\"5831\" loading=\"lazy\" src=\"\/media\/img\/81\/10\/ab9304b41df7386f5ada-vecer-sampionov-2026-szs.jpeg\" title=\"Ve\u010der \u0161ampionov 2026, SZS\"\/><\/p>\n<p> Foto: Filip Barbali\u0107\/www.alesfevzer.com <\/p>\n<p><img decoding=\"async\" alt=\"Ve\u010der \u0161ampionov 2026, SZS | Foto: Filip Barbali\u0107\/www.alesfevzer.com\" class=\"article_content__inline_image js_imageLightbox is-clickable\" data-author=\"Filip Barbali\u0107\/www.alesfevzer.com\" data-caption=\"\" data-height=\"3891\" data-href=\"https:\/\/siol.net\/media\/img\/78\/ef\/525a535b380ef6e9e10b-vecer-sampionov-2026-szs.jpeg\" data-width=\"5836\" loading=\"lazy\" src=\"\/media\/img\/b3\/d0\/78c0eb091b98e9566514-vecer-sampionov-2026-szs.jpeg\" title=\"Ve\u010der \u0161ampionov 2026, SZS\"\/><\/p>\n<p> Foto: Filip Barbali\u0107\/www.alesfevzer.com <\/p>\n<p>Prejemniki nagrad za sezono 2025\/2026:<\/p>\n<p>Kipec blo\u0161kega smu\u010darja za izjemne \u0161portne dose\u017eke v panogi deskanje na snegu v sezoni 2025\/2026: Tim Mastnak<br \/>Kipec blo\u0161kega smu\u010darja za izjemne \u0161portne dose\u017eke v panogi nordijska kombinacija v sezoni 2025\/2026: Ema Volav\u0161ek<br \/>Kipec blo\u0161kega smu\u010darja za izjemne \u0161portne dose\u017eke v panogi smu\u010darski skoki v sezoni 2025\/2026: Nika Vodan<br \/>Kipec blo\u0161kega smu\u010darja za izjemne \u0161portne dose\u017eke v panogi smu\u010darski skoki v sezoni 2025\/2026: An\u017ee Lani\u0161ek<br \/>Kipec blo\u0161kega smu\u010darja za izjemne \u0161portne dose\u017eke dvojic v panogi smu\u010darski skoki v sezoni 2025\/2026: An\u017ee Lani\u0161ek, Timi Zajc<br \/>Kipec blo\u0161kega smu\u010darja za izjemne \u0161portne dose\u017eke za ekipe v panogi smu\u010darski skoki v sezoni 2025\/2026: Domen Prevc, Nika Prevc, An\u017ee Lani\u0161ek in Nika Vodan<br \/>Fairplay poteza 2026: Lovro Planko<br \/>Kipec blo\u0161kega smu\u010darja za \u017eivljenjsko delo: Sre\u010dko Medven<br \/>Kipec blo\u0161kega smu\u010darja za \u017eivljenjsko delo: Borut Meh<br \/>Plaketo blo\u0161kega smu\u010darja za izjemne trenerske dose\u017eke: Robert Hrgota<br \/>Zahvalno listino in naziv Legenda slovenskih smu\u010darskih \u0161portov za zaklju\u010dek tekmovalne kariere: Ilka \u0160tuhec<br \/>Zahvalno listino in naziv Nosilka slovenskih smu\u010darskih \u0161portov za zaklju\u010dek tekmovalne kariere: Maja Vti\u010d<br \/>Zahvalno listino in naziv Nosilka slovenskih smu\u010darskih \u0161portov za zaklju\u010dek tekmovalne kariere: Ana Bucik Jogan<br \/>Zahvalno listino in naziv Nosilka slovenskih smu\u010darskih \u0161portov za zaklju\u010dek tekmovalne kariere: Eva Urevc<br \/>Kipec blo\u0161kega smu\u010darja za Naj demostratorja 2025\/2026: Miha Mer\u0161e<br \/>\u00a0Dodatna priznanja in nagrade:<\/p>\n<p>NLB SNE\u017dINKI PRIHODNOSTI: Tia Malovrh in Teja Pavec<br \/>Zmagovalec kreativne kategorije v nagradni aktivaciji NEOIZZIV: Mark Vozelj<br \/>Nagradna aktivacija NEOIZZIV 1. mesto: Nika Vodan<br \/>Nagradna aktivacija NEOIZZIV 2. mesto: Katra Komar<br \/>Nagradna aktivacija NEOIZZIV 3. mesto: Ana Bucik Jogan<\/p>\n","protected":false},"excerpt":{"rendered":"Smu\u010darska zveza Slovenije je nocoj na slovesnosti v Veliki unionski dvorani v Ljubljani po\u010dastila uspehe in dose\u017eke tekmovalk&hellip;\n","protected":false},"author":2,"featured_media":91382,"comment_status":"","ping_status":"","sticky":false,"template":"","format":"standard","meta":{"footnotes":"","_share_on_mastodon":"0"},"categories":[16],"tags":[4583,535,7529,534,62,37,58,60,38,94,93,27312],"class_list":["post-91381","post","type-post","status-publish","format-standard","has-post-thumbnail","category-sport","tag-anamarija-lampic","tag-domen-prevc","tag-lovro-planko","tag-nika-prevc","tag-si","tag-slovene","tag-slovenia","tag-slovenija","tag-slovenscina","tag-sport","tag-sports","tag-vecer-sampionov"],"share_on_mastodon":{"url":"https:\/\/pubeurope.com\/@si\/116576653479606587","error":""},"_links":{"self":[{"href":"https:\/\/www.europesays.com\/si\/wp-json\/wp\/v2\/posts\/91381","targetHints":{"allow":["GET"]}}],"collection":[{"href":"https:\/\/www.europesays.com\/si\/wp-json\/wp\/v2\/posts"}],"about":[{"href":"https:\/\/www.europesays.com\/si\/wp-json\/wp\/v2\/types\/post"}],"author":[{"embeddable":true,"href":"https:\/\/www.europesays.com\/si\/wp-json\/wp\/v2\/users\/2"}],"replies":[{"embeddable":true,"href":"https:\/\/www.europesays.com\/si\/wp-json\/wp\/v2\/comments?post=91381"}],"version-history":[{"count":0,"href":"https:\/\/www.europesays.com\/si\/wp-json\/wp\/v2\/posts\/91381\/revisions"}],"wp:featuredmedia":[{"embeddable":true,"href":"https:\/\/www.europesays.com\/si\/wp-json\/wp\/v2\/media\/91382"}],"wp:attachment":[{"href":"https:\/\/www.europesays.com\/si\/wp-json\/wp\/v2\/media?parent=91381"}],"wp:term":[{"taxonomy":"category","embeddable":true,"href":"https:\/\/www.europesays.com\/si\/wp-json\/wp\/v2\/categories?post=91381"},{"taxonomy":"post_tag","embeddable":true,"href":"https:\/\/www.europesays.com\/si\/wp-json\/wp\/v2\/tags?post=91381"}],"curies":[{"name":"wp","href":"https:\/\/api.w.org\/{rel}","templated":true}]}}