{"id":91515,"date":"2026-05-15T07:21:07","date_gmt":"2026-05-15T07:21:07","guid":{"rendered":"https:\/\/www.europesays.com\/si\/91515\/"},"modified":"2026-05-15T07:21:07","modified_gmt":"2026-05-15T07:21:07","slug":"domen-prevc-podpisal-pogodbo-po-novem-bo-opravljal-vlogo","status":"publish","type":"post","link":"https:\/\/www.europesays.com\/si\/91515\/","title":{"rendered":"Domen Prevc podpisal pogodbo, po novem bo opravljal vlogo &#8230;"},"content":{"rendered":"<p>Najbolj\u0161i smu\u010darski skakalec pretekle olimpijske sezone Domen Prevc se je lotil novega ambicioznega projekta.<\/p>\n<p>Zmagovalec svetovnega pokala v smu\u010darskih skokih Domen Prevc je postal novi ambasador gospodarske promocije Slovenije<br \/>\nOlimpijski prvak je zdru\u017eil mo\u010di z agencijo Spirit Slovenija, s katero je sklenil pogodbo o partnerstvu<br \/>\nPoslovni svet in \u0161portniki si delijo podobne vrednote, sta ob predstavitvi sodelovanja poudarili obe strani<\/p>\n<p>Junak minule zime Domen Prevc je postal prvi ambasador gospodarske promocije Slovenije. Smu\u010darski skakalec, za katerim je izjemna sezona v tekmovalnem smislu, je pred tradicionalnim Ve\u010derom \u0161ampionov v Ljubljani z direktorico agencije Spirit Slovenija Tamaro Zajec Bala\u017ei\u010d podpisal pogodbo o partnerstvu.<\/p>\n<p>Dogodek v Beli dvorani Grand Hotela Union v Ljubljani je ponudil tudi prilo\u017enost za spro\u0161\u010deni pogovor, v katerem so sogovorniki, navzo\u010d je bil tudi predsednik Smu\u010darske zveze Slovenije Luka Steiner, izpostavili pomen mednarodne prepoznavnosti Slovenije, povezovanju \u0161porta in gospodarstva.<\/p>\n<p>Beseda pa je tekla tudi o tem, kako lahko \u0161portna prepoznavnost, zaupanje in vrednote vrhunskega \u0161porta prispevajo k mo\u010dnej\u0161i promociji Slovenije kot dr\u017eave znanja, ambicije, inovativnosti in vrhunskih dose\u017ekov.<\/p>\n<p><img decoding=\"async\" alt=\"Domen Prevc | Avtor: Profimedia\" class=\"rwd\" data-href=\"https:\/\/www.zurnal24.si\/media\/img\/a6\/35\/cc4130540f6b28774393.jpeg\" itemprop=\"image\" src=\"\/media\/img\/47\/4d\/2a7a057380cf5d3ede73.jpeg\"\/><\/p>\n<p>                 Domen Prevc.<\/p>\n<p>                Profimedia<\/p>\n<p>&#8220;Tak\u0161no sodelovanje prina\u0161a veliko obveznosti, ampak mislim, da ga veliko la\u017eje opravlja\u0161, \u010de ga jemlje\u0161 kot profesionalen hobi, da ni ni\u010d te\u017eko in da se da. Vidim veliko vzporednic med poslanstvom agencije Spirit in \u0161portom. Delimo si zelo podobne vrednote, podobna vzgoja, usmeritve in zadol\u017eitve te pripeljejo do vrhunskih rezultatov, veliko se lahko nau\u010dimo eni od drugih. \u017de ob koncu sezone so se za\u010dele pojavljati sinergije, tako da smo to zgodbo s Spiritom potem lahko lepo zapeljali in jo bomo samo \u0161e nadgrajevali v prihodnjih letih,&#8221; je za STA dejal najbolj\u0161i skakalec minule sezone, olimpijski prvak in svetovni rekorder v smu\u010darskih poletih Domen Prevc.<\/p>\n<p>Poslovni svet in \u0161portniki si delijo podobne vrednote. &#8220;Vztrajnost, predanost, kreativnost, inovativnost, predvsem to, da res da\u0161 maksimum, da res da\u0161 vse od sebe, da je to posel, v na\u0161em primeru \u0161port, da je to del tvojega \u017eivljenja in to mora\u0161 \u017eiveti, to dela\u0161, da na koncu pride\u0161 do res tak\u0161nih rezultatov, kot si \u017eeli\u0161,&#8221; je poudaril Prevc.<\/p>\n<p>&#8220;Slovenija ima to prednost, da je tako majhna, da lahko na enem majhnem kon\u010dku zelo hitro pride\u0161 do \u017eelenih stvari, do \u017eelenih ljudi, do \u017eelenih rezultatov, hitro pride\u0161 do ljudi, ki jih potrebuje\u0161, da ti lahko pomagajo v \u0161portu, hitro pride\u0161 do proizvajalcev, do ljudi, ki ti lahko pomagajo pri opremi, en tega pozna, ti nekoga drugega, tretji \u010detrtega. Tako da se lahko zelo hitro stvari obrnejo in obra\u010dajo, vrtijo. Ker delimo skupne vrednote, se mi zdi, da lahko lepo ustvarjamo skupne zgodbe, ki imajo skupno povezavo. Na koncu pomaga ravno \u0161port, mi, ko smo na skakalnici, tisti, ki se ukvarjajo s poslom, da pridejo do vrhunskih rezultatov, mi pa da pridemo do \u010dim ve\u010d tistih zelenih \u0161tevilk.&#8221;<\/p>\n<p><img decoding=\"async\" alt=\"Domen Prevc | Avtor: Profimedia\" class=\"rwd\" data-href=\"https:\/\/www.zurnal24.si\/media\/img\/b4\/16\/1baded3d60d6e82f4054.jpeg\" itemprop=\"image\" src=\"\/media\/img\/6c\/64\/e6649fc22dc820e90e44.jpeg\"\/><\/p>\n<p>                Profimedia<\/p>\n<p>&#8220;Za Spirit Slovenija je to prva tovrstna zgodba, je na\u0161 prvi \u0161portni ambasador. Spirit Slovenija sicer ima ambasadorje slovenskega gospodarstva, ki ponazarjajo na\u0161o promocijsko zgodbo Green Creative Smart v svetu in v Sloveniji, zdaj pa to kampanjo povezujemo tudi z vrhunskim \u0161portom in vrednote vrhunskega \u0161porta z vrednotami na\u0161ega gospodarstva. Verjamemo, da je \u0161port gospodarska panoga, zato gre za simboli\u010dno zdru\u017eevanje,&#8221; je dejala direktorica agencije Spirit Slovenija Tamara Zajec Bala\u017ei\u010d.<\/p>\n<p>&#8220;Verjamem, da so Domnovi vrhunski rezultati tisti, ki so globalno prepoznavni, verjamem, da so trgi in mednarodna okolja, ki so bolj naklonjena smu\u010darskim skokom, gre pa pri skokih mogo\u010de tudi za en tak ni\u0161ni del tega smu\u010darskega \u0161porta, ki lepo ponazarja tudi te ni\u0161ne slovenske uspehe na gospodarskem podro\u010dju, zato se mi zdi, da se \u0161e toliko bolj ujemamo skupaj,&#8221; je \u0161e poudarila.<\/p>\n<p>&#8220;Domen ni samo vrhunski \u0161portnik, celotna njegova zgodba v bistvu zelo lepo ponazarja vse te slovenske podjetni\u0161ke vrednote. Osemdeset odstotkov slovenskih podjetij je v dru\u017einski lasti, gradijo na podobnih vrednotah, na podobnih zgodbah, ko cela dru\u017eina \u017eivi skupaj na eni strani za \u0161port, na drugi strani za podjetje. Njegovi uspehi, ki jih je dosegal \u017ee zelo zgodaj oziroma kot zelo mlad \u0161portnik, prav tako ponazarjajo celotno to podjetni\u0161ko pot, ki jo Spirit Slovenija \u017eeli podpirati,&#8221; je \u0161e dejala.<\/p>\n<p><a href=\"https:\/\/styria-media.si\/\" rel=\"nofollow noopener\" target=\"_blank\">dezurni@styria-media.si<\/a><\/p>\n","protected":false},"excerpt":{"rendered":"Najbolj\u0161i smu\u010darski skakalec pretekle olimpijske sezone Domen Prevc se je lotil novega ambicioznega projekta. Zmagovalec svetovnega pokala v&hellip;\n","protected":false},"author":2,"featured_media":91516,"comment_status":"","ping_status":"","sticky":false,"template":"","format":"standard","meta":{"footnotes":"","_share_on_mastodon":"0"},"categories":[16],"tags":[14686,535,173,62,37,58,60,38,94,93],"class_list":["post-91515","post","type-post","status-publish","format-standard","has-post-thumbnail","category-sport","tag-ambasador","tag-domen-prevc","tag-gospodarstvo","tag-si","tag-slovene","tag-slovenia","tag-slovenija","tag-slovenscina","tag-sport","tag-sports"],"share_on_mastodon":{"url":"https:\/\/pubeurope.com\/@si\/116577388652100293","error":""},"_links":{"self":[{"href":"https:\/\/www.europesays.com\/si\/wp-json\/wp\/v2\/posts\/91515","targetHints":{"allow":["GET"]}}],"collection":[{"href":"https:\/\/www.europesays.com\/si\/wp-json\/wp\/v2\/posts"}],"about":[{"href":"https:\/\/www.europesays.com\/si\/wp-json\/wp\/v2\/types\/post"}],"author":[{"embeddable":true,"href":"https:\/\/www.europesays.com\/si\/wp-json\/wp\/v2\/users\/2"}],"replies":[{"embeddable":true,"href":"https:\/\/www.europesays.com\/si\/wp-json\/wp\/v2\/comments?post=91515"}],"version-history":[{"count":0,"href":"https:\/\/www.europesays.com\/si\/wp-json\/wp\/v2\/posts\/91515\/revisions"}],"wp:featuredmedia":[{"embeddable":true,"href":"https:\/\/www.europesays.com\/si\/wp-json\/wp\/v2\/media\/91516"}],"wp:attachment":[{"href":"https:\/\/www.europesays.com\/si\/wp-json\/wp\/v2\/media?parent=91515"}],"wp:term":[{"taxonomy":"category","embeddable":true,"href":"https:\/\/www.europesays.com\/si\/wp-json\/wp\/v2\/categories?post=91515"},{"taxonomy":"post_tag","embeddable":true,"href":"https:\/\/www.europesays.com\/si\/wp-json\/wp\/v2\/tags?post=91515"}],"curies":[{"name":"wp","href":"https:\/\/api.w.org\/{rel}","templated":true}]}}