{"id":92405,"date":"2026-05-15T22:57:12","date_gmt":"2026-05-15T22:57:12","guid":{"rendered":"https:\/\/www.europesays.com\/si\/92405\/"},"modified":"2026-05-15T22:57:12","modified_gmt":"2026-05-15T22:57:12","slug":"pod-vplivom-alkohola-vozil-solarje","status":"publish","type":"post","link":"https:\/\/www.europesays.com\/si\/92405\/","title":{"rendered":"Pod vplivom alkohola vozil \u0161olarje"},"content":{"rendered":"<p>\t\t\t\t\t\t\t\t<a href=\"https:\/\/www.europesays.com\/si\/wp-content\/uploads\/2026\/05\/65566106.jpg\" itemprop=\"contentUrl\" data-size=\"1200x800\" data-large=\"https:\/\/www.europesays.com\/si\/wp-content\/uploads\/2026\/05\/65566106.jpg\"><br \/>\n\t\t\t\t\t\t\t\t\t<img decoding=\"async\" src=\"https:\/\/www.europesays.com\/si\/wp-content\/uploads\/2026\/05\/65566106.jpg\" title=\"Foto: MMC RTV SLO\" alt=\"Foto: MMC RTV SLO\"\/><br \/>\n\t\t\t\t\t\t\t\t<\/a><\/p>\n<p>\t\t\t\t\t\t\t\t\tFoto: MMC RTV SLO<\/p>\n<p>Odvzeli so mu vozni\u0161ko dovoljenje, prepovedali nadaljnjo vo\u017enjo in zaradi kr\u0161itev izdali pla\u010dilni nalog, so sporo\u010dili s policije. Po prihodu drugega voznika, ki je izpolnjeval pogoje za nadaljevanje prevoza, je avtobus z otroki nadaljeval pot, so sporo\u010dili s Policijske uprave Novo mesto.<\/p>\n<p>Vo\u017enja pod vplivom alkohola je \u0161e vedno eden glavnih dejavnikov tveganja za nastanek prometnih nesre\u010d. Vozniki pod vplivom alkohola praviloma slab\u0161e zaznavajo dogajanje na cestah, zmanj\u0161a se njihova mo\u017enost predvidevanja in presoje, pove\u010da pa se verjetnost povzro\u010ditve prometne nesre\u010de, so opozorili.<\/p>\n<p>Pri vozniku z 0,5 promila alkohola v krvi se verjetnost povzro\u010ditve prometne nesre\u010de podvoji, pri 1,1 promila alkohola pa kar osemkrat pove\u010da v primerjavi s treznim voznikom. Zato znova opozarjajo vse udele\u017eence cestnega prometa, da alkohol in promet nista zdru\u017eljiva.<\/p>\n<p>Policiste so istega dne nekaj po 17. uri obvestili o prometni nesre\u010di v Dolnjih Prapre\u010dah. 29-letni voznik osebnega avtomobila je pod vplivom alkohola izgubil oblast nad vozilom in tr\u010dil v ograjo mostu. La\u017eje po\u0161kodovanega so re\u0161evalci oskrbeli in odpeljali v bolni\u0161nico. V litru izdihanega zraka je imel 1,30 miligrama alkohola. O kr\u0161itvah bodo z obdol\u017eilnim predlogom seznanili sodi\u0161\u010de.<\/p>\n<p>Oglas<\/p>\n","protected":false},"excerpt":{"rendered":"Foto: MMC RTV SLO Odvzeli so mu vozni\u0161ko dovoljenje, prepovedali nadaljnjo vo\u017enjo in zaradi kr\u0161itev izdali pla\u010dilni nalog,&hellip;\n","protected":false},"author":2,"featured_media":92406,"comment_status":"","ping_status":"","sticky":false,"template":"","format":"standard","meta":{"footnotes":"","_share_on_mastodon":"0"},"categories":[6],"tags":[1675,326,215,59,61,62,37,58,60,38,14977,9118],"class_list":["post-92405","post","type-post","status-publish","format-standard","has-post-thumbnail","category-slovenija","tag-alkohol","tag-policija","tag-prometna-nesreca","tag-republic-of-slovenia","tag-republika-slovenija","tag-si","tag-slovene","tag-slovenia","tag-slovenija","tag-slovenscina","tag-solarji","tag-voznja"],"share_on_mastodon":{"url":"https:\/\/pubeurope.com\/@si\/116581069130736033","error":""},"_links":{"self":[{"href":"https:\/\/www.europesays.com\/si\/wp-json\/wp\/v2\/posts\/92405","targetHints":{"allow":["GET"]}}],"collection":[{"href":"https:\/\/www.europesays.com\/si\/wp-json\/wp\/v2\/posts"}],"about":[{"href":"https:\/\/www.europesays.com\/si\/wp-json\/wp\/v2\/types\/post"}],"author":[{"embeddable":true,"href":"https:\/\/www.europesays.com\/si\/wp-json\/wp\/v2\/users\/2"}],"replies":[{"embeddable":true,"href":"https:\/\/www.europesays.com\/si\/wp-json\/wp\/v2\/comments?post=92405"}],"version-history":[{"count":0,"href":"https:\/\/www.europesays.com\/si\/wp-json\/wp\/v2\/posts\/92405\/revisions"}],"wp:featuredmedia":[{"embeddable":true,"href":"https:\/\/www.europesays.com\/si\/wp-json\/wp\/v2\/media\/92406"}],"wp:attachment":[{"href":"https:\/\/www.europesays.com\/si\/wp-json\/wp\/v2\/media?parent=92405"}],"wp:term":[{"taxonomy":"category","embeddable":true,"href":"https:\/\/www.europesays.com\/si\/wp-json\/wp\/v2\/categories?post=92405"},{"taxonomy":"post_tag","embeddable":true,"href":"https:\/\/www.europesays.com\/si\/wp-json\/wp\/v2\/tags?post=92405"}],"curies":[{"name":"wp","href":"https:\/\/api.w.org\/{rel}","templated":true}]}}