{"id":93738,"date":"2026-05-17T09:13:07","date_gmt":"2026-05-17T09:13:07","guid":{"rendered":"https:\/\/www.europesays.com\/si\/93738\/"},"modified":"2026-05-17T09:13:07","modified_gmt":"2026-05-17T09:13:07","slug":"nba-superzvezdnik-stopil-v-bran-zadnjim-doncicevim-izjavam-ste-neumni","status":"publish","type":"post","link":"https:\/\/www.europesays.com\/si\/93738\/","title":{"rendered":"NBA superzvezdnik stopil v bran zadnjim Don\u010di\u0107evim izjavam: &#8220;Ste neumni?&#8221;"},"content":{"rendered":"<p>Gilbert Arenas je podal svoj pogled na zadnje izjave Luke Don\u010di\u0107a.<\/p>\n<p>V nadaljevanju preberite:<\/p>\n<p>Biv\u0161i NBA zvezdnik Arenas velja za velikega navija\u010da Lakers.<br \/>\nVse od prihoda Luke Don\u010di\u0107a je navdu\u0161en nad prihodnostjo ekipe.<br \/>\nPovsem razume, zakaj je Luka izjavil, da Reavesa ne bi zamenjal za Giannisa.<br \/>\nLukove besede je postavil v kontekst.<\/p>\n<p>Nekdanji veliki zvezdnik lige NBA\u00a0Gilbert Arenas\u00a0ni nikoli skrival, da je po\u00a0srcu veliki navija\u010d Los Angeles Lakers, ki zelo \u010dustveno spremlja dogajanje okoli svoje najljub\u0161e ekipe.<\/p>\n<p>\u010ceprav tekom svoje veli\u010dastne kariere, ko je bil kar trikrat \u010dlan ene izmed prvih peterk lige, ni nikoli zaigral za jezernike, pa se po koncu le-te pogosto pojavlja v ameri\u0161kih medijih, kjer deli svoje pogosto kontroverzno mnenje glede svoje najljub\u0161e ekipe.<\/p>\n<p>In Arenas v preteklem letu dni ni skrival navdu\u0161enja po prihodu\u00a0Luke Don\u010di\u0107a\u00a0v mesto angelov, saj je za\u010dutil, da bi Lakers lahko okoli svojega novega zvezdnika, \u010digar igro naravnost obo\u017euje, ponovno zgradili ekipo, ki bi se lahko borila za \u0161ampionski prstan.<\/p>\n<p><img decoding=\"async\" alt=\"Gilbert Arenas | Avtor: Twitter\" class=\"rwd\" data-href=\"https:\/\/www.zurnal24.si\/media\/img\/bb\/d2\/f23086d09e78280288ee.jpeg\" itemprop=\"image\" src=\"\/media\/img\/15\/10\/610dce57167a6b72705c.jpeg\"\/><\/p>\n<p>                Twitter<\/p>\n<p>In \u010deprav si sam \u017eeli \u010dim mo\u010dnej\u0161ih Lakers, se je v zadnjih dneh postavil v bran nedavni Lukovi izjavi, ko Slovenec izjavil, da si \u017eeli, da bi njegov veliki prijatelj\u00a0Austin Reaves\u00a0ostal \u010dlan Lakers, pa tudi \u010de bi jezerniki v zameno zanj lahko dobili\u00a0Giannisa Antetokounmpa.<\/p>\n<p>&#8220;Tudi sam bom to izrekel javno: &#8216;Ste neumni?&#8217;. Kaj pa naj bi rekel? Kdo za vraga bo rekel: &#8216;Ne, \u017eelim si Giannisa, da lahko osvojimo prvenstvo.&#8217;? Ne, javno se boste vedno postavili na stran svojih soigralcev, s katerimi se skupaj borite na igri\u0161\u010du,&#8221;\u00a0je Arenas za vse kritike Lukove besede postavil v pravi kontekst.<\/p>\n<p>&#8220;Toda, ali si \u017eelim iti v boj s pi\u0161tolco? Mogo\u010de malim uzijem, ali si \u017eelim tisti metalec raket, ki me \u010daka tam? Seveda mi dajte tisti metalec raket. Kajti izgleda, da bo z njim vse skupaj nekoliko la\u017eje. Bomo videli, kaj bo prineslo poletje,&#8221;\u00a0je zaklju\u010dil Arenas, ki je dal jasno vedeti, da ne verjame povsem Lukovim besedam, saj slovenski ko\u0161arkar predobro ve, kako stvari stojijo.<\/p>\n","protected":false},"excerpt":{"rendered":"Gilbert Arenas je podal svoj pogled na zadnje izjave Luke Don\u010di\u0107a. V nadaljevanju preberite: Biv\u0161i NBA zvezdnik Arenas&hellip;\n","protected":false},"author":2,"featured_media":88211,"comment_status":"","ping_status":"","sticky":false,"template":"","format":"standard","meta":{"footnotes":"","_share_on_mastodon":"0"},"categories":[16],"tags":[1267,5929,27872,344,879,342,343,62,37,58,60,38,94,93],"class_list":["post-93738","post","type-post","status-publish","format-standard","has-post-thumbnail","category-sport","tag-austin-reaves","tag-giannis-antetokounmpo","tag-gilbert-arenas","tag-kosarka","tag-los-angeles-lakers","tag-luka-doncic","tag-nba","tag-si","tag-slovene","tag-slovenia","tag-slovenija","tag-slovenscina","tag-sport","tag-sports"],"share_on_mastodon":{"url":"https:\/\/pubeurope.com\/@si\/116589153723426395","error":""},"_links":{"self":[{"href":"https:\/\/www.europesays.com\/si\/wp-json\/wp\/v2\/posts\/93738","targetHints":{"allow":["GET"]}}],"collection":[{"href":"https:\/\/www.europesays.com\/si\/wp-json\/wp\/v2\/posts"}],"about":[{"href":"https:\/\/www.europesays.com\/si\/wp-json\/wp\/v2\/types\/post"}],"author":[{"embeddable":true,"href":"https:\/\/www.europesays.com\/si\/wp-json\/wp\/v2\/users\/2"}],"replies":[{"embeddable":true,"href":"https:\/\/www.europesays.com\/si\/wp-json\/wp\/v2\/comments?post=93738"}],"version-history":[{"count":0,"href":"https:\/\/www.europesays.com\/si\/wp-json\/wp\/v2\/posts\/93738\/revisions"}],"wp:featuredmedia":[{"embeddable":true,"href":"https:\/\/www.europesays.com\/si\/wp-json\/wp\/v2\/media\/88211"}],"wp:attachment":[{"href":"https:\/\/www.europesays.com\/si\/wp-json\/wp\/v2\/media?parent=93738"}],"wp:term":[{"taxonomy":"category","embeddable":true,"href":"https:\/\/www.europesays.com\/si\/wp-json\/wp\/v2\/categories?post=93738"},{"taxonomy":"post_tag","embeddable":true,"href":"https:\/\/www.europesays.com\/si\/wp-json\/wp\/v2\/tags?post=93738"}],"curies":[{"name":"wp","href":"https:\/\/api.w.org\/{rel}","templated":true}]}}