{"id":94138,"date":"2026-05-17T17:02:08","date_gmt":"2026-05-17T17:02:08","guid":{"rendered":"https:\/\/www.europesays.com\/si\/94138\/"},"modified":"2026-05-17T17:02:08","modified_gmt":"2026-05-17T17:02:08","slug":"voznik-ponoci-na-prehodu-do-smrti-zbil-22-letno-dekle-ne-da-bi-sploh-zaviral-iscejo-ga-povsod","status":"publish","type":"post","link":"https:\/\/www.europesays.com\/si\/94138\/","title":{"rendered":"Voznik pono\u010di na prehodu do smrti zbil 22-letno dekle, ne da bi sploh zaviral, i\u0161\u010dejo ga povsod"},"content":{"rendered":"<p>V Zagrebu poteka obse\u017ena policijska preiskava po tragi\u010dni prometni nesre\u010di, v kateri je umrla 22-letna pe\u0161ka. Neznani voznik je po poro\u010danju hrva\u0161kih medijev dekle zadel na prehodu za pe\u0161ce, nato pa pobegnil s kraja nesre\u010de. Nesre\u010da se je zgodila pono\u010di v zagreb\u0161ki \u010detrti Pe\u0161\u010denica, v Ulici Donje Svetice. Re\u0161evalci so po prijavi hitro prispeli na kraj dogodka, vendar mladi \u017eenski niso ve\u010d mogli pomagati.<\/p>\n<p>Po navedbah pri\u010d naj bi voznik v 22-letnico tr\u010dil brez zaviranja, medtem ko je pre\u010dkala cesto po zebri. Po trku je sicer za kratek trenutek upo\u010dasnil, nato pa odpeljal naprej in izginil. Hrva\u0161ka policija zdaj intenzivno i\u0161\u010de voznika in zbira informacije o okoli\u0161\u010dinah nesre\u010de. Na kraju tragedije je potekal policijski ogled, preiskovalci pa pozivajo morebitne pri\u010de, naj pomagajo pri iskanju povzro\u010ditelja.<\/p>\n","protected":false},"excerpt":{"rendered":"V Zagrebu poteka obse\u017ena policijska preiskava po tragi\u010dni prometni nesre\u010di, v kateri je umrla 22-letna pe\u0161ka. Neznani voznik&hellip;\n","protected":false},"author":2,"featured_media":94139,"comment_status":"","ping_status":"","sticky":false,"template":"","format":"standard","meta":{"footnotes":"","_share_on_mastodon":"0"},"categories":[20],"tags":[32,35,502,31,34,36,2052,37,38,7961,33,3086],"class_list":["post-94138","post","type-post","status-publish","format-standard","has-post-thumbnail","category-novice","tag-headlines","tag-najpomembnejse-novice","tag-nesreca","tag-news","tag-novice","tag-osrednje-novice","tag-pobeg","tag-slovene","tag-slovenscina","tag-smrtni-izid","tag-top-stories","tag-zagreb"],"share_on_mastodon":{"url":"https:\/\/pubeurope.com\/@si\/116590998047618067","error":""},"_links":{"self":[{"href":"https:\/\/www.europesays.com\/si\/wp-json\/wp\/v2\/posts\/94138","targetHints":{"allow":["GET"]}}],"collection":[{"href":"https:\/\/www.europesays.com\/si\/wp-json\/wp\/v2\/posts"}],"about":[{"href":"https:\/\/www.europesays.com\/si\/wp-json\/wp\/v2\/types\/post"}],"author":[{"embeddable":true,"href":"https:\/\/www.europesays.com\/si\/wp-json\/wp\/v2\/users\/2"}],"replies":[{"embeddable":true,"href":"https:\/\/www.europesays.com\/si\/wp-json\/wp\/v2\/comments?post=94138"}],"version-history":[{"count":0,"href":"https:\/\/www.europesays.com\/si\/wp-json\/wp\/v2\/posts\/94138\/revisions"}],"wp:featuredmedia":[{"embeddable":true,"href":"https:\/\/www.europesays.com\/si\/wp-json\/wp\/v2\/media\/94139"}],"wp:attachment":[{"href":"https:\/\/www.europesays.com\/si\/wp-json\/wp\/v2\/media?parent=94138"}],"wp:term":[{"taxonomy":"category","embeddable":true,"href":"https:\/\/www.europesays.com\/si\/wp-json\/wp\/v2\/categories?post=94138"},{"taxonomy":"post_tag","embeddable":true,"href":"https:\/\/www.europesays.com\/si\/wp-json\/wp\/v2\/tags?post=94138"}],"curies":[{"name":"wp","href":"https:\/\/api.w.org\/{rel}","templated":true}]}}