{"id":94295,"date":"2026-05-17T19:47:10","date_gmt":"2026-05-17T19:47:10","guid":{"rendered":"https:\/\/www.europesays.com\/si\/94295\/"},"modified":"2026-05-17T19:47:10","modified_gmt":"2026-05-17T19:47:10","slug":"nekdanji-ruski-agent-razkril-dramaticno-zgodbo-o-begu-pred-putinovimi-ljudmi-lezal-sem-v-truplu-krave","status":"publish","type":"post","link":"https:\/\/www.europesays.com\/si\/94295\/","title":{"rendered":"Nekdanji ruski agent razkril dramati\u010dno zgodbo o begu pred Putinovimi ljudmi: \u00bbLe\u017eal sem v truplu krave\u00ab"},"content":{"rendered":"<p>Nekdanji visoko rangirani agent ruske varnostne slu\u017ebe FSB, Dmitrij Senin, \u017ee vrsto let \u017eivi na begu pred lastno dr\u017eavo. V obse\u017eni izpovedi je razkril podrobnosti svojega dramati\u010dnega pobega, zasledovanja po Evropi in \u017eivljenja v skrivali\u0161\u010du, potem ko naj bi ga ruske oblasti obto\u017eile kaznivih dejanj, ki jih sam odlo\u010dno zanika, poro\u010da hrva\u0161ki Dnevnik.<\/p>\n<p>Eden najbolj pretresljivih trenutkov njegove zgodbe sega v leto 2022, ko je iz Rusije pobegnil na izjemno nenavaden na\u010din. \u00bbLe\u017eal sem v truplu krave ve\u010d kot eno uro in \u010dakal, da se razmere umirijo,\u00ab je opisal. Oble\u010den v za\u0161\u010ditno opremo in ovit v aluminijasto folijo, da bi se izognil termovizijskim kameram, je nepremi\u010dno \u010dakal v poginuli \u017eivali, preden je lahko nadaljeval beg \u010dez mejo s Kazahstanom.<\/p>\n<p><img decoding=\"async\" class=\"article__img-tag-visible\" src=\"https:\/\/www.europesays.com\/si\/wp-content\/uploads\/2026\/05\/2873218.width-660.format-webp.webp\" alt=\"Ruski vojaki. FOTO: REUTERS\u00a0\" img_id=\"11542361\" data-img-id=\"11542361\"\/><\/p>\n<p>Ruski vojaki. FOTO: REUTERS\u00a0<\/p>\n<p>Senin vztraja, da ni prebe\u017enik, temve\u010d \u017ertev politi\u010dnega pregona. \u00bbNisem imel pomo\u010di tujih obve\u0161\u010devalnih slu\u017eb. Odlo\u010dil sem se, ker sem vedel, da me \u010daka\u00a0zapor &#8211; in po tem smrt,\u00ab je dejal. Njegove te\u017eave naj bi se za\u010dele leta 2016, ko je posredoval informacijo o sumljivem stanovanju v Moskvi, kjer so kasneje na\u0161li ve\u010d kot 120 milijonov dolarjev gotovine. Primer je mo\u010dno odmeval, kmalu zatem pa se je preiskava obrnila tudi proti njemu. \u00bbNisem razumel, kaj sem storil narobe. A vedel sem eno &#8211;\u00a0\u010de me zaprejo, ne bom nikoli mogel dokazati svoje nedol\u017enosti,\u00ab pravi. Prepri\u010dan je, da je razjezil vplivne posameznike, zaradi \u010desar naj bi mu podtaknili obto\u017ebe o korupciji. Leta 2023 je bil v odsotnosti obsojen na devet let zapora.<\/p>\n<p>Prejel opozorila, da je njegovo \u017eivljenje v nevarnosti\u00a0<\/p>\n<p>Po prvem pobegu iz Rusije naj bi ga za\u010dele iskati tudi ruske obve\u0161\u010devalne mre\u017ee v Evropi. Po podatkih evropskih preiskav so ga sku\u0161ali izslediti celo prek povezav v ve\u010d dr\u017eavah, med drugim tudi na obmo\u010dju Balkana. \u00bbRusija uporablja Evropo kot operativni prostor,\u00ab trdi Senin. \u00bbGre za ve\u010dplastne operacije &#8211; od tehni\u010dnega nadzora do objav osebnih podatkov.\u00ab<\/p>\n<p><img decoding=\"async\" class=\"article__img-tag-visible\" src=\"https:\/\/www.europesays.com\/si\/wp-content\/uploads\/2026\/05\/2873210.width-660.format-webp.webp\" alt=\"Vladimir Putin.\u00a0FOTO: Mikhail Metzel Afp\" img_id=\"11542391\" data-img-id=\"11542391\"\/><\/p>\n<p>Vladimir Putin.\u00a0FOTO: Mikhail Metzel Afp<\/p>\n<p>Po njegovih besedah se je za kratek \u010das celo vrnil v Rusijo, kjer je pod krinko posku\u0161al o\u010distiti svoje ime. \u00bbUporabljal sem razli\u010dne preobleke, hodil sem z berglami, pretvarjal sem se, da sem invalid,\u00ab opisuje. Kljub temu mu ni uspelo, zato se je odlo\u010dil za nov pobeg. Po dramati\u010dnem prehodu meje je prek Kazahstana odpotoval v \u010crno goro, kjer je zaprosil za azil. Sprva je bil pridr\u017ean na podlagi mednarodne tiralice, a so oblasti kasneje zavrnile zahtevo za izro\u010ditev, saj so ocenile, da gre za politi\u010dni pregon. Kljub temu tam ni ostal dolgo. \u00bbPrejel sem ve\u010d opozoril, da je moje \u017eivljenje v nevarnosti,\u00ab je dejal.<\/p>\n<p>Danes \u017eivi na neznani lokaciji, in kot pravi, nenehno pazi na svojo varnost. \u00bbNi me strah za moje \u017eivljenje. Strah me je za mojo dru\u017eino,\u00ab poudarja. \u00bb\u010ce padem v njihove roke, kdo bo poskrbel za moje otroke?\u00ab Kljub letom bega ostaja prepri\u010dan, da se bo neko\u010d lahko vrnil v domovino. \u00bbPri\u0161le bodo spremembe. Putin ne bo ve\u010den,\u00ab pravi. Njegova zgodba pa medtem razkriva zakulisje delovanja ruskih varnostnih struktur in tveganja, s katerimi se soo\u010dajo posamezniki, ki se znajdejo na napa\u010dni strani sistema.<\/p>\n<p><img decoding=\"async\" class=\"article__img-tag-visible\" src=\"https:\/\/www.europesays.com\/si\/wp-content\/uploads\/2026\/05\/2873221.width-660.format-webp.webp\" alt=\"Ruski vojaki danes zjutraj. FOTO: REUTERS\u00a0\" img_id=\"11542381\" data-img-id=\"11542381\"\/><\/p>\n<p>Ruski vojaki danes zjutraj. FOTO: REUTERS\u00a0<\/p>\n","protected":false},"excerpt":{"rendered":"Nekdanji visoko rangirani agent ruske varnostne slu\u017ebe FSB, Dmitrij Senin, \u017ee vrsto let \u017eivi na begu pred lastno&hellip;\n","protected":false},"author":2,"featured_media":94296,"comment_status":"","ping_status":"","sticky":false,"template":"","format":"standard","meta":{"footnotes":"","_share_on_mastodon":"0"},"categories":[8],"tags":[27989,2052,76,421,37,38,64,643,757,63],"class_list":["post-94295","post","type-post","status-publish","format-standard","has-post-thumbnail","category-svet","tag-dmitry-senin","tag-pobeg","tag-preiskava","tag-rusija","tag-slovene","tag-slovenscina","tag-svet","tag-varnost","tag-vladimir-putin","tag-world"],"share_on_mastodon":{"url":"https:\/\/pubeurope.com\/@si\/116591647115373193","error":""},"_links":{"self":[{"href":"https:\/\/www.europesays.com\/si\/wp-json\/wp\/v2\/posts\/94295","targetHints":{"allow":["GET"]}}],"collection":[{"href":"https:\/\/www.europesays.com\/si\/wp-json\/wp\/v2\/posts"}],"about":[{"href":"https:\/\/www.europesays.com\/si\/wp-json\/wp\/v2\/types\/post"}],"author":[{"embeddable":true,"href":"https:\/\/www.europesays.com\/si\/wp-json\/wp\/v2\/users\/2"}],"replies":[{"embeddable":true,"href":"https:\/\/www.europesays.com\/si\/wp-json\/wp\/v2\/comments?post=94295"}],"version-history":[{"count":0,"href":"https:\/\/www.europesays.com\/si\/wp-json\/wp\/v2\/posts\/94295\/revisions"}],"wp:featuredmedia":[{"embeddable":true,"href":"https:\/\/www.europesays.com\/si\/wp-json\/wp\/v2\/media\/94296"}],"wp:attachment":[{"href":"https:\/\/www.europesays.com\/si\/wp-json\/wp\/v2\/media?parent=94295"}],"wp:term":[{"taxonomy":"category","embeddable":true,"href":"https:\/\/www.europesays.com\/si\/wp-json\/wp\/v2\/categories?post=94295"},{"taxonomy":"post_tag","embeddable":true,"href":"https:\/\/www.europesays.com\/si\/wp-json\/wp\/v2\/tags?post=94295"}],"curies":[{"name":"wp","href":"https:\/\/api.w.org\/{rel}","templated":true}]}}