{"id":94365,"date":"2026-05-17T21:08:08","date_gmt":"2026-05-17T21:08:08","guid":{"rendered":"https:\/\/www.europesays.com\/si\/94365\/"},"modified":"2026-05-17T21:08:08","modified_gmt":"2026-05-17T21:08:08","slug":"ukradel-zlebove-in-poskusal-z-avtom-zbiti-policista-a-to-se-ni-bilo-vse","status":"publish","type":"post","link":"https:\/\/www.europesays.com\/si\/94365\/","title":{"rendered":"Ukradel \u017elebove in posku\u0161al z avtom zbiti policista, a to \u0161e ni bilo vse"},"content":{"rendered":"<p>V petek popoldan, malo pred 13. uro, so bili policisti obve\u0161\u010deni, da sta v naselju v okolici Kopra dva mo\u0161ka s hi\u0161e ukradla \u017elebove in se s kraja odpeljala s sivim peugeotom. Nedale\u010d stran\u00a0je vozilo opazil policist vodnik slu\u017ebenega psa, ko je z veliko hitrostjo peljalo po travnati povr\u0161ini. Avto je hotel ustaviti, voznik pa je zapeljal proti njemu, zaradi \u010desar je moral policist odsko\u010diti, da je prepre\u010dil tr\u010denje vanj, so sporo\u010dili s Policijske uprave (PU) Koper. Avto so nato\u00a0opazili med vo\u017enjo po avtocesti v smeri Kopra, voznik pa na znake policistov ni ustavil in je z be\u017eanjem in nevarno vo\u017enjo nadaljeval po mestnih ulicah Kopra.<\/p>\n<p>\u00bbVozil je predrzno in brezobzirno, na cesti, ki ima dva prometna pasova za vo\u017enjo v eno smer, je vozil po nasprotnem smernem vozi\u0161\u010du, na nepreglednih odsekih ceste ni prilagodil hitrosti vo\u017enje,\u00a0&#8230; S tak\u0161no vo\u017enjo je povzro\u010dil neposredno nevarnost ljudem, ki so se takrat zna\u0161li ob prehodih za pe\u0161ce in ob vozi\u0161\u010du,\u00ab je po\u010detje nevarnega voznika opisal\u00a0vodja Operativno komunikacijskega centra PU Koper David Iskra. Policistom voznika ni uspelo ustaviti, so pa prazen avto na\u0161li parkiran na Vla\u010di\u010devi ulici v Kopru. \u00bbOpravljen je bil ogled vozila, policisti pa nadaljujejo z zbiranjem obvestil zaradi storitve kaznivih dejanj tatvine, prepre\u010ditve uradnega dejanja ali ma\u0161\u010devanja uradni osebi in nevarne vo\u017enje v cestnem prometu,\u00ab je \u0161e navedel Iskra in dodal: \u00bbVse pe\u0161ce, ki jih je omenjeni\u00a0voznik ogro\u017eal v \u010dasu vo\u017enje po mestnih ulicah Kopra, napro\u0161amo, da se zglasijo na PP Koper.\u00ab<\/p>\n","protected":false},"excerpt":{"rendered":"V petek popoldan, malo pred 13. uro, so bili policisti obve\u0161\u010deni, da sta v naselju v okolici Kopra&hellip;\n","protected":false},"author":2,"featured_media":94366,"comment_status":"","ping_status":"","sticky":false,"template":"","format":"standard","meta":{"footnotes":"","_share_on_mastodon":"0"},"categories":[25],"tags":[161,27995,2052,326,827,62,37,58,60,38,2483],"class_list":["post-94365","post","type-post","status-publish","format-standard","has-post-thumbnail","category-koper","tag-koper","tag-ogrozanje","tag-pobeg","tag-policija","tag-promet","tag-si","tag-slovene","tag-slovenia","tag-slovenija","tag-slovenscina","tag-tatvina"],"share_on_mastodon":{"url":"https:\/\/pubeurope.com\/@si\/116591965199966564","error":""},"_links":{"self":[{"href":"https:\/\/www.europesays.com\/si\/wp-json\/wp\/v2\/posts\/94365","targetHints":{"allow":["GET"]}}],"collection":[{"href":"https:\/\/www.europesays.com\/si\/wp-json\/wp\/v2\/posts"}],"about":[{"href":"https:\/\/www.europesays.com\/si\/wp-json\/wp\/v2\/types\/post"}],"author":[{"embeddable":true,"href":"https:\/\/www.europesays.com\/si\/wp-json\/wp\/v2\/users\/2"}],"replies":[{"embeddable":true,"href":"https:\/\/www.europesays.com\/si\/wp-json\/wp\/v2\/comments?post=94365"}],"version-history":[{"count":0,"href":"https:\/\/www.europesays.com\/si\/wp-json\/wp\/v2\/posts\/94365\/revisions"}],"wp:featuredmedia":[{"embeddable":true,"href":"https:\/\/www.europesays.com\/si\/wp-json\/wp\/v2\/media\/94366"}],"wp:attachment":[{"href":"https:\/\/www.europesays.com\/si\/wp-json\/wp\/v2\/media?parent=94365"}],"wp:term":[{"taxonomy":"category","embeddable":true,"href":"https:\/\/www.europesays.com\/si\/wp-json\/wp\/v2\/categories?post=94365"},{"taxonomy":"post_tag","embeddable":true,"href":"https:\/\/www.europesays.com\/si\/wp-json\/wp\/v2\/tags?post=94365"}],"curies":[{"name":"wp","href":"https:\/\/api.w.org\/{rel}","templated":true}]}}