{"id":94473,"date":"2026-05-18T00:49:11","date_gmt":"2026-05-18T00:49:11","guid":{"rendered":"https:\/\/www.europesays.com\/si\/94473\/"},"modified":"2026-05-18T00:49:11","modified_gmt":"2026-05-18T00:49:11","slug":"fis-potrdil-pomembno-odlocitev-ki-bo-navdusila-niko-prevc","status":"publish","type":"post","link":"https:\/\/www.europesays.com\/si\/94473\/","title":{"rendered":"FIS potrdil pomembno odlo\u010ditev, ki bo navdu\u0161ila Niko Prevc!"},"content":{"rendered":"<p>Svetovno prvenstvo v nordijskem smu\u010danju leta 2029 bo v Lahtiju, skakalnem sredi\u0161\u010du, kjer v zadnjih letih dominira Nika Prevc.<\/p>\n<p>V nadaljevanju preberite:<\/p>\n<p>Predsedstvo FIS potrdilo Lahti za gostitelja SPv nordijskem smu\u010danju 2029.<br \/>\nPotrjena tudi Narvik in\u00a0Zangjiakou za alpsko smu\u010danje\u00a0in deskanje ter prosti slog.<br \/>\nIzjemna dominanca Nike Prevc v Lahtiju.<br \/>\nBrata Domna na Lahti ne ve\u017eejo najlep\u0161i spomini.<br \/>\nV Lahtiju izjemni uspehi tudi drugih Slovencev.<\/p>\n<p>\u010clani predsedstva Mednarodne smu\u010darske zveze (Fis) so v petek uradno potrdili\u00a0Lahti kot gostitelja svetovnega prvenstva v nordijskem smu\u010danju, ki bo potekalo leta 2029 od 28. februarja do 11. marca.<\/p>\n<p>Prav tako so potrdili tudi Narvik kot gostitelja svetovnega prvenstva v alpskem smu\u010danju od 13. do 29. februarja leta 2029, svetovno prvenstvo v deskanju na snegu, prostem slogu in prostem slogu smu\u010danja pa bo leta 2029 gostil Zangjiakou na Kitajskem, in sicer od 21. januarja do 4. februarja.<\/p>\n<p><img decoding=\"async\" alt=\"Nika Prevc | Avtor: Profimedia\" class=\"rwd\" data-href=\"https:\/\/www.zurnal24.si\/media\/img\/6e\/3f\/feb07864520559213ae7.jpeg\" itemprop=\"image\" src=\"\/media\/img\/01\/72\/9968bbd289881fe1be5c.jpeg\"\/><\/p>\n<p>                Profimedia<\/p>\n<p>Izbira Lahtija je zagotovo zelo razveselila na\u0161o skakalno junakinjo\u00a0Niko Prevc,\u00a0ki jo na to finsko skakalno sredi\u0161\u010de ve\u017eejo lepi spomini, saj zadnji dve sezoni tu sploh ne pozna poraza, Lahti pa je postal prizori\u0161\u010de njenih najbolj dominantnih predstav.<\/p>\n<p>Prev\u010deva je namre\u010d v zadnjih dveh sezonah v Lahtiju slavila na vseh \u0161tirih tekmah svetovnega pokala. \u0160e posebej dominantna je bila v sezoni 2024\/25, ko je prvo tekmo dobila z ve\u010d kot 25 to\u010dkami prednosti pred\u00a0Selino Freitag,\u00a0medtem ko je na drugi tekmi Nemko na drugem mestu premagala za ve\u010d kot 50 to\u010dk, slovenski uspeh pa je dopolnila\u00a0Ema Klinec\u00a0s tretjim mestom.<\/p>\n<p><img decoding=\"async\" alt=\"Nika Prevc in Ema Klinec | Avtor: Profimedia\" class=\"rwd\" data-href=\"https:\/\/www.zurnal24.si\/media\/img\/7d\/ac\/db66bb765bd002c061d3.jpeg\" itemprop=\"image\" src=\"\/media\/img\/e3\/99\/9b09a212edefe8baf065.jpeg\"\/><\/p>\n<p>                Profimedia<\/p>\n<p>Prav tako zanesljiva je bila Prev\u010deva tudi v leto\u0161nji sezoni, ko je na obeh tekmah slavila pred\u00a0Anno Odine Stroem.\u00a0Norve\u017eanko je obakrat premagala za skoraj 15 to\u010dk, medtem ko so vse ostale skakalke zaostale \u017ee za skorajda 30 to\u010dk. Prav Odine Stroemova pa je edina, ki se lahko pohvali, da je v Lahtiju v zadnjih dveh letih le pri\u0161la do skalpa na\u0161e skakalke, ko jo je v kvalifikacijah leto\u0161nje druge tekme premagala za 0,3 to\u010dke.<\/p>\n<p>Nekoliko manj lepe spomine pa ima na to finsko skakalno sredi\u0161\u010de Nikin brat\u00a0Domen Prevc,\u00a0ki je v svoji &#8220;domenantni&#8221; sezoni na prvi tekmi svetovnega pokala \u017ee ugnal vso konkurenco, a mu je bila zmaga naknadno zaradi diskvalifikacije odvzeta. Na drugi tekmi svetovnega pokala pa je za vsega 0,6 to\u010dke ostal brez svoje prve zmage v Lahtiju, ko ga je premagal\u00a0Daniel Tschofenig.\u00a0To so sicer bile Domnove sploh prve posami\u010dne stopni\u010dke v Lahtiju.<\/p>\n<p><img decoding=\"async\" alt=\"Lovro Kos | Avtor: Profimedia\" class=\"rwd\" data-href=\"https:\/\/www.zurnal24.si\/media\/img\/af\/3e\/aa4a0f90dd6b6776122a.jpeg\" itemprop=\"image\" src=\"\/media\/img\/8f\/c3\/34d3c3086c767627fb89.jpeg\"\/><\/p>\n<p>                Profimedia<\/p>\n<p>Ima pa zato na Lahti lepe spomine \u0161e kar nekaj na\u0161ih aktivnih skakalcev, ki bodo upali, da na SP 2029 ponovijo rezultate iz preteklosti.\u00a0Lovro Kos\u00a0je namre\u010d ravno v Lahtiju leta 2024 dosegel svojo drugo in zaenkrat zadnjo zmago v svetovnem pokalu, leta 2025 je tu slavil\u00a0An\u017ee Lani\u0161ek,\u00a0medtem ko je leta 2024 tu zmagala tudi\u00a0Nika Vodan.<\/p>\n<p>\u010clani predsedstva so prav tako pregledali to\u010dke, ki bodo uvr\u0161\u010dene na dnevni red prihajajo\u010dega volilnega kongresa, vklju\u010dno s predlaganim prora\u010dunom za finan\u010dno leto 2026\/27, ki bo predlo\u017een kongresu v odobritev. Naslednje zasedanje predsedstva organizacije bo 10. junija v Beogradu v Srbiji, dan pred kongresom, na katerem bodo volili novo vodstvo krovne smu\u010darske federacije.<\/p>\n","protected":false},"excerpt":{"rendered":"Svetovno prvenstvo v nordijskem smu\u010danju leta 2029 bo v Lahtiju, skakalnem sredi\u0161\u010du, kjer v zadnjih letih dominira Nika&hellip;\n","protected":false},"author":2,"featured_media":94474,"comment_status":"","ping_status":"","sticky":false,"template":"","format":"standard","meta":{"footnotes":"","_share_on_mastodon":"0"},"categories":[16],"tags":[1505,535,532,6067,28026,534,577,62,37,58,60,38,533,28024,28025,94,93],"class_list":["post-94473","post","type-post","status-publish","format-standard","has-post-thumbnail","category-sport","tag-anze-lanisek","tag-domen-prevc","tag-fis","tag-lahti","tag-lovro-kos","tag-nika-prevc","tag-nika-vodan","tag-si","tag-slovene","tag-slovenia","tag-slovenija","tag-slovenscina","tag-smucarski-skoki","tag-sp-v-nordijskem-smucanju","tag-sp-v-smucarskih-skokih","tag-sport","tag-sports"],"share_on_mastodon":{"url":"https:\/\/pubeurope.com\/@si\/116592834401647437","error":""},"_links":{"self":[{"href":"https:\/\/www.europesays.com\/si\/wp-json\/wp\/v2\/posts\/94473","targetHints":{"allow":["GET"]}}],"collection":[{"href":"https:\/\/www.europesays.com\/si\/wp-json\/wp\/v2\/posts"}],"about":[{"href":"https:\/\/www.europesays.com\/si\/wp-json\/wp\/v2\/types\/post"}],"author":[{"embeddable":true,"href":"https:\/\/www.europesays.com\/si\/wp-json\/wp\/v2\/users\/2"}],"replies":[{"embeddable":true,"href":"https:\/\/www.europesays.com\/si\/wp-json\/wp\/v2\/comments?post=94473"}],"version-history":[{"count":0,"href":"https:\/\/www.europesays.com\/si\/wp-json\/wp\/v2\/posts\/94473\/revisions"}],"wp:featuredmedia":[{"embeddable":true,"href":"https:\/\/www.europesays.com\/si\/wp-json\/wp\/v2\/media\/94474"}],"wp:attachment":[{"href":"https:\/\/www.europesays.com\/si\/wp-json\/wp\/v2\/media?parent=94473"}],"wp:term":[{"taxonomy":"category","embeddable":true,"href":"https:\/\/www.europesays.com\/si\/wp-json\/wp\/v2\/categories?post=94473"},{"taxonomy":"post_tag","embeddable":true,"href":"https:\/\/www.europesays.com\/si\/wp-json\/wp\/v2\/tags?post=94473"}],"curies":[{"name":"wp","href":"https:\/\/api.w.org\/{rel}","templated":true}]}}