{"id":94889,"date":"2026-05-18T10:23:09","date_gmt":"2026-05-18T10:23:09","guid":{"rendered":"https:\/\/www.europesays.com\/si\/94889\/"},"modified":"2026-05-18T10:23:09","modified_gmt":"2026-05-18T10:23:09","slug":"del-odpadkov-z-gradbisca-zapora-v-dobrunjah-koncal-na-parceli-zupana-dobrepolja-janeza-pavlina","status":"publish","type":"post","link":"https:\/\/www.europesays.com\/si\/94889\/","title":{"rendered":"Del odpadkov z gradbi\u0161\u010da zapora v Dobrunjah kon\u010dal na parceli \u017eupana Dobrepolja Janeza Pavlina"},"content":{"rendered":"<p>\t\t\t\t\t\t\t\t<a href=\"https:\/\/www.europesays.com\/si\/wp-content\/uploads\/2026\/05\/66908137.jpg\" itemprop=\"contentUrl\" data-size=\"1200x800\" data-large=\"https:\/\/www.europesays.com\/si\/wp-content\/uploads\/2026\/05\/66908137.jpg\"><br \/>\n\t\t\t\t\t\t\t\t\t<img decoding=\"async\" src=\"https:\/\/www.europesays.com\/si\/wp-content\/uploads\/2026\/05\/66908137.jpg\" title=\"Kot so novembra lani razkrili na portalu Preiskovalno, je bilo iz gradbene jame za zapor Dobrunje mimo pravil odlo\u017eenih za 840 tovornjakov gradbenih odpadkov. Foto: Televizija Slovenija, zajem zaslona\" alt=\"Kot so novembra lani razkrili na portalu Preiskovalno, je bilo iz gradbene jame za zapor Dobrunje mimo pravil odlo\u017eenih za 840 tovornjakov gradbenih odpadkov. Foto: Televizija Slovenija, zajem zaslona\"\/><br \/>\n\t\t\t\t\t\t\t\t<\/a><\/p>\n<p>\t\t\t\t\t\t\t\t\tKot so novembra lani razkrili na portalu Preiskovalno, je bilo iz gradbene jame za zapor Dobrunje mimo pravil odlo\u017eenih za 840 tovornjakov gradbenih odpadkov. Foto: Televizija Slovenija, zajem zaslona<\/p>\n<p>Gre za parcelo v Ponikvah, oddaljeno kilometer od njegove hi\u0161e. Po poro\u010danju portala Preiskovalno je okoljska in\u0161pekcija z analizo GPS-podatkov ugotovila, da je bilo opravljenih osem vo\u017eenj s tovornjaki, v katerih je bilo na \u017eupanovo parcelo iz Dobrunj prepeljanih 96 kubi\u010dnih metrov odpadkov.<\/p>\n<p>Oglas<\/p>\n<p>Odpadke je na \u017eupanovo parcelo nezakonito namesto v predelovalni center peljal med 8. in 23. novembrom 2023 prevoznik Anton Grandovec. Za te odpadke je v eviden\u010dnih listih navedel la\u017ene lokacije, navaja portal.<\/p>\n<p>Kot je za STA povedal Pavlin, za odlaganje odpadkov na njegovi parceli ni vedel in zanj tudi nikoli ni dal dovoljenja. V \u010dasu, ko je bil izveden dovoz, je imel hude zdravstvene te\u017eave, ki so ga prikovale na dom in na dolgotrajno rehabilitacijo, zato ni vedel, kaj se dogaja. Tudi sicer na parcelo ne hodi, saj je ne uporablja. Jezen je, kako je sploh mogo\u010de, da je lahko nekdo z dr\u017eavnega gradbi\u0161\u010da odpeljal in nezakonito odlo\u017eil toliko odpadkov.<\/p>\n<p>Glede na odlo\u010dbo mora odpadke zdaj odstraniti na svoje stro\u0161ke, in sicer do 18. septembra. Ob tem pa opozarja, da denarja za sanacijo nima, saj njegovi prihodki kot u\u010ditelja in nepoklicnega \u017eupana niso veliki. Zato upa, da bo in\u0161pekcija spremenila svojo odlo\u010dbo.<\/p>\n<p>Grandovec trdi, da je parcela njegova<\/p>\n<p>Grandovca sicer pozna, saj \u017eivi le nekaj kilometrov od njega. Kot je povedal, je \u017eelel Grandovec pred leti parcelo, veliko 7000 kvadratnih metrov, od njega kupiti. Zanjo mu je dal 3000 evrov are, potem pa ga ni bilo ve\u010d na spregled.<\/p>\n<p>\t\t\t\t\t\t\t\t\t<a href=\"https:\/\/www.rtvslo.si\/n\/765364\" class=\"image-link image-heading image-container container-16-9\" data-large=\"https:\/\/img.rtvcdn.si\/_up\/upload\/2022\/10\/26\/66028785.jpg\" rel=\"nofollow noopener\" target=\"_blank\"><br \/>\n\t\t\t\t\t\t\t\t\t\t<img decoding=\"async\" src=\"https:\/\/www.europesays.com\/si\/wp-content\/uploads\/2026\/05\/66028785_thumb.jpg\" class=\"image-preview\"\/><br \/>\n\t\t\t\t\t\t\t\t\t<\/a><\/p>\n<p>\t\t\t\t\t\t\t\t\t\tSorodna novica<br \/>\n\t\t\t\t\t\t\t\t\t\t<a href=\"https:\/\/www.rtvslo.si\/n\/765364\" rel=\"nofollow noopener\" target=\"_blank\">Z gradbi\u0161\u010da zapora v Dobrunjah naj bi odpadke odva\u017eali tudi na \u010drna odlagali\u0161\u010da<\/a><\/p>\n<p>Grandovec zdaj trdi, da je parcelo od \u017eupana kupil. &#8220;To je moja parcela. Sem jo kupil od njega,&#8221; je preko SMS-sporo\u010dila odgovoril novinarjem portala. Na dodatno vpra\u0161anje, kdaj je kupil in ali obstaja pogodba o nakupu, pa ni ve\u010d odgovarjal. Pavlin nakup zanika in pravi, da bi, \u010de bi parcelo res kupil, o tem zagotovo obstajala pogodba.<\/p>\n<p>Zgodba z odlaganjem odpadkov na Pavlinovi parceli je sicer le del \u0161ir\u0161e zgodbe, ki jo preiskujejo in\u0161pekcije in organi pregona. Kot so novembra lani razkrili na portalu Preiskovalno, je bilo iz gradbene jame za zapor Dobrunje mimo pravil odlo\u017eenih za 840 tovornjakov gradbenih odpadkov. Razvozili naj bi jih na 32 do 34 lokacij po Sloveniji. V okviru in\u0161pekcijskih postopkov naj bi jih bilo doslej preiskanih in uradno potrjenih \u0161est, skupno pa naj bi zaradi nepravilnega odlaganja teklo 19 in\u0161pekcijskih postopkov.<\/p>\n<p>Kot je nazadnje v soboto poro\u010dal portal, policija v okviru kriminalisti\u010dne preiskave v zvezi s tem zasli\u0161uje \u0161oferje avtoprevoznika Antona Grandovca in \u010drnomaljskega podjetja Pangra Martina Panjana, ki naj bi morali odpadke na \u010drno zakopavati v gozdnih vrta\u010dah, na kmetijskih zemlji\u0161\u010dih in drugje.<\/p>\n<p>Oglas<\/p>\n","protected":false},"excerpt":{"rendered":"Kot so novembra lani razkrili na portalu Preiskovalno, je bilo iz gradbene jame za zapor Dobrunje mimo pravil&hellip;\n","protected":false},"author":2,"featured_media":94890,"comment_status":"","ping_status":"","sticky":false,"template":"","format":"standard","meta":{"footnotes":"","_share_on_mastodon":"0"},"categories":[6],"tags":[7221,28112,8086,256,28111,59,61,62,37,58,60,38],"class_list":["post-94889","post","type-post","status-publish","format-standard","has-post-thumbnail","category-slovenija","tag-dobrunje","tag-grandovec","tag-inspekcija","tag-odpadki","tag-pavlin","tag-republic-of-slovenia","tag-republika-slovenija","tag-si","tag-slovene","tag-slovenia","tag-slovenija","tag-slovenscina"],"share_on_mastodon":{"url":"https:\/\/pubeurope.com\/@si\/116595091486506871","error":""},"_links":{"self":[{"href":"https:\/\/www.europesays.com\/si\/wp-json\/wp\/v2\/posts\/94889","targetHints":{"allow":["GET"]}}],"collection":[{"href":"https:\/\/www.europesays.com\/si\/wp-json\/wp\/v2\/posts"}],"about":[{"href":"https:\/\/www.europesays.com\/si\/wp-json\/wp\/v2\/types\/post"}],"author":[{"embeddable":true,"href":"https:\/\/www.europesays.com\/si\/wp-json\/wp\/v2\/users\/2"}],"replies":[{"embeddable":true,"href":"https:\/\/www.europesays.com\/si\/wp-json\/wp\/v2\/comments?post=94889"}],"version-history":[{"count":0,"href":"https:\/\/www.europesays.com\/si\/wp-json\/wp\/v2\/posts\/94889\/revisions"}],"wp:featuredmedia":[{"embeddable":true,"href":"https:\/\/www.europesays.com\/si\/wp-json\/wp\/v2\/media\/94890"}],"wp:attachment":[{"href":"https:\/\/www.europesays.com\/si\/wp-json\/wp\/v2\/media?parent=94889"}],"wp:term":[{"taxonomy":"category","embeddable":true,"href":"https:\/\/www.europesays.com\/si\/wp-json\/wp\/v2\/categories?post=94889"},{"taxonomy":"post_tag","embeddable":true,"href":"https:\/\/www.europesays.com\/si\/wp-json\/wp\/v2\/tags?post=94889"}],"curies":[{"name":"wp","href":"https:\/\/api.w.org\/{rel}","templated":true}]}}