{"id":96216,"date":"2026-05-19T11:10:11","date_gmt":"2026-05-19T11:10:11","guid":{"rendered":"https:\/\/www.europesays.com\/si\/96216\/"},"modified":"2026-05-19T11:10:11","modified_gmt":"2026-05-19T11:10:11","slug":"aretirali-sina-pokojnega-ustanovitelja-priznane-modne-verige-mango","status":"publish","type":"post","link":"https:\/\/www.europesays.com\/si\/96216\/","title":{"rendered":"Aretirali sina pokojnega ustanovitelja priznane modne verige Mango"},"content":{"rendered":"<p>\u0160panske oblasti so aretirale Jonathana Andica, sina pokojnega ustanovitelja modne trgovine Mango Isaka Andica. Sumijo ga namre\u010d, da je decembra 2024 na dru\u017einskem pohodu v hribovju blizu Barcelone o\u010deta nala\u0161\u010d porinil s strmega pobo\u010dja, ta pa je po padcu umrl. Policija je primer sprva preiskovala kot nesre\u010do, zaradi nedoslednih in protislovnih podrobnosti ter nekaterih drugih ugotovitev pa so Jonathana Andica nekaj mesecev kasneje iz pri\u010de prekvalificirali v osumljenca.<\/p>\n<p>Ustanovitelj Manga Isak Andic je umrl decembra 2024 med pohodom na goro Montserrat v Kataloniji. Po prvotnem poro\u010dilu njegovega sina Jonathana Andica je padel s pe\u010dine pribli\u017eno 150 metrov globoko, potem ko je po nesre\u010di zdrsnil s planinske poti.<\/p>\n<p><img decoding=\"async\" alt=\"Premo\u017eenje Isaka Andica, ustanovitelja Manga, naj bi ob smrti presegalo \u0161tiri milijarde evrov. | Foto: Reuters\" class=\"article_content__inline_image js_imageLightbox is-clickable\" data-author=\"Reuters\" data-caption=\"Premo\u017eenje Isaka Andica, ustanovitelja Manga, naj bi ob smrti presegalo \u0161tiri milijarde evrov.\" data-height=\"1449\" data-href=\"https:\/\/siol.net\/media\/img\/8a\/00\/cbf7e4403dbc582455fe-isak-andic-mango-ustanovitelj-moda.jpeg\" data-width=\"2048\" loading=\"lazy\" src=\"\/media\/img\/a6\/5d\/36d8d5a3847cf0ca03b4-isak-andic-mango-ustanovitelj-moda.jpeg\" title=\"Isak Andic, Mango, ustanovitelj, moda\"\/><\/p>\n<p> Premo\u017eenje Isaka Andica, ustanovitelja Manga, naj bi ob smrti presegalo \u0161tiri milijarde evrov.<br \/>\n Foto: Reuters <\/p>\n<p>Sin iz pri\u010de kmalu v vlogo osumljenca<\/p>\n<p>Preiskave so sprva kazale na tragi\u010dno gorsko nesre\u010do. Vendar pa so nedoslednosti v njegovih izjavah in drugih dokazih preiskovalce spodbudile k nadaljnji preiskavi smrti 71-letnika. Jonathan Andic, ki je \u0161e danes na funkciji podpredsednika upravnega odbora Manga, se je namesto v vlogi pri\u010de zna\u0161el v vlogi glavnega osumljenca.\u00a0<\/p>\n<p><img decoding=\"async\" alt=\"Jonathan Andic, Mango | Foto: Posnetek  zaslona\" class=\"article_content__inline_image js_imageLightbox is-clickable\" data-author=\"Posnetek  zaslona\" data-caption=\"\" data-height=\"882\" data-href=\"https:\/\/siol.net\/media\/img\/76\/83\/8255edadb1238425b32a-jonathan-andic-mango.jpeg\" data-width=\"2251\" loading=\"lazy\" src=\"\/media\/img\/37\/54\/1691e184daa81c6447aa-jonathan-andic-mango.jpeg\" title=\"Jonathan Andic, Mango\"\/><\/p>\n<p> Foto: Posnetek  zaslona <\/p>\n<p>Ve\u010d \u0161panskih medijev je poro\u010dalo, da sta imela z o\u010detom\u00a0napet odnos in da sta se malo pred incidentom resno sprla. Glede na aretacijo ka\u017ee, da sta policija in to\u017eilstvo zdaj zbrala dovolj dokazov za sojenje proti 45-letnemu Jonathanu Andicu, ki\u00a0naj bi se v naslednjih nekaj urah po aretaciji v Martorellu pojavil pred preiskovalnim sodnikom.<\/p>\n<p>Bil je najbogatej\u0161i \u010dlovek v Kataloniji<\/p>\n<p>Isak Andic, rojen leta 1953 v Istanbulu v sefardski judovski dru\u017eini, je v Katalonijo prispel pri 14 letih. Tri leta pozneje je na uli\u010dnih tr\u017enicah prodajal obla\u010dila in obutev, svojo poklicno dejavnost pa je raz\u0161iril z odprtjem modnih trgovin in s tem postavil temelje za ogromen poslovni imperij v \u0161panskem tekstilnem sektorju, ki je postal mednarodno konkuren\u010den skupaj z drugimi \u0161panskimi podjetji, kot je Zara.<\/p>\n<p>Andic je bil sicer najbogatej\u0161i \u010dlovek v Kataloniji in eden najbogatej\u0161ih ljudi v \u0160paniji: njegovo premo\u017eenje so leta 2025\u00a0ocenili\u00a0na 4,5 milijarde evrov.<\/p>\n","protected":false},"excerpt":{"rendered":"\u0160panske oblasti so aretirale Jonathana Andica, sina pokojnega ustanovitelja modne trgovine Mango Isaka Andica. Sumijo ga namre\u010d, da&hellip;\n","protected":false},"author":2,"featured_media":96217,"comment_status":"","ping_status":"","sticky":false,"template":"","format":"standard","meta":{"footnotes":"","_share_on_mastodon":"0"},"categories":[8],"tags":[28421,1061,502,37,38,64,2233,63],"class_list":["post-96216","post","type-post","status-publish","format-standard","has-post-thumbnail","category-svet","tag-mango","tag-moda","tag-nesreca","tag-slovene","tag-slovenscina","tag-svet","tag-umor","tag-world"],"share_on_mastodon":{"url":"https:\/\/pubeurope.com\/@si\/116600938855593393","error":""},"_links":{"self":[{"href":"https:\/\/www.europesays.com\/si\/wp-json\/wp\/v2\/posts\/96216","targetHints":{"allow":["GET"]}}],"collection":[{"href":"https:\/\/www.europesays.com\/si\/wp-json\/wp\/v2\/posts"}],"about":[{"href":"https:\/\/www.europesays.com\/si\/wp-json\/wp\/v2\/types\/post"}],"author":[{"embeddable":true,"href":"https:\/\/www.europesays.com\/si\/wp-json\/wp\/v2\/users\/2"}],"replies":[{"embeddable":true,"href":"https:\/\/www.europesays.com\/si\/wp-json\/wp\/v2\/comments?post=96216"}],"version-history":[{"count":0,"href":"https:\/\/www.europesays.com\/si\/wp-json\/wp\/v2\/posts\/96216\/revisions"}],"wp:featuredmedia":[{"embeddable":true,"href":"https:\/\/www.europesays.com\/si\/wp-json\/wp\/v2\/media\/96217"}],"wp:attachment":[{"href":"https:\/\/www.europesays.com\/si\/wp-json\/wp\/v2\/media?parent=96216"}],"wp:term":[{"taxonomy":"category","embeddable":true,"href":"https:\/\/www.europesays.com\/si\/wp-json\/wp\/v2\/categories?post=96216"},{"taxonomy":"post_tag","embeddable":true,"href":"https:\/\/www.europesays.com\/si\/wp-json\/wp\/v2\/tags?post=96216"}],"curies":[{"name":"wp","href":"https:\/\/api.w.org\/{rel}","templated":true}]}}