{"id":96272,"date":"2026-05-19T12:04:08","date_gmt":"2026-05-19T12:04:08","guid":{"rendered":"https:\/\/www.europesays.com\/si\/96272\/"},"modified":"2026-05-19T12:04:08","modified_gmt":"2026-05-19T12:04:08","slug":"sin-ustanovitelja-modne-verige-mango-aretiran-zaradi-umora-oceta","status":"publish","type":"post","link":"https:\/\/www.europesays.com\/si\/96272\/","title":{"rendered":"Sin ustanovitelja modne verige Mango aretiran zaradi umora o\u010deta"},"content":{"rendered":"<p>Jonathan Andic, 45-letni sin milijarderja in ustanovitelja modne znamke Mango\u00a0Isaka Andica, ki je pred poldrugim letom\u00a0umrl pri padcu s pe\u010dine blizu Barcelone, je bil aretiran zaradi suma umora o\u010deta, poro\u010da britanski \u010dasnik Independent.\u00a0Tedaj 71-letni Isak\u00a0Andic je <a href=\"https:\/\/www.delo.si\/magazin\/svet-so-ljudje\/v-gorah-izgubil-zivljenje-isak-andic-ustanovitelj-podjetja-mango\" target=\"_blank\" rel=\"nofollow noopener\">umrl decembra 2024<\/a> med pohodom z dru\u017einskimi \u010dlani blizu jame Salnitre v masivu\u00a0Montserrat blizu Barcelone. Aretacijo je potrdil tiskovni predstavnik katalonske regionalne policije Mossos d&#8217;Esquadra.<\/p>\n<p>\u0160panski mediji so decembra 2024 poro\u010dali, da je Isak Andic med pohodom v hribovju Montserrat padel v prepad. Kljub obse\u017eni\u00a0re\u0161evalni akciji, v kateri je sodeloval\u00a0tudi helikopter, je utrpel hude po\u0161kodbe in umrl na kraju nesre\u010de.<\/p>\n<p>Dru\u017eina Andic je v torek podala izjavo, v kateri je zapisala: \u00bbJonathan Andic se je pojavil pred sodi\u0161\u010dem v zvezi z nesre\u010do, ki se je zgodila 14. decembra 2024. Trenutno ne moremo dodati ve\u010d, ker je bila za primer izdana odredba o tajnosti.\u00a0Na\u0161e sodelovanje je bilo in bo popolno.\u00ab<\/p>\n<p>Isak Andic, v Tur\u010diji rojeni poslovne\u017e, ki je veljal\u00a0za velikega tekmeca ustanovitelja Zare Amancia Ortege, je leta 1984 v Barceloni skupaj z bratom Nahmanom ustanovil blagovno znamko Mango. Veriga zdaj deluje v skoraj 3000 poslovalnicah v 120 dr\u017eavah. V \u010dasu svoje smrti je bil neizvr\u0161ni predsednik modne znamke, njegovo premo\u017eenje pa je bilo po podatkih ameri\u0161ke poslovne revije Forbes\u00a0ocenjeno na 4,5 milijarde dolarjev.<\/p>\n<p><img decoding=\"async\" class=\"article__img-tag-visible\" src=\"https:\/\/www.europesays.com\/si\/wp-content\/uploads\/2026\/05\/2915668.width-660.format-webp.webp\" alt=\"Isak Andic je umrl decembra 2024 pri padcu v prepad. FOTO: Arhiv Manga\/AFP\" img_id=\"7158722\" data-img-id=\"7158722\"\/><\/p>\n<p>Isak Andic je umrl decembra 2024 pri padcu v prepad. FOTO: Arhiv Manga\/AFP<\/p>\n<p>Andic je prepoznavnost znamke dvignil tako, da je k sodelovanju povabil supermanekenke in znane osebnosti, kot so Kate Moss, Claudia Schiffer, Naomi Campbell in Kendall Jenner. Med njegovimi bli\u017enjimi prijatelji je bila tudi \u0161panska kraljica Leticija, ki se je poslovne\u017eu ob njegovi smrti poklonila.<\/p>\n<p>Jonathan Andic je vedno zanikal kakr\u0161no koli odgovornost za o\u010detovo smrt in dejal, da je o\u010de med skupnim pohodom na priljubljeni turisti\u010dni to\u010dki po nesre\u010di padel. Prvotna preiskava smrti ustanovitelja Manga je bila zaklju\u010dena januarja 2025, potem ko je sodnik dejal, da ni dokazov o nepravilnostih.<\/p>\n<p>Vendar pa je bil primer pozneje ponovno odprt, policija pa je pregledala mobilni telefon Jonathana Andica ter njegovih sester Judith in Sarah Andic. Lani je dru\u017eina Andic izjavila, da je prepri\u010dana o Jonathanovi\u00a0nedol\u017enosti, potem ko je ve\u010d lokalnih medijev poro\u010dalo, da je predmet preiskave.<\/p>\n<p>Dru\u017eina je zdaj v izjavi zapisala, da bo \u00bbtako kot doslej \u0161e naprej sodelovala\u00a0s pristojnimi organi\u00ab. Poleg tega verjame, da bo postopek zaklju\u010den \u010dim prej in da bo dokazal Jonathanovo nedol\u017enost.<\/p>\n<p><img decoding=\"async\" class=\"article__img-tag-visible\" src=\"https:\/\/www.europesays.com\/si\/wp-content\/uploads\/2026\/05\/2915670.width-660.format-webp.webp\" alt=\"Veriga Mango ima okoli 3000 poslovalnic v 120 dr\u017eavah sveta. FOTO: Lluis Gene\/AFP\" img_id=\"7158742\" data-img-id=\"7158742\"\/><\/p>\n<p>Veriga Mango ima okoli 3000 poslovalnic v 120 dr\u017eavah sveta. FOTO: Lluis Gene\/AFP<\/p>\n<p>Jonathan Andic je bil po o\u010detovi smrti imenovan za podpredsednika upravnega odbora in predsednika holdinga MNG, njegovi sestri Judith in Sarah pa sta bili imenovani za podpredsednici MNG. Predsednik upravnega odbora je postal glavni izvr\u0161ni direktor Toni Ruiz, ki je tedaj\u00a0dejal: \u00bbNjegov odhod pu\u0161\u010da veliko praznino, a vsi smo na neki na\u010din njegova zapu\u0161\u010dina in pri\u010de njegovih dose\u017ekov. Od nas je odvisno, in to je najbolj\u0161i poklon, ki ga lahko izka\u017eemo Isaku, da zagotovimo, da bo Mango \u0161e naprej projekt, za katerega se je boril Isak in na katerega bomo ponosni.\u00ab<\/p>\n","protected":false},"excerpt":{"rendered":"Jonathan Andic, 45-letni sin milijarderja in ustanovitelja modne znamke Mango\u00a0Isaka Andica, ki je pred poldrugim letom\u00a0umrl pri padcu&hellip;\n","protected":false},"author":2,"featured_media":96273,"comment_status":"","ping_status":"","sticky":false,"template":"","format":"standard","meta":{"footnotes":"","_share_on_mastodon":"0"},"categories":[8],"tags":[944,28443,28444,28421,37,38,1567,64,2233,63],"class_list":["post-96272","post","type-post","status-publish","format-standard","has-post-thumbnail","category-svet","tag-aretacija","tag-isak-andic","tag-jonathan-andic","tag-mango","tag-slovene","tag-slovenscina","tag-spanija","tag-svet","tag-umor","tag-world"],"share_on_mastodon":{"url":"https:\/\/pubeurope.com\/@si\/116601150919485126","error":""},"_links":{"self":[{"href":"https:\/\/www.europesays.com\/si\/wp-json\/wp\/v2\/posts\/96272","targetHints":{"allow":["GET"]}}],"collection":[{"href":"https:\/\/www.europesays.com\/si\/wp-json\/wp\/v2\/posts"}],"about":[{"href":"https:\/\/www.europesays.com\/si\/wp-json\/wp\/v2\/types\/post"}],"author":[{"embeddable":true,"href":"https:\/\/www.europesays.com\/si\/wp-json\/wp\/v2\/users\/2"}],"replies":[{"embeddable":true,"href":"https:\/\/www.europesays.com\/si\/wp-json\/wp\/v2\/comments?post=96272"}],"version-history":[{"count":0,"href":"https:\/\/www.europesays.com\/si\/wp-json\/wp\/v2\/posts\/96272\/revisions"}],"wp:featuredmedia":[{"embeddable":true,"href":"https:\/\/www.europesays.com\/si\/wp-json\/wp\/v2\/media\/96273"}],"wp:attachment":[{"href":"https:\/\/www.europesays.com\/si\/wp-json\/wp\/v2\/media?parent=96272"}],"wp:term":[{"taxonomy":"category","embeddable":true,"href":"https:\/\/www.europesays.com\/si\/wp-json\/wp\/v2\/categories?post=96272"},{"taxonomy":"post_tag","embeddable":true,"href":"https:\/\/www.europesays.com\/si\/wp-json\/wp\/v2\/tags?post=96272"}],"curies":[{"name":"wp","href":"https:\/\/api.w.org\/{rel}","templated":true}]}}