{"id":96418,"date":"2026-05-19T14:08:14","date_gmt":"2026-05-19T14:08:14","guid":{"rendered":"https:\/\/www.europesays.com\/si\/96418\/"},"modified":"2026-05-19T14:08:14","modified_gmt":"2026-05-19T14:08:14","slug":"eric-cantona-na-festivalu-v-cannesu-z-enim-dokumentarnim-in-enim-igranim-filmom","status":"publish","type":"post","link":"https:\/\/www.europesays.com\/si\/96418\/","title":{"rendered":"Eric Cantona na festivalu v Cannesu z enim dokumentarnim in enim igranim filmom"},"content":{"rendered":"<p>\t\t\t\t\t\t\t\t<a href=\"https:\/\/www.europesays.com\/si\/wp-content\/uploads\/2026\/05\/67044746.jpg\" itemprop=\"contentUrl\" data-size=\"1200x800\" data-large=\"https:\/\/www.europesays.com\/si\/wp-content\/uploads\/2026\/05\/67044746.jpg\"><br \/>\n\t\t\t\t\t\t\t\t\t<img decoding=\"async\" src=\"https:\/\/www.europesays.com\/si\/wp-content\/uploads\/2026\/05\/67044746.jpg\" title=\"Eric Cantona, ki bo 24. maja dopolnil 60 let, na leto\u0161njem canskem festivalu. Foto: EPA\" alt=\"Eric Cantona, ki bo 24. maja dopolnil 60 let, na leto\u0161njem canskem festivalu. Foto: EPA\"\/><br \/>\n\t\t\t\t\t\t\t\t<\/a><\/p>\n<p>\t\t\t\t\t\t\t\t\tEric Cantona, ki bo 24. maja dopolnil 60 let, na leto\u0161njem canskem festivalu. Foto: EPA<\/p>\n<p>Dokumentarni portret legendarnega francoskega nogometa\u0161a in kulturne ikone, ki se posve\u010da tudi igralstvu in glasbi, podpisujeta David Tryhorn in Ben Nicholas. Znameniti Cantona je nedvomno \u010dlovek, ki u\u017eiva v svojem slovesu surovega pesnika \u0161porta in \u010digar zapu\u0161\u010dina temelji tako na njegovi atletski spretnosti kot nestanovitni osebnosti in znamenitih ekscentri\u010dnih citatih.<\/p>\n<p>Oglas<\/p>\n<p>\t\t\t\t\t\t\t\t\t<a href=\"https:\/\/www.rtvslo.si\/n\/687071\" class=\"image-link image-heading image-container container-16-9\" data-large=\"https:\/\/img.rtvcdn.si\/_up\/upload\/2023\/11\/04\/66130549.jpg\" rel=\"nofollow noopener\" target=\"_blank\"><br \/>\n\t\t\t\t\t\t\t\t\t\t<img decoding=\"async\" src=\"https:\/\/www.europesays.com\/si\/wp-content\/uploads\/2026\/05\/66130549_thumb.jpg\" class=\"image-preview\"\/><br \/>\n\t\t\t\t\t\t\t\t\t<\/a><\/p>\n<p>\t\t\t\t\t\t\t\t\t\tSorodna novica<br \/>\n\t\t\t\t\t\t\t\t\t\t<a href=\"https:\/\/www.rtvslo.si\/n\/687071\" rel=\"nofollow noopener\" target=\"_blank\">Nekdanji nogometa\u0161 Eric Cantona na koncertni turneji: &#8220;Na odru postanem nekdo drug&#8221;<\/a><\/p>\n<p>Dokumentarec za obo\u017eevalce, ki bi &#8220;lahko ustvaril nekaj novih&#8221;<br \/>Film Cantona je &#8220;prijeten, a ve\u010dinoma povr\u0161inski, saj pripoveduje o vzponih ali padcih (v\u010dasih je vpra\u0161ljivo, kateri je kateri) njegove kariere, hkrati pa ohranja spo\u0161tljivo distanco do njegovega notranjega \u017eivljenja. To je film za obo\u017eevalce, ki bi lahko ustvaril nekaj novih \u2013 glede na njegovo \u0161e vedno neustavljivo navzo\u010dnost kot govorca in pripovedovalca zgodb,&#8221; pi\u0161e Variety.<\/p>\n<p>Izobilje novega materiala v dokumentarcu vklju\u010duje intervjuje tako s Cantonajem kot z njegovimi star\u0161i, nekdanjim soigralcem iz Manchester Uniteda Davidom Beckhamom in trenerjem sirom Alexom Fergusonom, kar pomeni tako reko\u010d glavno tr\u017eno prednost filma. Pri\u010dakovati je, da bo imel dokumentarec po premieri v Cannesu v sekciji posebnih projekcij preprosto pot do distribucije in predvajanja. <\/p>\n<p>Tryhorn in Nicholas sta v preteklih letih posnela \u017ee dva dokumentarca o pomembnih nogometnih junakih \u2013 P\u00e9l\u00e9 v letu 2021 in Afera Figo: prestop, ki je spremenil nogomet v letu 2022, a si nobeden od teh dveh filmov ne bi mogel obetati projekcije na presti\u017enem canskem festivalu. Film Cantona &#8220;ni bistveno bolj ambiciozen po obsegu ali obliki, vendar je tak\u0161na francoska raven spo\u0161tovanja do igralca novega filma, ki je navsezadnje v karieri igral za dr\u017eavno reprezentanco skupaj s \u0161estimi francoskimi klubi,&#8221; izpostavlja Variety.<\/p>\n<p>\t\t\t\t\t\t\t\t<a href=\"https:\/\/www.europesays.com\/si\/wp-content\/uploads\/2026\/05\/67044744.jpg\" itemprop=\"contentUrl\" data-size=\"1200x800\" data-large=\"https:\/\/www.europesays.com\/si\/wp-content\/uploads\/2026\/05\/67044744.jpg\"><br \/>\n\t\t\t\t\t\t\t\t\t<img decoding=\"async\" src=\"https:\/\/www.europesays.com\/si\/wp-content\/uploads\/2026\/05\/67044744.jpg\" title=\"Cantona in David Tryhorn na leto\u0161njem festivalu v Cannesu. Foto: EPA\" alt=\"Cantona in David Tryhorn na leto\u0161njem festivalu v Cannesu. Foto: EPA\"\/><br \/>\n\t\t\t\t\t\t\t\t<\/a><\/p>\n<p>\t\t\t\t\t\t\t\t\tCantona in David Tryhorn na leto\u0161njem festivalu v Cannesu. Foto: EPA<\/p>\n<p>&#8220;Na dokaj prozai\u010den na\u010din, ki ga je dinami\u010dno popestril Andrew Hewitt s spretnim slogom monta\u017ee, Tryhorn in Nicholas drvita med kariernimi mejniki, ki so Cantonaja pripeljali v Manchester.&#8221; Film dodatno popestri izbor glasbe \u2013 vse od ostrih sintetizatorjev v slogu grozljivk, uporabljenih z dovoljenjem elektronskega glasbenika Paula Hartnolla, znanega tudi kot polovice dvojca Orbital, do Mozartovih simfonij.<\/p>\n<p>\t\t\t\t\t\t\t\t\t<a href=\"https:\/\/www.rtvslo.si\/n\/739224\" class=\"image-link image-heading image-container container-16-9\" data-large=\"https:\/\/img.rtvcdn.si\/_up\/upload\/2025\/03\/12\/66499375.jpg\" rel=\"nofollow noopener\" target=\"_blank\"><br \/>\n\t\t\t\t\t\t\t\t\t\t<img decoding=\"async\" src=\"https:\/\/www.europesays.com\/si\/wp-content\/uploads\/2026\/05\/66499375_thumb.jpg\" class=\"image-preview\"\/><br \/>\n\t\t\t\t\t\t\t\t\t<\/a><\/p>\n<p>\t\t\t\t\t\t\t\t\t\tSorodna novica<br \/>\n\t\t\t\t\t\t\t\t\t\t<a href=\"https:\/\/www.rtvslo.si\/n\/739224\" rel=\"nofollow noopener\" target=\"_blank\">Eric Cantona bo nogometnim navija\u010dem z razstavo pokazal, kako je biti v sredi\u0161\u010du pozornosti<\/a><\/p>\n<p>Nepozabni I\u0161\u010de se Eric z nagrado 62. festivala v Cannesu<br \/>Dokumentarec se na kratko posveti tudi igralski karieri Erica Cantonaja z nekaj odlomki iz njegove &#8220;srednjeavtoportretne&#8221; upodobitve v komi\u010dni drami Kena Loacha iz leta 2009 z naslovom I\u0161\u010de se Eric (Looking for Eric). Film je svetovno premiero do\u017eivel prav na festivalu v Cannesu, na katerem se je uvrstil v glavni tekmovalni program in osvojil nagrado ekumenske \u017eirije. V dokumentarec je vklju\u010den prizor iz biografskega filma Elizabeta (Elizabeth) iz leta 1998 s Cate Blanchett v naslovni vlogi, v katerem je upodobil francoskega prelata in diplomata Paula de Foix de Carmaina.<\/p>\n<p>Film ne prina\u0161a podrobnej\u0161e poglobitve v &#8220;drugo inkarnacijo zvezdnika in sploh v kar koli o njegovem zasebnem \u017eivljenju&#8221;. Kot \u0161e dodaja Variety, je gledalstvo tako dele\u017eno &#8220;izbranih posnetkov Cantonaja, sodobnega umetnika, ki z abstraktno-ekspresionisti\u010dno vnemo napada platna na su\u0161nem provansalskem pode\u017eelju, kar zelo lepo podpira izro\u010dilo &#8216;ve\u010dji od \u0161porta&#8217;.&#8221;<\/p>\n<p>Cantona kot lokalni trgovec z vinom v \u010cudovitih jutrih<br \/>Cantona je na 79. festival v Cannesu pri\u0161el \u0161e z igranim celove\u010dercem \u010cudovita jutra (Les Matins merveilleux) v re\u017eiji Avril Besson, sestre slavnega filmarja Luca Bessona. Re\u017eiserka je scenarij napisala v sodelovanju s Pauline Baduel in Fanny Sidney. <\/p>\n<p>\t\t\t\t\t\t\t\t<a href=\"https:\/\/www.europesays.com\/si\/wp-content\/uploads\/2026\/05\/67044745.jpg\" itemprop=\"contentUrl\" data-size=\"1200x800\" data-large=\"https:\/\/www.europesays.com\/si\/wp-content\/uploads\/2026\/05\/67044745.jpg\"><br \/>\n\t\t\t\t\t\t\t\t\t<img decoding=\"async\" src=\"https:\/\/www.europesays.com\/si\/wp-content\/uploads\/2026\/05\/67044745.jpg\" title=\"Cantona v dru\u017ebi Indie Hair, Avril Besson in Raya Martigny. Foto: EPA\" alt=\"Cantona v dru\u017ebi Indie Hair, Avril Besson in Raya Martigny. Foto: EPA\"\/><br \/>\n\t\t\t\t\t\t\t\t<\/a><\/p>\n<p>\t\t\t\t\t\t\t\t\tCantona v dru\u017ebi Indie Hair, Avril Besson in Raya Martigny. Foto: EPA<\/p>\n<p>V filmu sledimo protagonistki Charlie (India Hair), ki se odpelje na jug Francije v svojem twingu in z babi\u010dinimi diskoplo\u0161\u010dami v prtlja\u017eniku. Na pot se je odpravila na dan po babi\u010dini smrti, da bi del dedi\u0161\u010dine \u2013 zbirko vinilnih plo\u0161\u010d \u2013 izro\u010dila tesnemu prijatelju svoje babice.<\/p>\n<p>Tam na zapu\u0161\u010deni pla\u017ei spozna svobodomiselno Marino (Raya Martigny), ki stre\u017ee v piceriji in \u017eeli zapustiti to okolje, ter lokalnega trgovca z vinom Titouja (Cantona), v katerem plo\u0161\u010de obudijo spomine na to, kako je plesala Charlijina mama. Trojica se nato skupaj poda na pot samospoznavanja, so vsebino filma povzeli na canskem festivalu, ki se bo sklenil 23. maja.<\/p>\n<p>Oglas<\/p>\n","protected":false},"excerpt":{"rendered":"Eric Cantona, ki bo 24. maja dopolnil 60 let, na leto\u0161njem canskem festivalu. Foto: EPA Dokumentarni portret legendarnega&hellip;\n","protected":false},"author":2,"featured_media":96419,"comment_status":"","ping_status":"","sticky":false,"template":"","format":"standard","meta":{"footnotes":"","_share_on_mastodon":"0"},"categories":[18],"tags":[28487,28486,28485,114,28484,62,37,58,60,38,115],"class_list":["post-96418","post","type-post","status-publish","format-standard","has-post-thumbnail","category-zabava","tag-avril-besson","tag-ben-nicholas","tag-david-tryhorn","tag-entertainment","tag-eric-cantona","tag-si","tag-slovene","tag-slovenia","tag-slovenija","tag-slovenscina","tag-zabava"],"share_on_mastodon":{"url":"https:\/\/pubeurope.com\/@si\/116601638368235016","error":""},"_links":{"self":[{"href":"https:\/\/www.europesays.com\/si\/wp-json\/wp\/v2\/posts\/96418","targetHints":{"allow":["GET"]}}],"collection":[{"href":"https:\/\/www.europesays.com\/si\/wp-json\/wp\/v2\/posts"}],"about":[{"href":"https:\/\/www.europesays.com\/si\/wp-json\/wp\/v2\/types\/post"}],"author":[{"embeddable":true,"href":"https:\/\/www.europesays.com\/si\/wp-json\/wp\/v2\/users\/2"}],"replies":[{"embeddable":true,"href":"https:\/\/www.europesays.com\/si\/wp-json\/wp\/v2\/comments?post=96418"}],"version-history":[{"count":0,"href":"https:\/\/www.europesays.com\/si\/wp-json\/wp\/v2\/posts\/96418\/revisions"}],"wp:featuredmedia":[{"embeddable":true,"href":"https:\/\/www.europesays.com\/si\/wp-json\/wp\/v2\/media\/96419"}],"wp:attachment":[{"href":"https:\/\/www.europesays.com\/si\/wp-json\/wp\/v2\/media?parent=96418"}],"wp:term":[{"taxonomy":"category","embeddable":true,"href":"https:\/\/www.europesays.com\/si\/wp-json\/wp\/v2\/categories?post=96418"},{"taxonomy":"post_tag","embeddable":true,"href":"https:\/\/www.europesays.com\/si\/wp-json\/wp\/v2\/tags?post=96418"}],"curies":[{"name":"wp","href":"https:\/\/api.w.org\/{rel}","templated":true}]}}