{"id":96616,"date":"2026-05-19T17:05:15","date_gmt":"2026-05-19T17:05:15","guid":{"rendered":"https:\/\/www.europesays.com\/si\/96616\/"},"modified":"2026-05-19T17:05:15","modified_gmt":"2026-05-19T17:05:15","slug":"je-ubil-svojega-oceta-aretirali-so-sina-ustanovitelja-podjetja-mango","status":"publish","type":"post","link":"https:\/\/www.europesays.com\/si\/96616\/","title":{"rendered":"Je ubil svojega o\u010deta? Aretirali so sina ustanovitelja podjetja Mango!"},"content":{"rendered":"<p>Jonathana Andica, sina ustanovitelja podjetja Mango, Isaka Andica, dve leti po podjetnikovi smrti sumijo o\u010detomora.<\/p>\n<p>V nadaljevanju preberite:\u00a0<\/p>\n<p>Sin ustanovitelja modne verige Mango Jonathana Andica aretirali zaradi suma umora o\u010deta Isaka Andica.<br \/>\nMilijarder Isak Andic je decembra 2024 umrl po padcu s pe\u010dine med pohodom.<br \/>\nJonathan Andic je zanikal krivdo in vztraja, da je bila o\u010detova smrt nesre\u010da.<br \/>\nPreiskavo so ponovno odprli po pregledu mobilnih telefonov Jonathana ter njegovih sester Judith in Sarah.<\/p>\n<p><img decoding=\"async\" alt=\"Isak Andic | Avtor: Profimedia\" class=\"rwd\" data-href=\"https:\/\/www.zurnal24.si\/media\/img\/8e\/f6\/8dbd5fe0a9d9b27a81e0.jpeg\" itemprop=\"image\" src=\"\/media\/img\/b2\/e7\/8f61757b186316647e73.jpeg\"\/><\/p>\n<p>                Profimedia<\/p>\n<p>Milijarder Isak Andic, ustanovitelj podjetja Mango (MNG), je umrl pred dvema letoma, in sicer po padcu s pe\u010dine blizu Barcelone. Do\u010dakal je 71 let.\u00a0Sedaj so aretirali njegovega sina Jonathana.<\/p>\n<p>Andic je umrl\u00a0decembra 2024 med pohodom z dru\u017einskimi \u010dlani v jamah Montserrat, ko je padel ve\u010d kot 100 metrov globoko. Ob podjetniku je bil takrat sin.\u00a0<\/p>\n<p>Kljub hitri in obse\u017eni re\u0161evalni akciji,\u00a0je Andic\u00a0umrl \u0161e na kraju nesre\u010de.<\/p>\n<p>Tiskovni predstavnik katalonske regionalne policije Mossos d&#8217;Esquadra je dejal: &#8220;Lahko potrdim pridr\u017eanje Jonathana Andica zaradi suma umora o\u010deta Isaka Andica.&#8221;<\/p>\n<p>45-letnik naj bi se pojavil pred sodi\u0161\u010dem v Martorellu,\u00a0kjer ga bo zasli\u0161al sodnik. Pokojnikova dru\u017eina je to informacijo potrdila in dodala, da bolj obse\u017ene izjave zaradi odredbe tajnosti trenutno ne morejo podati. &#8220;Na\u0161e sodelovanje je bilo in bo popolno,&#8221; pravijo.<\/p>\n<p>Andic, v Tur\u010diji rojeni poslovne\u017e, je Mango ustanovil\u00a0leta 1984 v Barceloni. Pri tem mu je pomagal\u00a0brat\u00a0Nahman. Veriga danes posluje v\u00a0 120 dr\u017eavah. V \u010dasu smrti je bilo Andicevo premo\u017eenje ocenjeno na 4,5 milijarde dolarjev.<\/p>\n<p>Jonathan Andic je zanikal kakr\u0161no koli odgovornost za o\u010detovo smrt in dejal, da je \u0161lo za nesre\u010do.\u00a0Prvotna preiskava je bila zaklju\u010dena januarja 2025, potem ko je sodnik presodil, da ni dokazov, ki bi kazali na zlo\u010din.<\/p>\n<p>Preiskavo so po pregledu\u00a0mobilnih telefonov, ki so bili v lasti Jonathana Andica in njegovih sester Judith in Sarah Andic, spet odprli.\u00a0<\/p>\n<p>Jonathan Andic je bil po o\u010detovi smrti imenovan za podpredsednika upravnega odbora podjetja in predsednika holdinga MNG. Njegovi sestri Judith in Sarah pa sta bili imenovani za podpredsednici MNG.<\/p>\n","protected":false},"excerpt":{"rendered":"Jonathana Andica, sina ustanovitelja podjetja Mango, Isaka Andica, dve leti po podjetnikovi smrti sumijo o\u010detomora. V nadaljevanju preberite:\u00a0&hellip;\n","protected":false},"author":2,"featured_media":96617,"comment_status":"","ping_status":"","sticky":false,"template":"","format":"standard","meta":{"footnotes":"","_share_on_mastodon":"0"},"categories":[20],"tags":[32,28443,28444,28421,35,31,34,36,37,38,33],"class_list":["post-96616","post","type-post","status-publish","format-standard","has-post-thumbnail","category-novice","tag-headlines","tag-isak-andic","tag-jonathan-andic","tag-mango","tag-najpomembnejse-novice","tag-news","tag-novice","tag-osrednje-novice","tag-slovene","tag-slovenscina","tag-top-stories"],"share_on_mastodon":{"url":"https:\/\/pubeurope.com\/@si\/116602334382146025","error":""},"_links":{"self":[{"href":"https:\/\/www.europesays.com\/si\/wp-json\/wp\/v2\/posts\/96616","targetHints":{"allow":["GET"]}}],"collection":[{"href":"https:\/\/www.europesays.com\/si\/wp-json\/wp\/v2\/posts"}],"about":[{"href":"https:\/\/www.europesays.com\/si\/wp-json\/wp\/v2\/types\/post"}],"author":[{"embeddable":true,"href":"https:\/\/www.europesays.com\/si\/wp-json\/wp\/v2\/users\/2"}],"replies":[{"embeddable":true,"href":"https:\/\/www.europesays.com\/si\/wp-json\/wp\/v2\/comments?post=96616"}],"version-history":[{"count":0,"href":"https:\/\/www.europesays.com\/si\/wp-json\/wp\/v2\/posts\/96616\/revisions"}],"wp:featuredmedia":[{"embeddable":true,"href":"https:\/\/www.europesays.com\/si\/wp-json\/wp\/v2\/media\/96617"}],"wp:attachment":[{"href":"https:\/\/www.europesays.com\/si\/wp-json\/wp\/v2\/media?parent=96616"}],"wp:term":[{"taxonomy":"category","embeddable":true,"href":"https:\/\/www.europesays.com\/si\/wp-json\/wp\/v2\/categories?post=96616"},{"taxonomy":"post_tag","embeddable":true,"href":"https:\/\/www.europesays.com\/si\/wp-json\/wp\/v2\/tags?post=96616"}],"curies":[{"name":"wp","href":"https:\/\/api.w.org\/{rel}","templated":true}]}}