{"id":96870,"date":"2026-05-19T21:40:07","date_gmt":"2026-05-19T21:40:07","guid":{"rendered":"https:\/\/www.europesays.com\/si\/96870\/"},"modified":"2026-05-19T21:40:07","modified_gmt":"2026-05-19T21:40:07","slug":"domen-prevc-spoznal-sem-da-je-vredno-delati-naprej-in-stremeti-k-vecjim-ciljem","status":"publish","type":"post","link":"https:\/\/www.europesays.com\/si\/96870\/","title":{"rendered":"Domen Prevc: Spoznal sem, da je vredno delati naprej in stremeti k ve\u010djim ciljem"},"content":{"rendered":"<p>&#8220;Rezerve se za\u010dnejo \u017ee tu na stadionu. \u017de sam izkoristek atletskega dela je mogo\u010de izbolj\u0161ati. Zato sem pri vsaki vaji pozoren na izvedbo, da bo potem, ko sem malo utrujen, \u0161e ve\u010dji u\u010dinek. Nisem nestrpen glede prvih skokov. \u017delim, da bo res lakota po skokih, da pridem na skakalnico z veliko \u017eeljo, predvsem pa sve\u017e,&#8221; v pripravah na novo sezono svetovnega pokala pravi najbolj\u0161i skakalec lanske zime Domen Prevc.<\/p>\n<p>Za Domnom Prevcem je sanjska sezona, v kateri je osvojil prakti\u010dno\u00a0vse, kar se je dalo:\u00a0novoletno turnejo, zlati olimpijski kolajni, naslov svetovnega prvaka v poletih, mali kristalni globus v poletih in\u00a0velikega za najbolj\u0161ega skakalca svetovnega pokala.<\/p>\n<p>Po napornem zimskem obdobju se je na sprostitev telesa in duha odpravil v Namibijo, kjer je u\u017eival v trenutku, izjemni kulisi narave in \u017eivali, hkrati pa videl, kak\u0161en biser ima doma.\u00a0&#8220;V Sloveniji smo lahko hvale\u017eni za to, kar imamo. A da\u00a0spozna\u0161, da je na\u0161a domovina pravi mali biser, mora\u0161 ve\u010dkrat oditi v tujino, da vidi\u0161, kako je drugje. Namibija je dala dober vtis. Spoznal sem, da je treba v \u017eivljenju \u0161e marsikaj narediti, da je vredno delati naprej in stremeti k ve\u010djim ciljem,&#8221; je dejal na dru\u017eenju z novinarji na kranjskem stadionu, kjer \u017ee gradi bazo za prihajajo\u010de tekmovalno obdobje.<\/p>\n<p>Pove\u010dan tempo glede vseh obveznosti, &#8220;a gre\u00a0za stvari, ki so mi dejansko v\u0161e\u010d&#8221;<\/p>\n<p>&#8220;Prav veliko druga\u010de od lani ni, le tempo je nekoliko bolj pove\u010dan. Pa ne toliko z vidika treningov, ampak predvsem zaradi vseh medijskih obveznosti. Bi\u00a0pa rad maja vse opravil, saj potem sledi testiranje opreme, kjer \u017eelim biti res sve\u017e in spo\u010dit, da bodo treningi res produktivni,&#8221; pravi o tem, da je z vsemi uspehi pri\u0161lo ve\u010d medijskih obveznosti in prilo\u017enosti za razli\u010dna sodelovanja.<\/p>\n<p><img decoding=\"async\" alt=\"Ne le medijskih, tudi sponzorskih in ambasadorskih obveznosti je veliko, a gre za stvari, ki se skladajo z njegovim pogledom na \u017eivljenje, pravi. \" tisti=\"\" trenutek=\"\" ko=\"\" bi=\"\" mislil=\"\" da=\"\" je=\"\" to=\"\" postalo=\"\" moje=\"\" breme=\"\" lahko=\"\" tudi=\"\" kak=\"\" stvar=\"\" zaprem.=\"\" foto:=\"\" class=\"article_content__inline_image js_imageLightbox is-clickable\" data-author=\"\" data-caption=\"Ne le medijskih, tudi sponzorskih in ambasadorskih obveznosti je veliko, a gre za stvari, ki se skladajo z njegovim pogledom na \u017eivljenje, pravi. &quot;Tisti trenutek, ko bi mislil, da je to postalo moje breme, lahko tudi kak\u0161no stvar zaprem.&quot;\" data-height=\"2350\" data-href=\"https:\/\/siol.net\/media\/img\/af\/d6\/c34cd7787c3eaa7a5a92-domen-prevc.jpeg\" data-width=\"2899\" loading=\"lazy\" src=\"\/media\/img\/d8\/75\/d9f77183d2a8aca5285f-domen-prevc.jpeg\" title=\"Domen Prevc\"\/><\/p>\n<p> Ne le medijskih, tudi sponzorskih in ambasadorskih obveznosti je veliko, a gre za stvari, ki se skladajo z njegovim pogledom na \u017eivljenje, pravi. &#8220;Tisti trenutek, ko bi mislil, da je to postalo moje breme, lahko tudi kak\u0161no stvar zaprem.&#8221; <\/p>\n<p>Koliko pa je glava trenutno sve\u017ea ob vseh obveznostih, ki jih prina\u0161ajo ambasadorstva, sponzorstva in preostale aktivnosti, v katere je vklju\u010den? &#8220;Dobro je, da lahko maja oddelamo\u00a0vse stvari, ki sem si jih zadal. Pri vsem skupaj pa je pomembno, da se vse stvari, ki jih po\u010dnem, zelo dopolnjuje. Gre za stvari, ki so mi dejansko v\u0161e\u010d, ne pa za to, da bi me nekdo porinil notri, dal kuverto in rekel:\u00a0&#8216;Zdaj pa naredi to in to.&#8217; Te stvari so pri\u0161le povsem\u00a0iz\u00a0moje iskrivosti, iz tega,\u00a0da to rad po\u010dnem, da se rad ubadam s konji, da grem rad v naravo, po Sloveniji, jo\u00a0ob\u010dudujem\u00a0&#8230; Spo\u0161tujem vse obrtnike, ki delajo, se trudijo in postavljajo Slovenijo na zemljevid. Tak\u0161ne stvari me ne obremenjujejo, z veseljem to delam. Tisti trenutek, ko pa bi mislil, da je to postalo\u00a0moje breme, potem pa lahko tudi kak\u0161no stvar zaprem, a\u00a0za zdaj mi je vse to veselje.&#8221;<\/p>\n<p>&#8220;Rezerve se za\u010dnejo \u017ee na stadionu&#8221;\u00a0<\/p>\n<p><img decoding=\"async\" alt=\"\" rezerve=\"\" se=\"\" za=\"\" tu=\"\" na=\"\" stadionu=\"\" pri=\"\" vsaki=\"\" vaji=\"\" malenkosti=\"\" da=\"\" si=\"\" pozoren=\"\" kako=\"\" jo=\"\" izvaja=\"\" foto:=\"\" ale=\"\" fev=\"\" class=\"article_content__inline_image js_imageLightbox is-clickable\" data-author=\"Ale\u0161 Fev\u017eer\" data-caption=\"&quot;Rezerve se za\u010dnejo \u017ee tu na stadionu, pri vsaki vaji, pri vsaki malenkosti, da si pozoren, kako jo izvaja\u0161.&quot;\" data-height=\"2671\" data-href=\"https:\/\/siol.net\/media\/img\/51\/c4\/5c11b36af4e17e68443b-domen-prevc.jpeg\" data-width=\"1781\" loading=\"lazy\" src=\"\/media\/img\/25\/d8\/7e89a3bb70b16a323292-domen-prevc.jpeg\" title=\"Domen Prevc\"\/><\/p>\n<p> &#8220;Rezerve se za\u010dnejo \u017ee tu na stadionu, pri vsaki vaji, pri vsaki malenkosti, da si pozoren, kako jo izvaja\u0161.&#8221;<br \/>\n Foto: Ale\u0161 Fev\u017eer <\/p>\n<p>Kljub lanski izjemni sezoni Prevc tako kot glavni trener Robert Hrgota verjame, da rezerve \u0161e obstajajo in da je lahko \u0161e bolj\u0161i. &#8220;\u017de sam izkoristek dela predvsem tu na stadionu, atletski del je mogo\u010de izbolj\u0161ati. Zato sem pri vsaki vaji pozoren na izvedbo, da bo potem \u0161e ve\u010dji u\u010dinek takrat, ko sem malo utrujen, ko nisem najbolje pripravljen, da takrat postane opazen. Rezerve se za\u010dnejo \u017ee tu na stadionu, pri vsaki vaji, pri vsaki malenkosti, da si pozoren, kako jo izvaja\u0161.&#8221;<\/p>\n<p>Tudi leto\u0161nje spomladansko odlo\u010danje vodilnih je prineslo nekatere spremembe, a ne prav velikih, pravi 26-letnik. &#8220;V bistvu sploh ni toliko nekih sprememb zame. Ko\u00a0smo gledali, kje bo\u00a0treba kaj prilagajati, so to minimalni popravki. V\u0161e\u010d mi je tudi, da bo merjenje\u00a0poenostavljeno, da ne bo tako zapleteno in\u00a0ne bo toliko nejasnosti. Mislim, da bo naslednjo sezono za vse la\u017eje.&#8221;<\/p>\n<p>Vetrovnik bonbon\u010dek med sezono<\/p>\n<p>Trenutno je fokus na telesni pripravi in\u00a0fini motoriki, &#8220;po 15. juniju pa se spet za\u010dne na\u010drtovati bolj tehnika, razvoj opreme in vsega, ampak smo \u017ee tako nenehno v stiku s Petrom Slatnarjem in bratom Petrom glede samih dresov, krojev in\u00a0\u010devljev. \u017de\u00a0vetrovnik bo nek test, da malo preizkusimo opremo, tudi nove rokavice&#8221;.\u00a0Vetrovnik v \u017dirovnici so prvi\u010d obiskali v ponedeljek po kondicijskih treningih v Kranju. Prevc pozdravlja veliko novost, ki jim bo olaj\u0161ala stvari, saj so prej po odgovore v vetrovniku hodili v Stockholm.<\/p>\n<p><img decoding=\"async\" alt=\"smu\u010darski skoki, kondicijski trening, Kranj | Foto: Ale\u0161 Fev\u017eer\" class=\"article_content__inline_image js_imageLightbox is-clickable\" data-author=\"Ale\u0161 Fev\u017eer\" data-caption=\"\" data-height=\"2679\" data-href=\"https:\/\/siol.net\/media\/img\/be\/ca\/ae848375432f9c7c1825-smucarski-skoki-kondicijski-trening-kranj.jpeg\" data-width=\"4015\" loading=\"lazy\" src=\"\/media\/img\/6a\/36\/9c317ec779c5fb22da3e-smucarski-skoki-kondicijski-trening-kranj.jpeg\" title=\"smu\u010darski skoki, kondicijski trening, Kranj\"\/><\/p>\n<p> Foto: Ale\u0161 Fev\u017eer <\/p>\n<p>&#8220;To je za nas lep bonbon\u010dek med sezono, da lahko \u017ee takoj kaj testiramo in malo podo\u017eivimo veter v krilih. Prepri\u010dan sem, da je bolj\u0161i. Po vsem, kar sem videl in\u00a0kar so mi povedali, sploh pa glede na to, da so tisti vetrovnik delali med drugo svetovno vojno in da je ta zdaj 80 let mlaj\u0161i, z vsem novim in\u017eeniringom in znanjem iz tistega vetrovnika, mislim, da se ni bati, da je ta veliko bolj\u0161i.&#8221;<\/p>\n<p>Naslednik Kranjca bo imel te\u017eko nalogo<\/p>\n<p>Nekdanji smu\u010darski skakalec Robert Kranjec, ki je v slovenski reprezentanci skrbel za drese, je po hudi nesre\u010di s kolesom v fazi rehabilitacije. Domen Prevc mu \u017eeli vse dobro in\u00a0upa, da bo dobro okreval.<\/p>\n<p>&#8220;Robija \u0161e nisem obiskal, sva pa nenehno na vezi. Zagotovo mu bom dal\u00a0kak\u0161no spodbudo. Zdaj v\u00a0\u0161tartu ima veliko podporo, ljudje\u00a0hodijo k njemu, ampak\u00a0julija, ko bodo na vrsti dopusti, bo pa res potreboval podporo, ki mu jo bom dal. \u017delim, da se vrne v tisti pravi obliki. Kar pa zadeva drese in\u00a0kroje, bo zdaj neka zamenjava, nekaj novega. Kranjca bo te\u017eko zamenjati, ker je bil res notri, \u017eivel je za to. Mislim, da bo imel njegov naslednik te\u017eko nalogo.&#8221;<\/p>\n<p><img decoding=\"async\" alt=\"Trenutno je fokus na telesni pripravi in fini motoriki, prvi skoki pridejo predvidoma v drugem tednu junija. | Foto: Ale\u0161 Fev\u017eer\" class=\"article_content__inline_image js_imageLightbox is-clickable\" data-author=\"Ale\u0161 Fev\u017eer\" data-caption=\"Trenutno je fokus na telesni pripravi in fini motoriki, prvi skoki pridejo predvidoma v drugem tednu junija.\" data-height=\"3641\" data-href=\"https:\/\/siol.net\/media\/img\/59\/ac\/438d1f042bb50f5b0dfb-domen-prevc.jpeg\" data-width=\"5461\" loading=\"lazy\" src=\"\/media\/img\/45\/ab\/f2ae72aa1a20b642c998-domen-prevc.jpeg\" title=\"Domen Prevc\"\/><\/p>\n<p> Trenutno je fokus na telesni pripravi in fini motoriki, prvi skoki pridejo predvidoma v drugem tednu junija.<br \/>\n Foto: Ale\u0161 Fev\u017eer <\/p>\n<p>Na skakalnico \u017eeli priti sve\u017e, predvsem pa la\u010den skokov<\/p>\n<p>Medtem ko\u00a0bo ena skupina skakalcev prve skoke opravila \u010dez kak\u0161en teden, \u0161e v maju, pa bo \u0161el sam na skakalnico malo kasneje, predvidoma drugi teden junija.<\/p>\n<p>&#8220;Niti nisem nestrpen glede prvih skokov. S tistimi Zakopanami se je\u00a0kar zavleko vse skupaj, sicer bi na kak\u0161no 140-ko \u017ee \u0161el, ampak se ne mudi. \u017delim, da bo res lakota po skokih, da pridem\u00a0na skakalnico z veliko \u017eeljo, predvsem pa sve\u017e. Predvideno je, da bom na skakalnici drugi teden junija,&#8221; pravi najbolj\u0161i skakalec lanske zime in dodaja, da bi lahko nastopil \u017ee na prvih tekmah poletne velike nagrade, a da &#8220;bo seveda odvisno tudi od tega, kako hitro se bom privadil opremi in izbolj\u0161avam, ki jih imam v na\u010drtu&#8221;.<\/p>\n","protected":false},"excerpt":{"rendered":"&#8220;Rezerve se za\u010dnejo \u017ee tu na stadionu. \u017de sam izkoristek atletskega dela je mogo\u010de izbolj\u0161ati. Zato sem pri&hellip;\n","protected":false},"author":2,"featured_media":96871,"comment_status":"","ping_status":"","sticky":false,"template":"","format":"standard","meta":{"footnotes":"","_share_on_mastodon":"0"},"categories":[16],"tags":[535,62,37,58,60,38,533,94,93],"class_list":["post-96870","post","type-post","status-publish","format-standard","has-post-thumbnail","category-sport","tag-domen-prevc","tag-si","tag-slovene","tag-slovenia","tag-slovenija","tag-slovenscina","tag-smucarski-skoki","tag-sport","tag-sports"],"share_on_mastodon":{"url":"https:\/\/pubeurope.com\/@si\/116603415960706554","error":""},"_links":{"self":[{"href":"https:\/\/www.europesays.com\/si\/wp-json\/wp\/v2\/posts\/96870","targetHints":{"allow":["GET"]}}],"collection":[{"href":"https:\/\/www.europesays.com\/si\/wp-json\/wp\/v2\/posts"}],"about":[{"href":"https:\/\/www.europesays.com\/si\/wp-json\/wp\/v2\/types\/post"}],"author":[{"embeddable":true,"href":"https:\/\/www.europesays.com\/si\/wp-json\/wp\/v2\/users\/2"}],"replies":[{"embeddable":true,"href":"https:\/\/www.europesays.com\/si\/wp-json\/wp\/v2\/comments?post=96870"}],"version-history":[{"count":0,"href":"https:\/\/www.europesays.com\/si\/wp-json\/wp\/v2\/posts\/96870\/revisions"}],"wp:featuredmedia":[{"embeddable":true,"href":"https:\/\/www.europesays.com\/si\/wp-json\/wp\/v2\/media\/96871"}],"wp:attachment":[{"href":"https:\/\/www.europesays.com\/si\/wp-json\/wp\/v2\/media?parent=96870"}],"wp:term":[{"taxonomy":"category","embeddable":true,"href":"https:\/\/www.europesays.com\/si\/wp-json\/wp\/v2\/categories?post=96870"},{"taxonomy":"post_tag","embeddable":true,"href":"https:\/\/www.europesays.com\/si\/wp-json\/wp\/v2\/tags?post=96870"}],"curies":[{"name":"wp","href":"https:\/\/api.w.org\/{rel}","templated":true}]}}