{"id":96954,"date":"2026-05-19T23:33:10","date_gmt":"2026-05-19T23:33:10","guid":{"rendered":"https:\/\/www.europesays.com\/si\/96954\/"},"modified":"2026-05-19T23:33:10","modified_gmt":"2026-05-19T23:33:10","slug":"zda-z-novimi-sankcijami-krepijo-pritisk-na-kubo","status":"publish","type":"post","link":"https:\/\/www.europesays.com\/si\/96954\/","title":{"rendered":"ZDA z novimi sankcijami krepijo pritisk na Kubo"},"content":{"rendered":"<p>\t\t\t\t\t\t\t\t<a href=\"https:\/\/www.europesays.com\/si\/wp-content\/uploads\/2026\/05\/67044943.jpg\" itemprop=\"contentUrl\" data-size=\"1200x800\" data-large=\"https:\/\/www.europesays.com\/si\/wp-content\/uploads\/2026\/05\/67044943.jpg\"><br \/>\n\t\t\t\t\t\t\t\t\t<img decoding=\"async\" src=\"https:\/\/www.europesays.com\/si\/wp-content\/uploads\/2026\/05\/67044943.jpg\" title=\"Ameri\u0161ki zunanji minister Marco Rubio. Foto: EPA\" alt=\"Ameri\u0161ki zunanji minister Marco Rubio. Foto: EPA\"\/><br \/>\n\t\t\t\t\t\t\t\t<\/a><\/p>\n<p>\t\t\t\t\t\t\t\t\tAmeri\u0161ki zunanji minister Marco Rubio. Foto: EPA<\/p>\n<p>ZDA so sankcije uvedle proti ministrstvu za notranje zadeve Kube, nacionalni policiji in direktoratu za obve\u0161\u010devalne dejavnosti ter proti ministrom za pravosodje, energetiko, rudarstvo in komunikacije, pa tudi proti na\u010delniku general\u0161taba kubanske vojske in vodji protiobve\u0161\u010devalne slu\u017ebe. S sankcijami so zamrznili njihovo premo\u017eenje v ZDA in jim prepovedali potovanja v dr\u017eavo.<\/p>\n<p>Oglas<\/p>\n<p>&#8220;Akterji, povezani z re\u017eimom, kot so tisti, ki so bili danes uvr\u0161\u010deni na seznam, nosijo odgovornost za trpljenje kubanskega ljudstva, propadajo\u010de kubansko gospodarstvo in izkori\u0161\u010danje Kube za tuje obve\u0161\u010devalne, voja\u0161ke in teroristi\u010dne operacije,&#8221; je ob naznanitvi sankcij sporo\u010dil Rubio, ki je kubansko vlado ozna\u010dil za gro\u017enjo nacionalni varnosti ZDA.<\/p>\n<p>Ameri\u0161ka vlada stopnjuje pritisk na Kubo in analitiki se bojijo, da se pripravlja nekaj podobnega, kot se je na za\u010detku leta zgodilo z Venezuelo, ki so jo ZDA voja\u0161ko napadle in zajele predsednika Nicolasa Madura, ki naj bi ga \u0161\u010ditili kubanski varnostniki.<\/p>\n<p>Kubanski predsednik Miguel Diaz Canel je v ponedeljek dejal, da Ameri\u010dane v primeru napada \u010daka &#8220;prelivanje krvi&#8221;, in poudaril pravico dr\u017eave do samoobrambe. &#8220;\u010ce bi kdo posku\u0161al napasti Kubo, se bomo brez dvoma branili. V 60. letih so sku\u0161ali napasti in so bili pora\u017eeni. Seveda lahko vsi re\u010dejo, da je danes polo\u017eaj druga\u010den, vendar se volja Kubancev ni spremenila,&#8221; je izjavil kubanski veleposlanik pri ZN-u Ernesto Soberon Guzman.<\/p>\n<p>Miami Herald pa je poro\u010dal, da pravosodno ministrstvo ZDA pripravlja obto\u017enico proti nekdanjemu kubanskemu predsedniku, 94-letnemu Raulu Castru.<\/p>\n<p>Axios: Kuba od Irana in Rusije prejela brezpilotnike<\/p>\n<p>Ameri\u0161ki medij Axios je v nedeljo poro\u010dal, da naj bi Kuba od Irana in Rusije dobila ve\u010d kot 300 brezpilotnikov, ki lahko dose\u017eejo ameri\u0161ke cilje na Floridi. Axiosu so informacije predali neimenovani ameri\u0161ki obve\u0161\u010devalci, ki pa so priznali, da ni nobenega dokaza, da bi se Kuba pripravljala na napad na ZDA ali druge ameri\u0161ke cilje. Poro\u010dilo Axiosa je bilo objavljeno po obisku direktorja ameri\u0161ke obve\u0161\u010devalne agencije Cia Johna Ratcliffa na Kubi.<\/p>\n<p>Trump je po napadu na Venezuelo uvedel energetsko zaporo Kube, ki je tako reko\u010d ostala brez goriva. Medtem ko Washington du\u0161i Kubo, ki je ostala brez venezuelske nafte, dr\u017eavi pomagajo druge latinskoameri\u0161ke sosede, kot je Mehika, ki je na otok v ponedeljek dostavila \u017ee peto veliko po\u0161iljko humanitarne pomo\u010di. Kubanski minister za prehrano Alberto Lopez je dejal, da je \u0161lo za po\u0161iljko mleka v prahu, fi\u017eola in drugo hrano.<\/p>\n<p>Oglas<\/p>\n","protected":false},"excerpt":{"rendered":"Ameri\u0161ki zunanji minister Marco Rubio. Foto: EPA ZDA so sankcije uvedle proti ministrstvu za notranje zadeve Kube, nacionalni&hellip;\n","protected":false},"author":2,"featured_media":96955,"comment_status":"","ping_status":"","sticky":false,"template":"","format":"standard","meta":{"footnotes":"","_share_on_mastodon":"0"},"categories":[8],"tags":[3509,28601,1213,930,37,38,64,63,404],"class_list":["post-96954","post","type-post","status-publish","format-standard","has-post-thumbnail","category-svet","tag-kuba","tag-kubo","tag-rubio","tag-sankcije","tag-slovene","tag-slovenscina","tag-svet","tag-world","tag-zda"],"share_on_mastodon":{"url":"https:\/\/pubeurope.com\/@si\/116603860252864763","error":""},"_links":{"self":[{"href":"https:\/\/www.europesays.com\/si\/wp-json\/wp\/v2\/posts\/96954","targetHints":{"allow":["GET"]}}],"collection":[{"href":"https:\/\/www.europesays.com\/si\/wp-json\/wp\/v2\/posts"}],"about":[{"href":"https:\/\/www.europesays.com\/si\/wp-json\/wp\/v2\/types\/post"}],"author":[{"embeddable":true,"href":"https:\/\/www.europesays.com\/si\/wp-json\/wp\/v2\/users\/2"}],"replies":[{"embeddable":true,"href":"https:\/\/www.europesays.com\/si\/wp-json\/wp\/v2\/comments?post=96954"}],"version-history":[{"count":0,"href":"https:\/\/www.europesays.com\/si\/wp-json\/wp\/v2\/posts\/96954\/revisions"}],"wp:featuredmedia":[{"embeddable":true,"href":"https:\/\/www.europesays.com\/si\/wp-json\/wp\/v2\/media\/96955"}],"wp:attachment":[{"href":"https:\/\/www.europesays.com\/si\/wp-json\/wp\/v2\/media?parent=96954"}],"wp:term":[{"taxonomy":"category","embeddable":true,"href":"https:\/\/www.europesays.com\/si\/wp-json\/wp\/v2\/categories?post=96954"},{"taxonomy":"post_tag","embeddable":true,"href":"https:\/\/www.europesays.com\/si\/wp-json\/wp\/v2\/tags?post=96954"}],"curies":[{"name":"wp","href":"https:\/\/api.w.org\/{rel}","templated":true}]}}