{"id":97254,"date":"2026-05-20T08:19:06","date_gmt":"2026-05-20T08:19:06","guid":{"rendered":"https:\/\/www.europesays.com\/si\/97254\/"},"modified":"2026-05-20T08:19:06","modified_gmt":"2026-05-20T08:19:06","slug":"kmetija-v-sov-so-se-vrnili-vsi-le-carmen-osovnikar-ne-to-je-razlog","status":"publish","type":"post","link":"https:\/\/www.europesays.com\/si\/97254\/","title":{"rendered":"Kmetija: V \u0161ov so se vrnili vsi, le Carmen Osovnikar ne, to je razlog!"},"content":{"rendered":"<p>V \u0161ov Kmetija so se vrnili izpadli kandidati.<\/p>\n<p>V nadaljevanju preberite:<\/p>\n<p>Polfinalisti Kmetije ta teden med izpadlimi kandidati\u00a0izbirajo porotnike.<br \/>\nCarmen Osovnikar se kot edina izpadla kandidatka ni vrnila na posestvo.<br \/>\nMaribor\u010danka se ni smela vrniti v \u0161ov, ker je boj v areni predala.<\/p>\n<p>Na posestvu leto\u0161nje Kmetije je spet veselo, saj so se vrnili izpadli kandidati, med katerimi bodo polfinalisti Jan, \u017dan, Igor, Franc in Aleksandra izbrali pet porotnikov, ki bodo odlo\u010dali o njihovi usodi.<\/p>\n<p>Manjkali sta le Ur\u0161ka Gros, ki je \u0161ov zapustila zaradi nose\u010dnosti, in <a href=\"https:\/\/www.zurnal24.si\/kljucne-besede\/carmen-osovnikar-120076\/articles\" rel=\"nofollow noopener\" target=\"_blank\">Carmen Osovnikar.<\/a><\/p>\n<p>Ur\u0161ko smo po odhodu sicer \u0161e enkrat videli v \u0161ovu, ko je pri\u0161la <a href=\"https:\/\/www.zurnal24.si\/magazin\/film-glasba-tv\/kmetija-urska-s-tako-velikim-trebuhom-prisla-nazaj-v-sov-459194\" rel=\"nofollow noopener\" target=\"_blank\">obiskat <\/a>svojega sr\u010dnega izbranca \u017dana, zato se nam ni zdelo nenavadno, da je tokrat ni.<\/p>\n<p>Zakaj pa ni bilo Carmen? Kot nam je razlo\u017eila, se ni smela vrniti, ker ni izpadla po boju v areni. Dvoboj\u00a0je lepotica\u00a0predala, ker si je \u017eelela domov. \u017de\u00a0takrat so ji povedali, da se na posestvo ne sme vrniti, poleg tega pa za kazen ni smela izbrati nove glave dru\u017eine.<\/p>\n<p>Na vpra\u0161anje, ali ji je \u017eal, da se ni smela vrniti, Carmen odgovarja: &#8220;Bolj ne kot ja, ker sem vesela, da sem se izognila drami in podo\u017eivljanju vsega, kar se je v \u0161ovu dogajalo. Ko pride\u0161 ven iz te psihi\u010dno naporne igre, potrebuje\u0161 kar nekaj \u010dasa, da pride\u0161 k sebi. Vsaj jaz sem ga\u00a0in tudi drugi, s katerimi sem se pogovarjala, so potrdili, da je potreben dolo\u010den \u010das,\u00a0da spet za\u010dne\u0161 normalno funkcionirati. Morda mi je \u017eal, da nisem mogla \u0161e malo ponagajati, ampak na dolgi rok sem vesela, da mi ni bilo treba nazaj.&#8221;<\/p>\n<p>Carmen se je med \u0161ovom po\u010dutila zelo slabo, morala je celo v <a href=\"https:\/\/www.zurnal24.si\/magazin\/vip\/carmen-osovnikar-med-sovom-odpeljali-v-bolnisnico-456592\" rel=\"nofollow noopener\" target=\"_blank\">bolni\u0161nico<\/a>. &#8220;Zgrudila sem se, dobila sem aritmijo, napad. Tudi to so vedeli, ampak tega niso upo\u0161tevali,&#8221; je povedala pred \u010dasom.\u00a0<\/p>\n","protected":false},"excerpt":{"rendered":"V \u0161ov Kmetija so se vrnili izpadli kandidati. V nadaljevanju preberite: Polfinalisti Kmetije ta teden med izpadlimi kandidati\u00a0izbirajo&hellip;\n","protected":false},"author":2,"featured_media":97255,"comment_status":"","ping_status":"","sticky":false,"template":"","format":"standard","meta":{"footnotes":"","_share_on_mastodon":"0"},"categories":[20],"tags":[1704,32,112,2664,35,31,34,36,37,38,33],"class_list":["post-97254","post","type-post","status-publish","format-standard","has-post-thumbnail","category-novice","tag-carmen-osovnikar","tag-headlines","tag-kazen","tag-kmetija2026","tag-najpomembnejse-novice","tag-news","tag-novice","tag-osrednje-novice","tag-slovene","tag-slovenscina","tag-top-stories"],"share_on_mastodon":{"url":"https:\/\/pubeurope.com\/@si\/116605928554707901","error":""},"_links":{"self":[{"href":"https:\/\/www.europesays.com\/si\/wp-json\/wp\/v2\/posts\/97254","targetHints":{"allow":["GET"]}}],"collection":[{"href":"https:\/\/www.europesays.com\/si\/wp-json\/wp\/v2\/posts"}],"about":[{"href":"https:\/\/www.europesays.com\/si\/wp-json\/wp\/v2\/types\/post"}],"author":[{"embeddable":true,"href":"https:\/\/www.europesays.com\/si\/wp-json\/wp\/v2\/users\/2"}],"replies":[{"embeddable":true,"href":"https:\/\/www.europesays.com\/si\/wp-json\/wp\/v2\/comments?post=97254"}],"version-history":[{"count":0,"href":"https:\/\/www.europesays.com\/si\/wp-json\/wp\/v2\/posts\/97254\/revisions"}],"wp:featuredmedia":[{"embeddable":true,"href":"https:\/\/www.europesays.com\/si\/wp-json\/wp\/v2\/media\/97255"}],"wp:attachment":[{"href":"https:\/\/www.europesays.com\/si\/wp-json\/wp\/v2\/media?parent=97254"}],"wp:term":[{"taxonomy":"category","embeddable":true,"href":"https:\/\/www.europesays.com\/si\/wp-json\/wp\/v2\/categories?post=97254"},{"taxonomy":"post_tag","embeddable":true,"href":"https:\/\/www.europesays.com\/si\/wp-json\/wp\/v2\/tags?post=97254"}],"curies":[{"name":"wp","href":"https:\/\/api.w.org\/{rel}","templated":true}]}}