{"id":100032,"date":"2026-06-17T11:10:08","date_gmt":"2026-06-17T11:10:08","guid":{"rendered":"https:\/\/www.europesays.com\/sk\/100032\/"},"modified":"2026-06-17T11:10:08","modified_gmt":"2026-06-17T11:10:08","slug":"nemusite-schudnut-ani-kilo-tento-trend-na-plavkach-dokaze-zazraky-s-postavou","status":"publish","type":"post","link":"https:\/\/www.europesays.com\/sk\/100032\/","title":{"rendered":"Nemus\u00edte schudn\u00fa\u0165 ani kilo: Tento trend na plavk\u00e1ch dok\u00e1\u017ee z\u00e1zraky s postavou"},"content":{"rendered":"<p>Tento rok nejde len o farby a vzory. Jeden premyslen\u00fd detail na plavk\u00e1ch dok\u00e1\u017ee zv\u00fdrazni\u0165 krivky, vytvori\u0165 \u0161t\u00edhlej\u0161iu siluetu a doda\u0165 sebavedomie bez oh\u013eadu na konfek\u010dn\u00fa ve\u013ekos\u0165. Zistite spolu s nami, o \u010do ide!&#13;\n<\/p>\n<p style=\"text-align:justify\">Ka\u017ed\u00e9 leto prin\u00e1\u0161a nov\u00e9 m\u00f3dne trendy, no len niektor\u00e9 si z\u00edskaj\u00fa popularitu aj preto, \u017ee \u017een\u00e1m skuto\u010dne pom\u00e1haj\u00fa c\u00edti\u0165 sa lep\u0161ie vo vlastnej ko\u017ei. Tento rok sa pozornos\u0165 presunula od v\u00fdrazn\u00fdch potla\u010d\u00ed a ne\u00f3nov\u00fdch farieb k premyslen\u00fdm detailom, ktor\u00e9 pracuj\u00fa s optikou postavy. Pr\u00e1ve tie toti\u017e dok\u00e1\u017eu urobi\u0165 v\u00e4\u010d\u0161\u00ed rozdiel ne\u017e ak\u00fdko\u013evek trendov\u00fd vzor.<\/p>\n<p>Tajomstvo sa skr\u00fdva v riasen\u00ed<\/p>\n<p style=\"text-align:justify\">Najv\u00e4\u010d\u0161\u00edm favoritom leta 2026 s\u00fa plavky s jemn\u00fdm riasen\u00edm. Tento detail nie je nov\u00fd, no dizajn\u00e9ri ho tento rok posunuli na \u00faplne in\u00fa \u00farove\u0148. Objavuje sa na jednodielnych<a href=\"https:\/\/feminity.zoznam.sk\/cl\/2005430\/9421851\/Modny-trik--na-ktory-prisahaju-Talianky--Vyzera-elegantne-a-schova-to--co-nechcete-ukazovat\" target=\"_blank\" rel=\"nofollow noopener\"> modeloch <\/a>aj bikinov\u00fdch topoch a spodn\u00fdch dieloch s vy\u0161\u0161\u00edm p\u00e1som. Riasenie vytv\u00e1ra m\u00e4k\u0161ie l\u00ednie, odv\u00e1dza pozornos\u0165 od oblasti bru\u0161ka a z\u00e1rove\u0148 pom\u00e1ha vytvori\u0165 il\u00faziu u\u017e\u0161ieho p\u00e1su. V\u00fdsledok p\u00f4sob\u00ed prirodzene, bez toho, aby plavky vyzerali pr\u00edli\u0161 tvaruj\u00faco.<\/p>\n<p style=\"text-align:justify\">\n\t<a href=\"https:\/\/feminity.zoznam.sk\/gl\/9580217\/6517191\/Plavkovy-trend-leta-2026--Tento-detail-na-plavkach-opticky-uberie-niekolko-centimetrov-v-pase\" rel=\"nofollow noopener\" target=\"_blank\"><br \/>\n\t\t<img decoding=\"async\" alt=\"Najv\u00e4\u010d\u0161\u00edm favoritom leta 2026 s\u00fa plavky s jemn\u00fdm riasen\u00edm\" aria-describedby=\"img-res-6517191\" class=\"\" height=\"2428\" id=\"6517191\" loading=\"lazy\" onerror=\"imgArticleLoadErr(this)\" src=\"https:\/\/www.europesays.com\/sk\/wp-content\/uploads\/2026\/06\/svet-zivot-plavky-zena.jpg\" style=\"aspect-ratio:0.659\" title=\"Najv\u00e4\u010d\u0161\u00edm favoritom leta 2026\" width=\"1600\"\/>\t\t\t<\/p>\n<p>\n\t\t\t\tZobrazi\u0165 gal\u00e9riu (5)\t\t\t<\/p>\n<p>\t<\/a><\/p>\n<p>Najv\u00e4\u010d\u0161\u00edm favoritom leta 2026 s\u00fa plavky s jemn\u00fdm riasen\u00edm\t\u00a0(Zdroj: Profimedia)<\/p>\n<\/p>\n<p style=\"text-align:justify\"><a href=\"https:\/\/feminity.zoznam.sk\/cl\/2005380\/9416565\/Dua-Lipa-zaziarila-na-romantickej-Sicilii-pocas-svadobnych-oslav--V-bielej-robe-vyzerala-ako-bohyna\" target=\"_blank\" rel=\"nofollow noopener\">Univerz\u00e1lnos\u0165<\/a> je d\u00f4vodom, pre\u010do sa tento trend objavuje v kolekci\u00e1ch zna\u010diek po celom svete. Riasen\u00e9 plavky lichotia rovnako \u0161t\u00edhlym \u017een\u00e1m, ale aj t\u00fdm, ktor\u00e9 t\u00fa\u017eia vytvori\u0165 v\u00fdraznej\u0161ie krivky. Z\u00e1rove\u0148 pom\u00e1haj\u00fa zjemni\u0165 prechod medzi p\u00e1som a bokmi, \u010d\u00edm postava p\u00f4sob\u00ed harmonickej\u0161ie. Mnoh\u00e9 \u017eeny oce\u0148uj\u00fa aj fakt, \u017ee sa v nich nemusia neust\u00e1le kontrolova\u0165 alebo s\u0165ahova\u0165 bru\u0161ko.<\/p>\n<p style=\"text-align:justify\">\n\t<a href=\"https:\/\/feminity.zoznam.sk\/gl\/9580217\/6517195\/Plavkovy-trend-leta-2026--Tento-detail-na-plavkach-opticky-uberie-niekolko-centimetrov-v-pase\" rel=\"nofollow noopener\" target=\"_blank\"><br \/>\n\t\t<img decoding=\"async\" alt=\"Univerz\u00e1lnos\u0165 je d\u00f4vodom, pre\u010do sa tento trend objavuje v kolekci\u00e1ch zna\u010diek po celom svete\" aria-describedby=\"img-res-6517195\" class=\"\" height=\"1826\" id=\"6517195\" loading=\"lazy\" onerror=\"imgArticleLoadErr(this)\" src=\"https:\/\/www.europesays.com\/sk\/wp-content\/uploads\/2026\/06\/1781694607_554_svet-zivot-plavky-zena.jpg\" style=\"aspect-ratio:0.876\" title=\"Univerz\u00e1lnos\u0165 je d\u00f4vodom, pre\u010do\" width=\"1600\"\/>\t\t\t<\/p>\n<p>\n\t\t\t\tZobrazi\u0165 gal\u00e9riu (5)\t\t\t<\/p>\n<p>\t<\/a><\/p>\n<p>Univerz\u00e1lnos\u0165 je d\u00f4vodom, pre\u010do sa tento trend objavuje v kolekci\u00e1ch zna\u010diek po celom svete\t\u00a0(Zdroj: Profimedia)<\/p>\n<\/p>\n<p>Ve\u013ek\u00fd n\u00e1vrat jednodielnych modelov<\/p>\n<p style=\"text-align:justify\">Spolu s t\u00fdmto <a href=\"https:\/\/feminity.zoznam.sk\/cl\/2005430\/9417493\/Najkrajsie-plazove-saty-na-leto-2026--Tieto-styri-strihy-ovladli-dovolenkove-destinacie\" target=\"_blank\" rel=\"nofollow noopener\">trendom<\/a> za\u017e\u00edvaj\u00fa renesanciu aj jednodielne plavky. D\u00e1vno u\u017e nejde o konzervat\u00edvny k\u00fasok, ktor\u00fd nosili na\u0161e mamy. Modern\u00e9 verzie kombinuj\u00fa elegantn\u00e9 v\u00fdstrihy, asymetrick\u00e9 l\u00ednie, v\u00fdrezy. Pr\u00e1ve spojenie jednodielneho strihu a riasenia vytv\u00e1ra efekt, ktor\u00fd stylisti ozna\u010duj\u00fa za jeden z najlichotivej\u0161\u00edch v\u00f4bec.<\/p>\n<p>\t<a href=\"https:\/\/feminity.zoznam.sk\/gl\/9580217\/6517193\/Plavkovy-trend-leta-2026--Tento-detail-na-plavkach-opticky-uberie-niekolko-centimetrov-v-pase\" rel=\"nofollow noopener\" target=\"_blank\"><br \/>\n\t\t<img decoding=\"async\" alt=\"Plavkov\u00fd trend leta 2026\" aria-describedby=\"img-res-6517193\" class=\"\" height=\"2399\" id=\"6517193\" loading=\"lazy\" onerror=\"imgArticleLoadErr(this)\" src=\"https:\/\/www.europesays.com\/sk\/wp-content\/uploads\/2026\/06\/1781694608_401_svet-zivot-plavky-zena.jpg\" style=\"aspect-ratio:0.667\" title=\"Plavkov\u00fd trend leta 2026\" width=\"1600\"\/>\t\t\t<\/p>\n<p>\n\t\t\t\tZobrazi\u0165 gal\u00e9riu (5)\t\t\t<\/p>\n<p>\t<\/a><\/p>\n<p>Plavkov\u00fd trend leta 2026\t\u00a0(Zdroj: Profimedia)<\/p>\n<p>D\u00f4le\u017eit\u00e9 s\u00fa aj spr\u00e1vne doplnky<\/p>\n<p style=\"text-align:justify\">Stylisti pripom\u00ednaj\u00fa, \u017ee pl\u00e1\u017eov\u00fd outfit netvoria len plavky. Ak ich dopln\u00edte \u013eanovou ko\u0161e\u013eou, v\u00e4\u010d\u0161ou slamenou ta\u0161kou a kvalitn\u00fdmi slne\u010dn\u00fdmi okuliarmi, v\u00fdsledok bude p\u00f4sobi\u0165 ove\u013ea luxusnej\u0161ie. Presne tak, ako to v\u00eddame na fotografi\u00e1ch talianskych \u010di franc\u00fazskych influenceriek.<\/p>\n<p style=\"text-align:justify\">Hoci m\u00f3dne triky dok\u00e1\u017eu opticky upravi\u0165 proporcie, najv\u00e4\u010d\u0161\u00ed rozdiel rob\u00ed st\u00e1le to, ako sa \u017eena vo svojom oble\u010den\u00ed c\u00edti.<\/p>\n<p style=\"text-align:justify\">\n\t<a href=\"https:\/\/feminity.zoznam.sk\/gl\/9580217\/6517189\/Plavkovy-trend-leta-2026--Tento-detail-na-plavkach-opticky-uberie-niekolko-centimetrov-v-pase\" rel=\"nofollow noopener\" target=\"_blank\"><br \/>\n\t\t<img decoding=\"async\" alt=\"Riasenie vytv\u00e1ra m\u00e4k\u0161ie l\u00ednie, odv\u00e1dza pozornos\u0165 od oblasti bru\u0161ka \" aria-describedby=\"img-res-6517189\" class=\"\" height=\"2842\" id=\"6517189\" loading=\"lazy\" onerror=\"imgArticleLoadErr(this)\" src=\"https:\/\/www.europesays.com\/sk\/wp-content\/uploads\/2026\/06\/1781694608_38_svet-zivot-plavky-zena.jpg\" style=\"aspect-ratio:0.563\" title=\"Riasenie vytv\u00e1ra m\u00e4k\u0161ie l\u00ednie,\" width=\"1600\"\/>\t\t\t<\/p>\n<p>\n\t\t\t\tZobrazi\u0165 gal\u00e9riu (5)\t\t\t<\/p>\n<p>\t<\/a><\/p>\n<p>Riasenie vytv\u00e1ra m\u00e4k\u0161ie l\u00ednie, odv\u00e1dza pozornos\u0165 od oblasti bru\u0161ka \t\u00a0(Zdroj: Profimedia)<\/p>\n<p>&#13;<br \/>\n\u00a0<\/p>\n","protected":false},"excerpt":{"rendered":"Tento rok nejde len o farby a vzory. Jeden premyslen\u00fd detail na plavk\u00e1ch dok\u00e1\u017ee zv\u00fdrazni\u0165 krivky, vytvori\u0165 \u0161t\u00edhlej\u0161iu&hellip;\n","protected":false},"author":2,"featured_media":100033,"comment_status":"","ping_status":"","sticky":false,"template":"","format":"standard","meta":{"footnotes":"","_share_on_mastodon":"0"},"categories":[15],"tags":[1743,8398,70,10639,1047,4020,532,2383,43,40,39,42,41,71,916],"class_list":["post-100032","post","type-post","status-publish","format-standard","has-post-thumbnail","category-zabava","tag-1743","tag-dokonalost","tag-entertainment","tag-figura","tag-krasa","tag-plavky","tag-postava","tag-sezona","tag-sk","tag-slovak","tag-slovakia","tag-slovencina","tag-slovensko","tag-zabava","tag-zena"],"share_on_mastodon":{"url":"https:\/\/pubeurope.com\/@sk\/116765145587742515","error":""},"_links":{"self":[{"href":"https:\/\/www.europesays.com\/sk\/wp-json\/wp\/v2\/posts\/100032","targetHints":{"allow":["GET"]}}],"collection":[{"href":"https:\/\/www.europesays.com\/sk\/wp-json\/wp\/v2\/posts"}],"about":[{"href":"https:\/\/www.europesays.com\/sk\/wp-json\/wp\/v2\/types\/post"}],"author":[{"embeddable":true,"href":"https:\/\/www.europesays.com\/sk\/wp-json\/wp\/v2\/users\/2"}],"replies":[{"embeddable":true,"href":"https:\/\/www.europesays.com\/sk\/wp-json\/wp\/v2\/comments?post=100032"}],"version-history":[{"count":0,"href":"https:\/\/www.europesays.com\/sk\/wp-json\/wp\/v2\/posts\/100032\/revisions"}],"wp:featuredmedia":[{"embeddable":true,"href":"https:\/\/www.europesays.com\/sk\/wp-json\/wp\/v2\/media\/100033"}],"wp:attachment":[{"href":"https:\/\/www.europesays.com\/sk\/wp-json\/wp\/v2\/media?parent=100032"}],"wp:term":[{"taxonomy":"category","embeddable":true,"href":"https:\/\/www.europesays.com\/sk\/wp-json\/wp\/v2\/categories?post=100032"},{"taxonomy":"post_tag","embeddable":true,"href":"https:\/\/www.europesays.com\/sk\/wp-json\/wp\/v2\/tags?post=100032"}],"curies":[{"name":"wp","href":"https:\/\/api.w.org\/{rel}","templated":true}]}}