{"id":100571,"date":"2026-06-18T04:45:10","date_gmt":"2026-06-18T04:45:10","guid":{"rendered":"https:\/\/www.europesays.com\/sk\/100571\/"},"modified":"2026-06-18T04:45:10","modified_gmt":"2026-06-18T04:45:10","slug":"urobil-to-hned-po-streleni-golu-o-geste-iranca-sa-hovori-po-celom-svete-ms-vo-futbale-2026-futbal","status":"publish","type":"post","link":"https:\/\/www.europesays.com\/sk\/100571\/","title":{"rendered":"Urobil to hne\u010f po strelen\u00ed g\u00f3lu. O geste Ir\u00e1nca sa hovor\u00ed po celom svete &#8211; MS vo futbale 2026 &#8211; Futbal"},"content":{"rendered":"<p itemprop=\"description\">Rem\u00edza futbalistov Ir\u00e1nu s Nov\u00fdm Z\u00e9landom 2:2 nie je hlavnou t\u00e9mou po stretnut\u00ed skupiny G na majstrovstv\u00e1ch sveta. Oslava g\u00f3lu Mohammada Mohebiho sa stala diskutovanou t\u00e9mou na soci\u00e1lnych sie\u0165ach.<\/p>\n<p>\t\t\t\t\t\t\t\t\t\t\t\t\t\t\t\t\t\u0160portweb,<br \/>\n\t\t\t\t\t\t\t\t\t\t\t\t\t\t\t\t\tTASR<\/p>\n<p>\t\t\t\t\t\t\t\t16.06.2026 11:01 , aktualizovan\u00e9:\u00a011:08\t\t\t\t\t\t\t<\/p>\n<p>\t\t\t\t<img decoding=\"async\" class=\"article-detail-image\" src=\"https:\/\/www.europesays.com\/sk\/wp-content\/uploads\/2026\/06\/mohammad-mohebi-clanokW.jpg\"   alt=\"Mohammad Mohebi\"\/><br \/>\n\t\t\t\t\t\t\t\t\tFoto: CHRIS TORRES \/ EPA \/ Profimedia<\/p>\n<p>                        Gesto ir\u00e1nskeho futbalistu Mohammada Mohebiho pri oslave vyrovn\u00e1vaj\u00faceho g\u00f3lu proti Nov\u00e9mu Z\u00e9landu.<\/p>\n<p>\t\t\t\t\t \t\t\t\tNad\u0161en\u00ed Ir\u00e1nci sleduj\u00fa z\u00e1pas MS v Teher\u00e1ne \t\t\t<\/p>\n<p>\t \t\t\t Video \t<\/p>\n<p>\t\t\t\t \t\t\t\t\t\t\t\t\t\t\t\t\tZdroj: Reuters \t\t\t\t\t\t<\/p>\n<p>Mohammad Mohebi sp\u00f4sobil rozruch po prvom z\u00e1pase Ir\u00e1nu na svetovom \u0161ampion\u00e1te. \u00dato\u010dn\u00edk up\u00fatal pozornos\u0165 nielen g\u00f3lom, ale aj svojimi \u010dinmi bezprostredne po jeho strelen\u00ed. Mohebi v\u00a064.\u00a0min\u00fate vyrovnal a spe\u010datil kone\u010dn\u00e9 rezult\u00e1t.<\/p>\n<p>To, \u010do sa stalo o\u00a0chv\u00ed\u013eu nesk\u00f4r, sa r\u00fdchlo stalo vir\u00e1lnym. Po\u010das oslavy ir\u00e1nsky reprezentant urobil gesto, ktor\u00fa \u010das\u0165 diskutuj\u00facich ozna\u010dila ako \u201estre\u013ebu na trib\u00fany\u201c smerom k\u00a0americk\u00fdm fan\u00fa\u0161ikom na \u0161tadi\u00f3ne v\u00a0Los Angeles.<\/p>\n<p>\t<a class=\"promo-clanok\" href=\"https:\/\/sportweb.pravda.sk\/futbal\/ms-2026\/clanok\/816739-ohromujuca-statistika-spanielska-hviezda-vytvorila-rekord-na-ktory-bude-chciet-zabudnut\/\" rel=\"nofollow noopener\" target=\"_blank\"> \t\t\t\t\t<img decoding=\"async\" src=\"https:\/\/www.europesays.com\/sk\/wp-content\/uploads\/2026\/06\/mikel-oyarzabal-stvorec.jpg\" class=\"promo-clanok-image\" alt=\"Mikel Oyarzabal\"\/> \t\t\t \t\t\t\t \t\t\t\t\t\t\t\t\t\t\t\u010c\u00edtajte viac \t\t\t\t\t\t\t\t\t \t\t\t\t \t\t\t\t\tOhromuj\u00faca \u0161tatistika. \u0160panielska hviezda vytvorila na MS rekord, na ktor\u00fd bude chcie\u0165 zabudn\u00fa\u0165 \t\t\t\t \t\t\t \t\t\t<\/a><\/p>\n<p>Reakcie boli r\u00fdchle. Hr\u00e1\u010dovo spr\u00e1vanie sa dostalo \u0161irokej pozornosti v\u00a0zahrani\u010dn\u00fdch m\u00e9di\u00e1ch a na soci\u00e1lnych sie\u0165ach sa rozp\u00fatala b\u00farliv\u00e1 diskusia o\u00a0tom, \u010di by FIFA mala situ\u00e1ciu vy\u0161etri\u0165.<\/p>\n<p>\u201eIr\u00e1nsky futbalista Mohebi vyvolal na internete obrovsk\u00fa diskusiu po oslave \u201estre\u013eby z\u00a0pi\u0161tole\u201c po strelen\u00ed g\u00f3lu proti Nov\u00e9mu Z\u00e9landu na \u0161tadi\u00f3ne SoFi. Zatia\u013e \u010do jeho g\u00f3l zabezpe\u010dil t\u00edmu cenn\u00fa rem\u00edzu po tesnom z\u00e1pase, samotn\u00e9 gesto viedlo mnoh\u00fdch fan\u00fa\u0161ikov k\u00a0v\u00fdzve na z\u00e1sah FIFA,\u201c nap\u00edsal web Ndtvsports.<\/p>\n<p>Cel\u00e1 situ\u00e1cia m\u00e1 \u010fal\u0161\u00ed kontext vzh\u013eadom na nap\u00e4t\u00e9 vz\u0165ahy medzi Ir\u00e1nom a Spojen\u00fdmi \u0161t\u00e1tmi. E\u0161te pred za\u010diatkom turnaja bola \u00fa\u010das\u0165 ir\u00e1nskeho n\u00e1rodn\u00e9ho t\u00edmu na MS ot\u00e1zna a samotn\u00e9 majstrovstv\u00e1 sveta sa stali dejiskom mnoh\u00fdch politick\u00fdch diskusi\u00ed s\u00favisiacich so \u0161tartom Ir\u00e1nu, ktor\u00fd doma \u010del\u00ed v\u00a0posledn\u00fdch mesiacoch americkej vojenskej agresii.<\/p>\n<p>Kr\u00e1tko pred \u00favodn\u00fdm z\u00e1pasom ir\u00e1nskych futbalistov proti Nov\u00e9mu Z\u00e9landu (2:2) sa v\u00a0okol\u00ed \u0161tadi\u00f3na v\u00a0Los Angeles objavilo nieko\u013eko vlajok a protestn\u00fdch transparentov.<\/p>\n<p>\u201eFutbalov\u00fd t\u00edm teroristickej Islamskej republiky nereprezentuje \u013eud Ir\u00e1nu,\u201c p\u00edsalo sa na jednom z\u00a0nich. Mnoho \u013eud\u00ed m\u00e1valo star\u00fdmi ir\u00e1nskymi vlajkami z\u00a0obdobia pred Islamskou revol\u00faciou v\u00a0roku 1979.\u00a0Atmosf\u00e9ra v\u0161ak bola pokojn\u00e1, poznamenal report\u00e9r agent\u00fary DPA. \u201eSom r\u00e1d, \u017ee tu m\u00f4\u017eem podpori\u0165 \u013eud Ir\u00e1nu, ale nepodporujem re\u017eim,\u201c povedal jeden fan\u00fa\u0161ik agent\u00fare.<\/p>\n<p>Pred v\u00fdkopom z\u00e1pasu bolo po\u010das ir\u00e1nskej hymny na \u0161tadi\u00f3ne po\u010du\u0165 hlasn\u00e9 bu\u010danie. Vzh\u013eadom na ozbrojen\u00fd konflikt s\u00a0USA a Izraelom panovala ve\u013ek\u00e1 neistota oh\u013eadom toho, \u010di sa Ir\u00e1n v\u00f4bec z\u00fa\u010dastn\u00ed na \u0161ampion\u00e1te.<\/p>\n<p>Ir\u00e1nci museli pred \u0161tartom MS presun\u00fa\u0165 svoj t\u00e1bor z\u00a0Arizony do Mexika, aby sa vyhli probl\u00e9mom s\u00a0v\u00edzami. I\u00a0tak v\u0161ak jeden\u00e1s\u0165 funkcion\u00e1rov nedostalo americk\u00e9 v\u00edza na prekro\u010denie hran\u00edc a \u00fa\u010das\u0165 na z\u00e1pasoch t\u00edmu. Hr\u00e1\u010dov navy\u0161e v\u00a0pondelok ve\u010der po skon\u010den\u00ed \u00favodn\u00e9ho z\u00e1pasu v\u00a0Los Angeles n\u00e1hle informovali, \u017ee sa musia ihne\u010f vr\u00e1ti\u0165 do Mexika. Tr\u00e9ner Amir Ghalenoei preto vyhl\u00e1sil, \u017ee Ir\u00e1n je \u201enajviac utl\u00e1\u010dan\u00fdm t\u00edmom na majstrovstv\u00e1ch sveta\u201c.<\/p>\n","protected":false},"excerpt":{"rendered":"Rem\u00edza futbalistov Ir\u00e1nu s Nov\u00fdm Z\u00e9landom 2:2 nie je hlavnou t\u00e9mou po stretnut\u00ed skupiny G na majstrovstv\u00e1ch sveta.&hellip;\n","protected":false},"author":2,"featured_media":100572,"comment_status":"","ping_status":"","sticky":false,"template":"","format":"standard","meta":{"footnotes":"","_share_on_mastodon":"0"},"categories":[13],"tags":[34659,34658,34656,5077,43,40,39,42,41,69,68,34657,34655],"class_list":["post-100571","post","type-post","status-publish","format-standard","has-post-thumbnail","category-sport","tag-geste","tag-golu","tag-hned","tag-ms-vo-futbale-2026","tag-sk","tag-slovak","tag-slovakia","tag-slovencina","tag-slovensko","tag-sport","tag-sports","tag-streleni","tag-urobil"],"share_on_mastodon":{"url":"https:\/\/pubeurope.com\/@sk\/116769294245347192","error":""},"_links":{"self":[{"href":"https:\/\/www.europesays.com\/sk\/wp-json\/wp\/v2\/posts\/100571","targetHints":{"allow":["GET"]}}],"collection":[{"href":"https:\/\/www.europesays.com\/sk\/wp-json\/wp\/v2\/posts"}],"about":[{"href":"https:\/\/www.europesays.com\/sk\/wp-json\/wp\/v2\/types\/post"}],"author":[{"embeddable":true,"href":"https:\/\/www.europesays.com\/sk\/wp-json\/wp\/v2\/users\/2"}],"replies":[{"embeddable":true,"href":"https:\/\/www.europesays.com\/sk\/wp-json\/wp\/v2\/comments?post=100571"}],"version-history":[{"count":0,"href":"https:\/\/www.europesays.com\/sk\/wp-json\/wp\/v2\/posts\/100571\/revisions"}],"wp:featuredmedia":[{"embeddable":true,"href":"https:\/\/www.europesays.com\/sk\/wp-json\/wp\/v2\/media\/100572"}],"wp:attachment":[{"href":"https:\/\/www.europesays.com\/sk\/wp-json\/wp\/v2\/media?parent=100571"}],"wp:term":[{"taxonomy":"category","embeddable":true,"href":"https:\/\/www.europesays.com\/sk\/wp-json\/wp\/v2\/categories?post=100571"},{"taxonomy":"post_tag","embeddable":true,"href":"https:\/\/www.europesays.com\/sk\/wp-json\/wp\/v2\/tags?post=100571"}],"curies":[{"name":"wp","href":"https:\/\/api.w.org\/{rel}","templated":true}]}}