{"id":101313,"date":"2026-06-18T17:24:09","date_gmt":"2026-06-18T17:24:09","guid":{"rendered":"https:\/\/www.europesays.com\/sk\/101313\/"},"modified":"2026-06-18T17:24:09","modified_gmt":"2026-06-18T17:24:09","slug":"velky-oznam-pre-bratislavu-slovan-si-zahra-okrem-extraligy-aj-nadnarodnu-sutaz-za-hranicami","status":"publish","type":"post","link":"https:\/\/www.europesays.com\/sk\/101313\/","title":{"rendered":"Ve\u013ek\u00fd oznam pre Bratislavu: Slovan si zahr\u00e1 okrem extraligy aj nadn\u00e1rodn\u00fa s\u00fa\u0165a\u017e za hranicami"},"content":{"rendered":"<p>\t<a href=\"https:\/\/sportky.zoznam.sk\/g\/485151\/velky-oznam-pre-bratislavu-slovan-si-zahra-okrem-extraligy-aj-nadnarodnu-sutaz-za-hranicami?image=1165927\" title=\"Hr\u00e1\u010di BC Slovan Bratislava\" rel=\"nofollow noopener\" target=\"_blank\">\t\t\t<img decoding=\"async\" loading=\"lazy\" src=\"https:\/\/www.europesays.com\/sk\/wp-content\/uploads\/2026\/06\/tipos-sbl-bc-slovan-1165927.jpg\"  alt=\"Hr\u00e1\u010di BC Slovan Bratislava\"\/><\/a>Hr\u00e1\u010di BC Slovan Bratislava\t\t\t Zdroj: TASR\/Franti\u0161ek Iv\u00e1n\t\t\t\t<\/p>\n<p>\t\t\t<a class=\"box-article-author-image\"><br \/>\n\t\t\t\t<img decoding=\"async\" src=\"https:\/\/sportky.zoznam.sk\/static\/2019_default\/img\/author.svg\"\/><br \/>\n\t\t\t<\/a><\/p>\n<p class=\"perex\">BELEHRAD &#8211; Nadn\u00e1rodn\u00e1 basketbalov\u00e1 s\u00fa\u0165a\u017e Jadransk\u00e1 liga (ABA liga 1) bude ma\u0165 od sez\u00f3ny 2026\/2027 historicky prv\u00e9ho \u00fa\u010dastn\u00edka zo Slovenska.\t<\/p>\n<p>Vedenie ligy udelilo trojro\u010dn\u00fa licenciu z\u00e1stupcovi Tipos Slovenskej basketbalovej ligy BC Slovan Bratislava. Spolu s \u201ebelas\u00fdmi\u201c bude nov\u00e1\u010dikom v nasleduj\u00facom s\u00fa\u0165a\u017enom ro\u010dn\u00edku chorv\u00e1tska Cibona Z\u00e1hreb.<\/p>\n<p>&#13;<br \/>\n&#13;<\/p>\n<p>Aktu\u00e1lny finalista Tipos SBL sa u\u017e d\u00e1vnej\u0161ie prezentoval amb\u00edciou vst\u00fapi\u0165 do tohto projektu, napokon splnil v\u0161etky technick\u00e9 a finan\u010dn\u00e9 po\u017eiadavky s\u00fa\u0165a\u017ee. Najvy\u0161\u0161ia \u00farove\u0148 Jadranskej ligy druh\u00fd rok po sebe nav\u00fd\u0161ila po\u010det \u00fa\u010dastn\u00edkov, z 18 na 20 klubov. Samotn\u00e1 s\u00fa\u0165a\u017e sa op\u00e4\u0165 rozdel\u00ed na nieko\u013eko f\u00e1z, nov\u00e1 sez\u00f3na od\u0161tartuje z\u00e1kladnou \u010das\u0165ou.<\/p>\n<p>&#13;<br \/>\n&#13;<\/p>\n<p>&#8222;Vstup do ABA Ligy je historick\u00fd moment pre BC Slovan aj pre slovensk\u00fd basketbal. Dlh\u00e9 roky sme sa pozerali na to, ako hr\u00e1\u010di z kraj\u00edn b\u00fdvalej Juhosl\u00e1vie vyrastaj\u00fa v jednej z najlep\u0161\u00edch region\u00e1lnych s\u00fa\u0165a\u017e\u00ed Eur\u00f3py a n\u00e1sledne sa presadzuj\u00fa v Eurolige \u010di NBA. Dnes sa otv\u00e1ra pr\u00edle\u017eitos\u0165, aby podobn\u00fa cestu mohli absolvova\u0165 aj mlad\u00ed hr\u00e1\u010di z Bratislavy a cel\u00e9ho Slovenska. <\/p>\n<p>&#13;<br \/>\n&#13;<\/p>\n<p>Ver\u00edm, \u017ee \u00fa\u010das\u0165 v ABA Lige zv\u00fd\u0161i z\u00e1ujem det\u00ed o basketbal, pom\u00f4\u017ee n\u00e1m rozv\u00edja\u0165 ml\u00e1de\u017en\u00edcky syst\u00e9m a uk\u00e1\u017ee, \u017ee aj slovensk\u00fd klub m\u00f4\u017ee by\u0165 platnou s\u00fa\u010das\u0165ou \u0161pi\u010dkov\u00e9ho medzin\u00e1rodn\u00e9ho prostredia,&#8220;\u00a0hovor\u00ed Radoslav Ran\u010d\u00edk, gener\u00e1lny mana\u017e\u00e9r BC Slovan Bratislava.<\/p>\n<p>&#13;<br \/>\n&#13;<\/p>\n<p>Klub z Pasienkov dlhodobo jav\u00ed z\u00e1ujem o \u00fa\u010das\u0165 v medzin\u00e1rodn\u00fdch projektoch a nadn\u00e1rodn\u00fdch s\u00fa\u0165a\u017eiach. V minulosti bol e\u0161te pod hlavi\u010dkou Interu s\u00fa\u010das\u0165ou Alpsko-jadransk\u00e9ho poh\u00e1ra, Eur\u00f3pskeho poh\u00e1ra FIBA a dva roky hral Severoeur\u00f3psku basketbalov\u00fa ligu.<\/p>\n<p>&#13;<br \/>\n&#13;<\/p>\n<p>&#8222;Pri akviz\u00edcii \u0161portov\u00fdch klubov sme si v JTRE stanovili jasn\u00fd z\u00e1v\u00e4zok: neby\u0165 len pas\u00edvnym partnerom, ale re\u00e1lnym akceler\u00e1torom \u0161portov\u00e9ho \u017eivota v Bratislave a na Slovensku. \u00da\u010das\u0165 BC Slovan v tak elitnom form\u00e1te, ak\u00fdm je ABA Liga, dokazuje, \u017ee to s nap\u013a\u0148an\u00edm na\u0161ich cie\u013eov mysl\u00edme v\u00e1\u017ene. <\/p>\n<p>&#13;<br \/>\n&#13;<\/p>\n<p>Basketbal v Bratislave dost\u00e1va nov\u00fd n\u00e1boj, ktor\u00fd pritiahne nov\u00fa gener\u00e1ciu \u0161portovcov aj fan\u00fa\u0161ikov, ktor\u00fdm prinesieme nev\u0161edn\u00fd celorodinn\u00fd spolo\u010densk\u00fd z\u00e1\u017eitok. Presne kv\u00f4li tak\u00fdmto momentom sme sa rozhodli investova\u0165 do rozvoja klubov\u00e9ho \u0161portu v Bratislave,&#8220; hovor\u00ed Pavel Pelik\u00e1n, v\u00fdkonn\u00fd riadite\u013e JTRE.\u00a0<\/p>\n<p>&#13;<br \/>\n&#13;<br \/>\n&#13;<br \/>\n&#13;<br \/>\n&#13;<br \/>\n&#13;<br \/>\n&#13;<\/p>\n<p>\u00a0<\/p>\n<p>&#13;<\/p>\n<p>\t\t\tAutor: \u00a9 Zoznam\/\t\t\tVIDEO: Instagram\/bc_slovan\t\t\tZdroj: TASR\t<\/p>\n","protected":false},"excerpt":{"rendered":"Hr\u00e1\u010di BC Slovan Bratislava Zdroj: TASR\/Franti\u0161ek Iv\u00e1n BELEHRAD &#8211; Nadn\u00e1rodn\u00e1 basketbalov\u00e1 s\u00fa\u0165a\u017e Jadransk\u00e1 liga (ABA liga 1) bude&hellip;\n","protected":false},"author":2,"featured_media":101314,"comment_status":"","ping_status":"","sticky":false,"template":"","format":"standard","meta":{"footnotes":"","_share_on_mastodon":"0"},"categories":[13],"tags":[2302,11686,43,40,39,42,41,69,68,9163],"class_list":["post-101313","post","type-post","status-publish","format-standard","has-post-thumbnail","category-sport","tag-aba-liga","tag-bc-slovan-bratislava","tag-sk","tag-slovak","tag-slovakia","tag-slovencina","tag-slovensko","tag-sport","tag-sports","tag-tipos-sbl"],"share_on_mastodon":{"url":"https:\/\/pubeurope.com\/@sk\/116772278616546149","error":""},"_links":{"self":[{"href":"https:\/\/www.europesays.com\/sk\/wp-json\/wp\/v2\/posts\/101313","targetHints":{"allow":["GET"]}}],"collection":[{"href":"https:\/\/www.europesays.com\/sk\/wp-json\/wp\/v2\/posts"}],"about":[{"href":"https:\/\/www.europesays.com\/sk\/wp-json\/wp\/v2\/types\/post"}],"author":[{"embeddable":true,"href":"https:\/\/www.europesays.com\/sk\/wp-json\/wp\/v2\/users\/2"}],"replies":[{"embeddable":true,"href":"https:\/\/www.europesays.com\/sk\/wp-json\/wp\/v2\/comments?post=101313"}],"version-history":[{"count":0,"href":"https:\/\/www.europesays.com\/sk\/wp-json\/wp\/v2\/posts\/101313\/revisions"}],"wp:featuredmedia":[{"embeddable":true,"href":"https:\/\/www.europesays.com\/sk\/wp-json\/wp\/v2\/media\/101314"}],"wp:attachment":[{"href":"https:\/\/www.europesays.com\/sk\/wp-json\/wp\/v2\/media?parent=101313"}],"wp:term":[{"taxonomy":"category","embeddable":true,"href":"https:\/\/www.europesays.com\/sk\/wp-json\/wp\/v2\/categories?post=101313"},{"taxonomy":"post_tag","embeddable":true,"href":"https:\/\/www.europesays.com\/sk\/wp-json\/wp\/v2\/tags?post=101313"}],"curies":[{"name":"wp","href":"https:\/\/api.w.org\/{rel}","templated":true}]}}