{"id":102585,"date":"2026-06-19T21:56:06","date_gmt":"2026-06-19T21:56:06","guid":{"rendered":"https:\/\/www.europesays.com\/sk\/102585\/"},"modified":"2026-06-19T21:56:06","modified_gmt":"2026-06-19T21:56:06","slug":"kosice-a-okolie-ziskaju-nove-cyklotrasy-moderne-depo-aj-miliony-z-eurofondov","status":"publish","type":"post","link":"https:\/\/www.europesays.com\/sk\/102585\/","title":{"rendered":"Ko\u0161ice a okolie z\u00edskaj\u00fa nov\u00e9 cyklotrasy, modern\u00e9 depo aj mili\u00f3ny z eurofondov"},"content":{"rendered":"<p>\t\t\t\t\t\t\t<img decoding=\"async\" src=\"https:\/\/www.europesays.com\/sk\/wp-content\/uploads\/2026\/06\/03102025-muranska-planina-cykloturizmus-08162677-e1779184355928.jpg\" alt=\"Ilustra\u010dn\u00e9 foto. Zdroj: TASR\/Luk\u00e1\u0161 Mu\u017ela\" style=\"aspect-ratio: 1.33;object-fit: cover; display:inline; width: 100%;\" fetchpriority=\"high\"\/><\/p>\n<p>\t\t\t\t\tIlustra\u010dn\u00e9 foto. Zdroj: TASR\/Luk\u00e1\u0161 Mu\u017ela<\/p>\n<p>\t\t<img decoding=\"async\" src=\"https:\/\/www.europesays.com\/sk\/wp-content\/uploads\/2026\/06\/1781906166_600_author-default.jpg\" aria-label=\"Autor\"\/><\/p>\n<p>Koopera\u010dn\u00e1 rada udr\u017eate\u013en\u00e9ho mestsk\u00e9ho rozvoja (UMR) Ko\u0161ice schv\u00e1lila na stredaj\u0161om (17. 6.) rokovan\u00ed \u010fal\u0161\u00edch 21 investi\u010dn\u00fdch z\u00e1merov. Ich celkov\u00e1 hodnota je takmer 26 mili\u00f3nov eur. Informovalo o tom mesto Ko\u0161ice na webovej str\u00e1nke.<\/p>\n<p>Medzi schv\u00e1len\u00fdmi projektov\u00fdmi z\u00e1mermi je aj moderniz\u00e1cia \u00fadr\u017ebovej z\u00e1kladne tzv. depa pre elektrobusy Dopravn\u00e9ho podniku mesta Ko\u0161ice. Na projektov\u00fa dokument\u00e1ciu a prv\u00fa \u010das\u0165 v\u00fdstavby schv\u00e1lili zhruba sedem mili\u00f3nov eur. Cyklistick\u00fd chodn\u00edk Moskovsk\u00e1 trieda, ktor\u00fd sa t\u00fdka ul\u00edc Torysk\u00e1 a \u0160t\u00farova, dostane zhruba 3,2 mili\u00f3na eur. Cesta medzi Ve\u013ekou Idou a \u0160acou z\u00edska takmer tri mili\u00f3ny a vy\u0161e dva mili\u00f3ny eur pridelili na Horn\u00e1dsku cyklomagistr\u00e1lu vetvu D.<\/p>\n<p>Financie z\u00edskavaj\u00fa aj men\u0161ie obce ako napr\u00edklad Trsten\u00e9 pri Horn\u00e1de na obnovite\u013en\u00e9 zdroje energie v hodnote 202.000 eur. Schv\u00e1len\u00fd bol aj z\u00e1mer na roz\u0161\u00edrenie in\u017einierskych siet\u00ed v obci Ba\u0161ka za takmer 419.000 eur. Okrem in\u00fdch z\u00edskalo ob\u010dianske zdru\u017eenie Memores 400.000 eur na roz\u0161\u00edrenie priestorov M\u00fazea obet\u00ed komunizmu.<\/p>\n<p>Mohlo by v\u00e1s zauj\u00edma\u0165:<\/p>\n<p>Reklama<\/p>\n<p> div {<br \/>\ntext-align: left;<br \/>\nfont-size: 12px;<br \/>\ncolor: #6f6f6f;<br \/>\n}<\/p>\n<p>#onnetwork-banner > div:first-child {<br \/>\ntext-align: left;<br \/>\nfont-weight: 700;<br \/>\npadding-bottom: 5px;<br \/>\nfont-size: 14px;<br \/>\ncolor: #000000;<br \/>\n}<\/p>\n<p>]]><\/p>\n<p>\u00daspe\u0161n\u00ed \u017eiadatelia musia poda\u0165 \u017eiados\u0165 o nen\u00e1vratn\u00fd finan\u010dn\u00fd pr\u00edspevok z eurofondov najnesk\u00f4r do \u0161iestich mesiacov. V r\u00e1mci Programu Slovensko bolo pre \u00fazemie UMR Ko\u0161ice, ktor\u00e9 okrem Ko\u0161\u00edc zah\u0155\u0148a aj \u010fal\u0161\u00edch 40 obc\u00ed z okresu Ko\u0161ice-okolie, vy\u010dlenen\u00fdch spolu 133,8 mili\u00f3na eur zo zdrojov Eur\u00f3pskeho fondu region\u00e1lneho rozvoja. Jednotliv\u00e9 projektov\u00e9 z\u00e1mery financovan\u00e9 z eurofondov sa postupne schva\u013euj\u00fa na Koopera\u010dn\u00fdch rad\u00e1ch UMR.<\/p>\n<p>Doposia\u013e schv\u00e1lili 130 invest\u00edci\u00ed v hodnote 155,5 mili\u00f3na eur celkov\u00fdch opr\u00e1vnen\u00fdch v\u00fddavkov. Z eurofondov poputuje na financovanie projektov 126 mili\u00f3nov eur, zvy\u0161ok predstavuje spolufinancovanie jednotliv\u00fdch \u017eiadate\u013eov a zo \u0161t\u00e1tneho rozpo\u010dtu.<\/p>\n<p class=\"tags\">Viac o t\u00e9me: <a href=\"https:\/\/regiony.zoznam.sk\/tag\/cyklotrasy\/\" rel=\"nofollow noopener\" target=\"_blank\">cyklotrasy<\/a>, <a href=\"https:\/\/regiony.zoznam.sk\/tag\/dopravny-podnik-mesta-kosice\/\" rel=\"nofollow noopener\" target=\"_blank\">dopravn\u00fd podnik mesta Ko\u0161ice<\/a>, <a href=\"https:\/\/regiony.zoznam.sk\/tag\/eurofondy\/\" rel=\"nofollow noopener\" target=\"_blank\">eurofondy<\/a>, <a href=\"https:\/\/regiony.zoznam.sk\/tag\/investicie\/\" rel=\"nofollow noopener\" target=\"_blank\">invest\u00edcie<\/a>, <a href=\"https:\/\/regiony.zoznam.sk\/tag\/kosice\/\" rel=\"nofollow noopener\" target=\"_blank\">Ko\u0161ice<\/a>, <a href=\"https:\/\/regiony.zoznam.sk\/tag\/projekty\/\" rel=\"nofollow noopener\" target=\"_blank\">projekty<\/a>, <a href=\"https:\/\/regiony.zoznam.sk\/tag\/regionalny-rozvoj\/\" rel=\"nofollow noopener\" target=\"_blank\">region\u00e1lny rozvoj<\/a>, <a href=\"https:\/\/regiony.zoznam.sk\/tag\/verejna-doprava\/\" rel=\"nofollow noopener\" target=\"_blank\">verejn\u00e1 doprava<\/a><\/p>\n<p>\t\tKoment\u00e1re k \u010dl\u00e1nku<\/p>\n<p>Moment\u00e1lne nie je pridan\u00fd \u017eiadny koment\u00e1r<\/p>\n","protected":false},"excerpt":{"rendered":"Ilustra\u010dn\u00e9 foto. Zdroj: TASR\/Luk\u00e1\u0161 Mu\u017ela Koopera\u010dn\u00e1 rada udr\u017eate\u013en\u00e9ho mestsk\u00e9ho rozvoja (UMR) Ko\u0161ice schv\u00e1lila na stredaj\u0161om (17. 6.) rokovan\u00ed&hellip;\n","protected":false},"author":2,"featured_media":102586,"comment_status":"","ping_status":"","sticky":false,"template":"","format":"standard","meta":{"footnotes":"","_share_on_mastodon":"0"},"categories":[22],"tags":[22288,23435,2199,1438,137,5118,3803,43,40,39,42,41,1717],"class_list":["post-102585","post","type-post","status-publish","format-standard","has-post-thumbnail","category-kosice","tag-cyklotrasy","tag-dopravny-podnik-mesta-kosice","tag-eurofondy","tag-investicie","tag-kosice","tag-projekty","tag-regionalny-rozvoj","tag-sk","tag-slovak","tag-slovakia","tag-slovencina","tag-slovensko","tag-verejna-doprava"],"share_on_mastodon":{"url":"https:\/\/pubeurope.com\/@sk\/116779010331112765","error":""},"_links":{"self":[{"href":"https:\/\/www.europesays.com\/sk\/wp-json\/wp\/v2\/posts\/102585","targetHints":{"allow":["GET"]}}],"collection":[{"href":"https:\/\/www.europesays.com\/sk\/wp-json\/wp\/v2\/posts"}],"about":[{"href":"https:\/\/www.europesays.com\/sk\/wp-json\/wp\/v2\/types\/post"}],"author":[{"embeddable":true,"href":"https:\/\/www.europesays.com\/sk\/wp-json\/wp\/v2\/users\/2"}],"replies":[{"embeddable":true,"href":"https:\/\/www.europesays.com\/sk\/wp-json\/wp\/v2\/comments?post=102585"}],"version-history":[{"count":0,"href":"https:\/\/www.europesays.com\/sk\/wp-json\/wp\/v2\/posts\/102585\/revisions"}],"wp:featuredmedia":[{"embeddable":true,"href":"https:\/\/www.europesays.com\/sk\/wp-json\/wp\/v2\/media\/102586"}],"wp:attachment":[{"href":"https:\/\/www.europesays.com\/sk\/wp-json\/wp\/v2\/media?parent=102585"}],"wp:term":[{"taxonomy":"category","embeddable":true,"href":"https:\/\/www.europesays.com\/sk\/wp-json\/wp\/v2\/categories?post=102585"},{"taxonomy":"post_tag","embeddable":true,"href":"https:\/\/www.europesays.com\/sk\/wp-json\/wp\/v2\/tags?post=102585"}],"curies":[{"name":"wp","href":"https:\/\/api.w.org\/{rel}","templated":true}]}}