{"id":103854,"date":"2026-06-21T13:59:10","date_gmt":"2026-06-21T13:59:10","guid":{"rendered":"https:\/\/www.europesays.com\/sk\/103854\/"},"modified":"2026-06-21T13:59:10","modified_gmt":"2026-06-21T13:59:10","slug":"serialova-hviezda-si-pichla-injekciu-na-chudnutie-a-nastalo-peklo","status":"publish","type":"post","link":"https:\/\/www.europesays.com\/sk\/103854\/","title":{"rendered":"Seri\u00e1lov\u00e1 hviezda si pichla injekciu na chudnutie a&#8230; Nastalo peklo!"},"content":{"rendered":"<p>LOS ANGELES &#8211; Podelila sa o svoju desiv\u00fa sk\u00fasenos\u0165! Injekcie na chudnutie s\u00fa v poslednom \u010dase ak\u00fdmsi hitom a mnoh\u00fdm \u013eu\u010fom zmenili \u017eivot. Nie ka\u017ed\u00fd v\u0161ak m\u00e1 pozit\u00edvnu sk\u00fasenos\u0165. Pr\u00edkladom je here\u010dka Mayim Bialik (49), ktor\u00fa Slov\u00e1ci poznaj\u00fa najm\u00e4 ako Amy z ob\u013e\u00faben\u00e9ho seri\u00e1lu Te\u00f3ria ve\u013ek\u00e9ho tresku. T\u00e1 pre\u017eila hotov\u00fa no\u010dn\u00fa moru.<\/p>\n<p>Dr\u017eite\u013eka ceny Emmy priznala, \u017ee po jedinej n\u00edzkej d\u00e1vke GLP-1 lieku ju zasiahli mimoriadne nepr\u00edjemn\u00e9 ved\u013eaj\u0161ie \u00fa\u010dinky. O svojom pr\u00edbehu otvorene nap\u00edsala v eseji pre port\u00e1l The Free Press. \u201ePoveda\u0165, \u017ee som mala ne\u017eiaducu reakciu, by bolo slab\u00e9 slovo,\u201c uviedla here\u010dka.<\/p>\n<p>Seri\u00e1lov\u00e1 Amy po\u010das za\u010d\u00ednaj\u00facej menopauzy pribrala 9 kg. Ako v\u0161ak zd\u00f4raznila, po injekciach nesiahla kv\u00f4li chudnutiu. Trojica lek\u00e1rov jej odporu\u010dila GLP-1 liek ako mo\u017en\u00fa pomoc pri autoimunitn\u00fdch probl\u00e9moch, s ktor\u00fdmi bojuje u\u017e dlh\u00e9 roky.<\/p>\n<p>\t<a href=\"https:\/\/novinky.zoznam.sk\/gl\/9580361\/6521099\/Serialova-hviezda-si-pichla-injekciu-na-chudnutie-a----Nastalo-peklo-\" rel=\"nofollow noopener\" target=\"_blank\"><br \/>\n\t\t<img decoding=\"async\" alt=\"Seri\u00e1lov\u00e1 hviezda si pichla\" aria-describedby=\"img-res-6521099\" class=\"\" height=\"1065\" id=\"6521099\" loading=\"lazy\" onerror=\"imgArticleLoadErr(this)\" src=\"https:\/\/www.europesays.com\/sk\/wp-content\/uploads\/2026\/06\/Teoria-velkeho-tresku.jpg\" style=\"aspect-ratio:1.503\" title=\"Seri\u00e1lov\u00e1 hviezda si pichla\" width=\"1600\"\/>\t\t\t<\/p>\n<p>\n\t\t\t\tZobrazi\u0165 gal\u00e9riu (3)\t\t\t<\/p>\n<p>\t<\/a><\/p>\n<p>\t\u00a0(Zdroj: CBS Television)<\/p>\n<p>\t<a href=\"https:\/\/novinky.zoznam.sk\/gl\/9580361\/6521101\/Serialova-hviezda-si-pichla-injekciu-na-chudnutie-a----Nastalo-peklo-\" rel=\"nofollow noopener\" target=\"_blank\"><br \/>\n\t\t<img decoding=\"async\" alt=\"Seri\u00e1lov\u00e1 hviezda si pichla\" aria-describedby=\"img-res-6521101\" class=\"\" height=\"1019\" id=\"6521101\" loading=\"lazy\" onerror=\"imgArticleLoadErr(this)\" src=\"https:\/\/www.europesays.com\/sk\/wp-content\/uploads\/2026\/06\/1782050348_514_Teoria-velkeho-tresku.jpg\" style=\"aspect-ratio:1.570\" title=\"Seri\u00e1lov\u00e1 hviezda si pichla\" width=\"1600\"\/>\t\t\t<\/p>\n<p>\n\t\t\t\tZobrazi\u0165 gal\u00e9riu (3)\t\t\t<\/p>\n<p>\t<\/a><\/p>\n<p>\t\u00a0(Zdroj: CBS Television)<\/p>\n<p>Kr\u00e1tko po aplik\u00e1cii v\u0161ak pre here\u010dku nastalo peklo. \u201eNeovl\u00e1date\u013e\u00e1 hna\u010dka. S\u00edrne grganie tak\u00e9 siln\u00e9, \u017ee som sa b\u00e1la otvori\u0165 \u00fasta na verejnosti. K\u0155\u010de, nafukovanie a bolesti cel\u00e9ho tela, akoby som mala chr\u00edpku,\u201c op\u00edsala umelky\u0148a. T\u00fdm sa v\u0161ak jej tr\u00e1penie neskon\u010dilo. Ako uviedla, v \u017eal\u00fadku nedok\u00e1zala udr\u017ea\u0165 ani mal\u00e9 mno\u017estvo vody a viackr\u00e1t nestihla dobehn\u00fa\u0165 na toaletu.<\/p>\n<p>Nepr\u00edjemn\u00e9 \u0165a\u017ekosti pretrv\u00e1vali cel\u00e9 t\u00fd\u017edne. Preto sa here\u010dka rozhodla vyh\u013eada\u0165 gastroenterol\u00f3ga. Ten jej vysvetlil, \u017ee v\u00fdrazn\u00e9 tr\u00e1viace probl\u00e9my patria medzi zn\u00e1me ved\u013eaj\u0161ie \u00fa\u010dinky GLP-1 liekov. Z\u00e1rove\u0148 upozornil, \u017ee priebeh mohli zhor\u0161i\u0165 aj \u010fal\u0161ie lieky, ktor\u00e9 u\u017e\u00edva. Mayim Bialik trp\u00ed autoimunitn\u00fdm ochoren\u00edm \u0161t\u00edtnej \u017e\u013eazy, ktor\u00e9 jej diagnostikovali u\u017e ako 23-ro\u010dnej.<\/p>\n<p>Napriek desivej sk\u00fasenosti here\u010dka lieky GLP-1 neodsudzuje a zd\u00f4raz\u0148uje, \u017ee mnoh\u00fdm \u013eu\u010fom skuto\u010dne pomohli.<\/p>\n<p>\t\tHlasovanie ukon\u010den\u00e9<\/p>\n<p>\t\t\t\t{{ poll.title }}<\/p>\n<p>\t\t\t\t\t<img :alt=\"pollImageDescription()\" :src=\"https:\/\/novinky.zoznam.sk\/cl\/176\/9422951\/poll.img_url\" class=\"box-quiz-new-image-questionnaire\"\/><\/p>\n<p>{{ poll.image_description }} (Zdroj: {{ poll.image_resource }})<\/p>\n<p>\t\t\t\t\t\t\t\t\t\t\t<img :alt=\"questionImageDescription(question)\" :src=\"https:\/\/novinky.zoznam.sk\/cl\/176\/9422951\/question.img_url\" class=\"box-quiz-new-image-top\"\/><\/p>\n<p>Zdroj: {{ question.image_resource }}<\/p>\n<p>\n\t\t\t\t\t\t\t\t\t\t\t{{ question.text }}\n\t\t\t\t\t\t\t\t\t\t<\/p>\n<p>{{ question.text }}<\/p>\n<p>\t\t\t\t\t\t\t\t\t\t\t\t\t\t<img :alt=\"questionImageDescription(question)\" :src=\"https:\/\/novinky.zoznam.sk\/cl\/176\/9422951\/question.img_url\" class=\"box-quiz-new-image-top\"\/><\/p>\n<p>Zdroj: {{ question.image_resource }}<\/p>\n<p>{{ poll.title }}<\/p>\n<p>{{ question.text }}<\/p>\n<p>\t\t\t\t\t\t\t\t\t\t\t\t\t\t<img :alt=\"questionImageDescription(question)\" :src=\"https:\/\/novinky.zoznam.sk\/cl\/176\/9422951\/question.img_url\" class=\"box-quiz-new-image-top\"\/><\/p>\n<p>Zdroj: {{ question.image_resource }}<\/p>\n<p>{{ poll.rating_worst}}<\/p>\n<p>{{ poll.rating_best}}<\/p>\n<p>{{ poll.rating_best}}<\/p>\n<p>{{ poll.rating_worst}}<\/p>\n<p>\t\t\t\t\t\t\t\t\t\t\t\t\t{{ answer.text }}<\/p>\n<p>\t\t\t\t\t\t\t\t\t\t\t\t\t{{ answer.text }}<\/p>\n<p>\t\t\t\t\t{{ poll.title }}<\/p>\n<p v-if=\"poll.contact_form\">{{ poll.thanks }}<\/p>\n<p>{{ question.text }}<\/p>\n<p>\t\t\t\t\t\t\t\t\t<img :alt=\"questionImageDescription(question)\" :src=\"https:\/\/novinky.zoznam.sk\/cl\/176\/9422951\/question.img_url\" class=\"box-quiz-new-image-top\"\/><\/p>\n<p>Zdroj: {{ question.image_resource }}<\/p>\n<p>Priemern\u00e9 hodnotenie: {{ question.rating }}<\/p>\n<p> Va\u0161e hodnotenie: {{ question.user_rating }}<\/p>\n<p>{{ question.text }}<\/p>\n<p>\t\t\t\t\t\t\t\t\t<img :alt=\"questionImageDescription(question)\" :src=\"https:\/\/novinky.zoznam.sk\/cl\/176\/9422951\/question.img_url\" class=\"box-quiz-new-image-top\"\/><\/p>\n<p>Zdroj: {{ question.image_resource }}<\/p>\n<p>{{ poll.rating_worst}}<\/p>\n<p>{{ poll.rating_best}}<\/p>\n<p>{{ poll.rating_best}}<\/p>\n<p>{{ poll.rating_worst}}<\/p>\n<p>Priemern\u00e9 hodnotenie: {{ question.rating }}<\/p>\n<p> Va\u0161e hodnotenie: {{ question.user_rating }}<\/p>\n<p>Hlasovalo: {{questions[0].votes}}<\/p>\n<p>\t\t\t\t\t\t{{ poll.title }}<\/p>\n<p>\t\t\t\t\t\t\t<img :alt=\"pollImageDescription()\" :src=\"https:\/\/novinky.zoznam.sk\/cl\/176\/9422951\/poll.img_url\" class=\"box-quiz-new-image-questionnaire\"\/><\/p>\n<p>{{ poll.image_description }} (Zdroj: {{ poll.image_resource }})<\/p>\n<p>{{ qIndex+1 }}\/{{ questions.length }}<\/p>\n<p>\t\t\t\t\t\t\t\t\t<img :alt=\"questionImageDescription(question)\" :src=\"https:\/\/novinky.zoznam.sk\/cl\/176\/9422951\/question.img_url\" class=\"box-quiz-new-image-top\"\/><br \/>\n\t\t\t\t\t\t\t\t\t<a class=\"box-quiz-new-magnifier\" href=\"#\" title=\"Zv\u00e4\u010d\u0161i\u0165 obr\u00e1zok\">\u00a0<\/a><\/p>\n<p>Zdroj: {{ question.image_resource }}<\/p>\n<p>{{ question.text }}<\/p>\n<p>M\u00f4\u017eete ozna\u010di\u0165 viacero odpoved\u00ed.<\/p>\n<p class=\"profile-name\">{{ profiles[profileEvalueated.index].name }}<\/p>\n<p v-if=\"poll.show_profiles_percentage\">Zhoda: {{ profileEvalueated.weightPercentage }}%<\/p>\n<p>\t\t\t\t\t\t\t\t\t<img :alt=\"profiles[profileEvalueated.index].image_description\" :src=\"https:\/\/novinky.zoznam.sk\/cl\/176\/9422951\/profiles[profileEvalueated.index].img_url\" class=\"box-quiz-new-image-questionnaire\"\/><\/p>\n<p>{{ profiles[profileEvalueated.index].image_description }} (Zdroj: {{ profiles[profileEvalueated.index].image_resource }})<\/p>\n<p><\/p>\n<p>\t\t\t\t\t\t\t\u00d7<br \/>\n\t\t\t\t\t\t\t<img :alt=\"imageModal.imgDescription\" :src=\"https:\/\/novinky.zoznam.sk\/cl\/176\/9422951\/imageModal.imgUrl\" :style=\"isEmbed ? computeModalImageStyle() : ''\"\/><\/p>\n","protected":false},"excerpt":{"rendered":"LOS ANGELES &#8211; Podelila sa o svoju desiv\u00fa sk\u00fasenos\u0165! Injekcie na chudnutie s\u00fa v poslednom \u010dase ak\u00fdmsi hitom&hellip;\n","protected":false},"author":2,"featured_media":103855,"comment_status":"","ping_status":"","sticky":false,"template":"","format":"standard","meta":{"footnotes":"","_share_on_mastodon":"0"},"categories":[15],"tags":[70,35481,43,40,39,42,41,15337,71],"class_list":["post-103854","post","type-post","status-publish","format-standard","has-post-thumbnail","category-zabava","tag-entertainment","tag-mayim-bialik","tag-sk","tag-slovak","tag-slovakia","tag-slovencina","tag-slovensko","tag-teoria-velkeho-tresku","tag-zabava"],"share_on_mastodon":{"url":"https:\/\/pubeurope.com\/@sk\/116788459443134937","error":""},"_links":{"self":[{"href":"https:\/\/www.europesays.com\/sk\/wp-json\/wp\/v2\/posts\/103854","targetHints":{"allow":["GET"]}}],"collection":[{"href":"https:\/\/www.europesays.com\/sk\/wp-json\/wp\/v2\/posts"}],"about":[{"href":"https:\/\/www.europesays.com\/sk\/wp-json\/wp\/v2\/types\/post"}],"author":[{"embeddable":true,"href":"https:\/\/www.europesays.com\/sk\/wp-json\/wp\/v2\/users\/2"}],"replies":[{"embeddable":true,"href":"https:\/\/www.europesays.com\/sk\/wp-json\/wp\/v2\/comments?post=103854"}],"version-history":[{"count":0,"href":"https:\/\/www.europesays.com\/sk\/wp-json\/wp\/v2\/posts\/103854\/revisions"}],"wp:featuredmedia":[{"embeddable":true,"href":"https:\/\/www.europesays.com\/sk\/wp-json\/wp\/v2\/media\/103855"}],"wp:attachment":[{"href":"https:\/\/www.europesays.com\/sk\/wp-json\/wp\/v2\/media?parent=103854"}],"wp:term":[{"taxonomy":"category","embeddable":true,"href":"https:\/\/www.europesays.com\/sk\/wp-json\/wp\/v2\/categories?post=103854"},{"taxonomy":"post_tag","embeddable":true,"href":"https:\/\/www.europesays.com\/sk\/wp-json\/wp\/v2\/tags?post=103854"}],"curies":[{"name":"wp","href":"https:\/\/api.w.org\/{rel}","templated":true}]}}