{"id":104190,"date":"2026-06-21T21:33:08","date_gmt":"2026-06-21T21:33:08","guid":{"rendered":"https:\/\/www.europesays.com\/sk\/104190\/"},"modified":"2026-06-21T21:33:08","modified_gmt":"2026-06-21T21:33:08","slug":"rusko-stratilo-postavenie-supervelmoci-tvrdi-ukrajinska-rozviedka","status":"publish","type":"post","link":"https:\/\/www.europesays.com\/sk\/104190\/","title":{"rendered":"Rusko stratilo postavenie superve\u013emoci, tvrd\u00ed ukrajinsk\u00e1 rozviedka"},"content":{"rendered":"<p>KYJEV &#8211; Ukrajina pod\u013ea vojenskej rozviedky dosiahla viacero strategick\u00fdch cie\u013eov e\u0161te pred koncom vojny. Tvrd\u00ed, \u017ee Rusko pri\u0161lo o status glob\u00e1lnej ve\u013emoci a Kyjev sa stal v\u00fdznamn\u00fdm prvkom eur\u00f3pskej bezpe\u010dnosti.<\/p>\n<p>Ukrajina pova\u017euje viacer\u00e9 zo svojich najd\u00f4le\u017eitej\u0161\u00edch strategick\u00fdch cie\u013eov za splnen\u00e9 e\u0161te pred samotn\u00fdm ukon\u010den\u00edm vojny. V rozhovore s ukrajinskou novin\u00e1rkou Hannou Hopko to vyhl\u00e1sil hovorca ukrajinskej vojenskej rozviedky HUR Andrij Jusov. Pod\u013ea jeho hodnotenia sa Moskve nepodarilo zni\u010di\u0165 ukrajinsk\u00fa \u0161t\u00e1tnos\u0165 a vojensk\u00e1 agresia z\u00e1rove\u0148 v\u00fdrazne oslabila medzin\u00e1rodn\u00e9 postavenie Ruska. Informuje o tom port\u00e1l <a href=\"https:\/\/zpravy.aktualne.cz\/zahranici\/smazali-jsme-rusko-z-mapy-supervelmoci-a-strategicky-vyhrali-tvrdi-mluvci-rozvedky\/r~aaa29c91292a031a3bf8030bdecffec8\/\" target=\"_blank\" rel=\"nofollow noopener\">Aktualne.cz<\/a>.<\/p>\n<p>Jusov tvrd\u00ed, \u017ee Ukrajina si dok\u00e1zala zachova\u0165 nez\u00e1vislos\u0165 napriek rozsiahlej ruskej inv\u00e1zii a z\u00e1rove\u0148 pod\u013ea neho prispela k tomu, \u017ee Rusko u\u017e nemo\u017eno vn\u00edma\u0165 ako jednu z dominantn\u00fdch svetov\u00fdch ve\u013emoc\u00ed.<\/p>\n<p>Putin pod\u013ea Kyjeva prem\u00e1rnil historick\u00fa pr\u00edle\u017eitos\u0165<\/p>\n<p>Predstavite\u013e rozviedky ostro kritizoval rusk\u00e9ho prezidenta Vladimira Putina. Pod\u013ea jeho slov sa za najv\u00e4\u010d\u0161iu trag\u00e9diu modern\u00fdch rusk\u00fdch dej\u00edn ned\u00e1 pova\u017eova\u0165 rozpad Sovietskeho zv\u00e4zu, ako to \u010dasto prezentuje Kreme\u013e, ale pr\u00e1ve politika s\u00fa\u010dasn\u00e9ho \u0161\u00e9fa Krem\u013ea.<\/p>\n<p>Jusov argumentuje, \u017ee Rusko malo po skon\u010den\u00ed studenej vojny v\u00fdnimo\u010dn\u00fa pr\u00edle\u017eitos\u0165 sta\u0165 sa re\u0161pektovan\u00fdm partnerom z\u00e1padn\u00fdch kraj\u00edn. Tvrd\u00ed, \u017ee \u0161t\u00e1ty zdru\u017een\u00e9 v skupin\u00e1ch G7 \u010di G20 boli pripraven\u00e9 rozv\u00edja\u0165 s Moskvou obchodn\u00e9 aj politick\u00e9 vz\u0165ahy a podporova\u0165 jej ekonomick\u00fd rast.<\/p>\n<p>Podobn\u00e9 o\u010dak\u00e1vania pod\u013ea neho dlh\u00e9 roky pretrv\u00e1vali aj medzi samotn\u00fdmi Ukrajincami. E\u0161te pred rokom 2014 mnoh\u00ed verili, \u017ee spolo\u010dn\u00e1 hist\u00f3ria, rodinn\u00e9 v\u00e4zby \u010di osobn\u00e9 kontakty dok\u00e1\u017eu zachova\u0165 korektn\u00e9 susedsk\u00e9 vz\u0165ahy aj napriek sporom medzi oboma krajinami.<\/p>\n<p>Vz\u0165ahy medzi n\u00e1rodmi sa pod\u013ea rozviedky zr\u00fatili<\/p>\n<p>Dnes je pod\u013ea Jusova situ\u00e1cia \u00faplne odli\u0161n\u00e1. Tvrd\u00ed, \u017ee d\u00f4vera, ktor\u00e1 medzi obyvate\u013emi oboch \u0161t\u00e1tov existovala, prakticky zmizla.<\/p>\n<p>Pod\u013ea jeho slov ide o d\u00f4sledok rozhodnut\u00ed rusk\u00e9ho vedenia, ktor\u00e9 dok\u00e1zalo v priebehu nieko\u013ek\u00fdch rokov zni\u010di\u0165 politick\u00fd kapit\u00e1l budovan\u00fd cel\u00e9 desa\u0165ro\u010dia. D\u00f4vera je pod\u013ea neho jedn\u00fdm z najcennej\u0161\u00edch strategick\u00fdch zdrojov a Kreme\u013e o \u0148u pri\u0161iel nielen na Ukrajine, ale aj vo ve\u013ekej \u010dasti sveta.<\/p>\n<p>Jusov z\u00e1rove\u0148 tvrd\u00ed, \u017ee Rusko za svoju politiku zaplatilo vysok\u00fa cenu. Hovor\u00ed o st\u00e1tis\u00edcoch padl\u00fdch alebo zranen\u00fdch mu\u017eov v produkt\u00edvnom veku, o po\u0161koden\u00ed ekonomick\u00e9ho potenci\u00e1lu krajiny a o prehlbuj\u00facej sa stagn\u00e1cii. Pod\u013ea ukrajinskej rozviedky sa navy\u0161e vn\u00fatorn\u00e9 probl\u00e9my Ruska bud\u00fa v bud\u00facnosti \u010falej hromadi\u0165.<\/p>\n<p>Boj o verejn\u00fa mienku je rovnako d\u00f4le\u017eit\u00fd ako boj na fronte<\/p>\n<p>Hovorca HUR upozornil aj na \u010fal\u0161\u00ed rozmer konfliktu, ktor\u00fd sa neodohr\u00e1va na bojisku. Pod\u013ea neho je jednou z rozhoduj\u00facich oblast\u00ed informa\u010dn\u00fd priestor.<\/p>\n<p>Tvrd\u00ed, \u017ee zatia\u013e \u010do mnoh\u00e9 z\u00e1padn\u00e9 krajiny po skon\u010den\u00ed studenej vojny obmedzili svoje informa\u010dn\u00e9 oper\u00e1cie, Rusko pokra\u010dovalo v budovan\u00ed propagandistick\u00fdch \u0161trukt\u00far, medi\u00e1lnych projektov a siet\u00ed vplyvu.<\/p>\n<p>Za cie\u013e tak\u00fdchto aktiv\u00edt ozna\u010dil \u0161\u00edrenie bezn\u00e1deje, strachu a presved\u010denia, \u017ee odpor proti ruskej agresii je zbyto\u010dn\u00fd. Medzi n\u00e1stroje, ktor\u00e9 Moskva vyu\u017e\u00edva, zaradil \u0161t\u00e1tne m\u00e9di\u00e1, soci\u00e1lne siete aj anonymn\u00e9 \u00fa\u010dty p\u00f4sobiace na internete.<\/p>\n<p>Pod\u013ea Jusova je preto schopnos\u0165 rozpozn\u00e1va\u0165 dezinform\u00e1cie a kriticky vyhodnocova\u0165 inform\u00e1cie rovnako d\u00f4le\u017eit\u00e1 ako dod\u00e1vky vojenskej techniky \u010di mun\u00edcie.<\/p>\n<p>Ukrajina sa pod\u013ea Kyjeva stala s\u00fa\u010das\u0165ou eur\u00f3pskej obrany<\/p>\n<p>Predstavite\u013e rozviedky z\u00e1rove\u0148 pouk\u00e1zal na to, \u017ee diskusie o bezpe\u010dnostn\u00fdch garanci\u00e1ch pre Ukrajinu \u010dasto prehliadaj\u00fa jednu podstatn\u00fa vec. Pod\u013ea neho dnes pr\u00e1ve Ukrajina svoj\u00edm odporom prispieva k bezpe\u010dnosti ostatn\u00fdch eur\u00f3pskych kraj\u00edn t\u00fdm, \u017ee zadr\u017eiava rusk\u00fa vojensk\u00fa silu.<\/p>\n<p>Krajinu prirovnal k biblick\u00e9mu D\u00e1vidovi, ktor\u00fd sa postavil ove\u013ea silnej\u0161iemu protivn\u00edkovi. Zd\u00f4raznil pritom \u00falohu ukrajinsk\u00fdch vedcov, v\u00fdvoj\u00e1rov a in\u017einierov, ktor\u00ed pod\u013ea neho po\u010das vojny priniesli mno\u017estvo technologick\u00fdch a vojensk\u00fdch inov\u00e1ci\u00ed vyu\u017eite\u013en\u00fdch aj mimo hran\u00edc \u0161t\u00e1tu.<\/p>\n<p>Ukrajina sa pod\u013ea jeho slov z krajiny odk\u00e1zanej na pomoc spojencov postupne men\u00ed na \u0161t\u00e1t, ktor\u00fd s\u00e1m vytv\u00e1ra bezpe\u010dnostn\u00e9 rie\u0161enia s v\u00fdznamom pre cel\u00fa Eur\u00f3pu.<\/p>\n<p>Podpora Kyjeva u\u017e nie je len ot\u00e1zkou solidarity<\/p>\n<p>Jusov prizn\u00e1va, \u017ee pretavenie vojnov\u00fdch sk\u00fasenost\u00ed do dlhodob\u00fdch v\u00fdhod nebude jednoduch\u00e9. O\u010dak\u00e1va tvrd\u00e9 rokovania o bud\u00facom bezpe\u010dnostnom usporiadan\u00ed Eur\u00f3py, po\u010das ktor\u00fdch bud\u00fa jednotliv\u00e9 \u0161t\u00e1ty presadzova\u0165 vlastn\u00e9 z\u00e1ujmy.<\/p>\n<p>Z\u00e1rove\u0148 v\u0161ak tvrd\u00ed, \u017ee medzi eur\u00f3pskymi politikmi postupne rastie presved\u010denie, \u017ee pomoc Ukrajine nemo\u017eno vn\u00edma\u0165 len ako gesto solidarity. Pod\u013ea neho \u010doraz viac kraj\u00edn ch\u00e1pe podporu Kyjeva ako invest\u00edciu do vlastnej bezpe\u010dnosti a stability na kontinente.<\/p>\n","protected":false},"excerpt":{"rendered":"KYJEV &#8211; Ukrajina pod\u013ea vojenskej rozviedky dosiahla viacero strategick\u00fdch cie\u013eov e\u0161te pred koncom vojny. Tvrd\u00ed, \u017ee Rusko pri\u0161lo&hellip;\n","protected":false},"author":2,"featured_media":104191,"comment_status":"","ping_status":"","sticky":false,"template":"","format":"standard","meta":{"footnotes":"","_share_on_mastodon":"0"},"categories":[32],"tags":[35579,34,37,35578,33,237,43,40,39,42,41,36,38,35,303,22111,239],"class_list":["post-104190","post","type-post","status-publish","format-standard","has-post-thumbnail","category-spravy","tag-andrij-jusov","tag-headlines","tag-hlavne-spravy","tag-hur","tag-news","tag-rusko","tag-sk","tag-slovak","tag-slovakia","tag-slovencina","tag-slovensko","tag-spravy","tag-titulky","tag-top-stories","tag-ukrajina","tag-velmoc","tag-vladimir-putin"],"share_on_mastodon":{"url":"https:\/\/pubeurope.com\/@sk\/116790244297558239","error":""},"_links":{"self":[{"href":"https:\/\/www.europesays.com\/sk\/wp-json\/wp\/v2\/posts\/104190","targetHints":{"allow":["GET"]}}],"collection":[{"href":"https:\/\/www.europesays.com\/sk\/wp-json\/wp\/v2\/posts"}],"about":[{"href":"https:\/\/www.europesays.com\/sk\/wp-json\/wp\/v2\/types\/post"}],"author":[{"embeddable":true,"href":"https:\/\/www.europesays.com\/sk\/wp-json\/wp\/v2\/users\/2"}],"replies":[{"embeddable":true,"href":"https:\/\/www.europesays.com\/sk\/wp-json\/wp\/v2\/comments?post=104190"}],"version-history":[{"count":0,"href":"https:\/\/www.europesays.com\/sk\/wp-json\/wp\/v2\/posts\/104190\/revisions"}],"wp:featuredmedia":[{"embeddable":true,"href":"https:\/\/www.europesays.com\/sk\/wp-json\/wp\/v2\/media\/104191"}],"wp:attachment":[{"href":"https:\/\/www.europesays.com\/sk\/wp-json\/wp\/v2\/media?parent=104190"}],"wp:term":[{"taxonomy":"category","embeddable":true,"href":"https:\/\/www.europesays.com\/sk\/wp-json\/wp\/v2\/categories?post=104190"},{"taxonomy":"post_tag","embeddable":true,"href":"https:\/\/www.europesays.com\/sk\/wp-json\/wp\/v2\/tags?post=104190"}],"curies":[{"name":"wp","href":"https:\/\/api.w.org\/{rel}","templated":true}]}}