{"id":105266,"date":"2026-06-23T04:28:11","date_gmt":"2026-06-23T04:28:11","guid":{"rendered":"https:\/\/www.europesays.com\/sk\/105266\/"},"modified":"2026-06-23T04:28:11","modified_gmt":"2026-06-23T04:28:11","slug":"byvanie-na-slovensku-sa-lame-kto-nema-dvojnasobny-prijem-alebo-peniaze-od-rodiny-nema-sancu-ludia-ekonomika","status":"publish","type":"post","link":"https:\/\/www.europesays.com\/sk\/105266\/","title":{"rendered":"B\u00fdvanie na Slovensku sa l\u00e1me. Kto nem\u00e1 dvojn\u00e1sobn\u00fd pr\u00edjem alebo peniaze od rodiny, nem\u00e1 \u0161ancu &#8211; \u013dudia &#8211; Ekonomika"},"content":{"rendered":"<p itemprop=\"description\">Dostupnos\u0165 b\u00fdvania patr\u00ed medzi najv\u00e4\u010d\u0161ie probl\u00e9my nielen mlad\u00fdch Slov\u00e1kov. Ceny bytov rast\u00fa r\u00fdchlej\u0161ie ako pr\u00edjmy, prv\u00e1 hypot\u00e9ka sa berie a\u017e okolo 37. roku a vlastn\u00e9 b\u00fdvanie sa bez pomoci rodiny st\u00e1va pre slobodn\u00fdch \u013eud\u00ed nedosiahnute\u013en\u00e9. Iba medziro\u010dne zdra\u017eeli nehnute\u013enosti o 14 percent. O tom, pre\u010do sa situ\u00e1cia zhor\u0161uje a v z\u00e1sade nijako nerie\u0161i, kde zlyh\u00e1va \u0161t\u00e1t a \u010do by mohlo dostupnos\u0165 b\u00fdvania re\u00e1lne zlep\u0161i\u0165, sme sa rozpr\u00e1vali s odborn\u00edkom na v\u00fdstavbu.<\/p>\n<p>\t \t\t\t Video \t<\/p>\n<p>\t\t\t\tPremi\u00e9r Robert Fico kritizuje prudk\u00fd n\u00e1rast cien nehnute\u013enost\u00ed: B\u00fdvanie je nedosiahnute\u013en\u00fd luxus a trh zlyhal. \t\t\t\t\t\t\t\t\t\t<\/p>\n<p>V\u00a0rozhovore s\u00a0Jurajom Such\u00e1nkom, riadite\u013eom In\u0161tit\u00fatu urb\u00e1nneho rozvoja, sa dozviete:<\/p>\n<p>\tPre\u010do je b\u00fdvanie st\u00e1le nedostupn\u00e9, hoci sa o\u00a0probl\u00e9me vie u\u017e\u00a0roky<br \/>\n\t\u010co sa mus\u00ed sta\u0165, aby sa situ\u00e1cia zlep\u0161ila a ceny bytov prestali\u00a0r\u00e1s\u0165<br \/>\n\tAko sa m\u00e1 \u010dlovek s\u00a0priemern\u00fdm 1\u00a0600\u00a0eurov\u00fdm platom dosta\u0165 k\u00a0vlastn\u00e9mu b\u00fdvaniu a \u010di sa bude b\u00fdvanie deli\u0165 pod\u013ea pr\u00edjmu a nie pod\u013ea potreby<br \/>\n\tPre\u010do nem\u00e1me viac bytov, ke\u010f na nich investori to\u013eko zarobia a pre\u010do je zmen\u0161ovanie plochy probl\u00e9m<br \/>\n\t\u010co sp\u00f4sobilo, \u017ee sme jednou z\u00a0najhor\u0161\u00edch kraj\u00edn v\u00a0E\u00da v\u00a0pomere cien nehnute\u013enost\u00ed k\u00a0platom<br \/>\n\tPre\u010do sa v\u00a0\u0161t\u00e1tnych bytoch neoplat\u00ed b\u00fdva\u0165 a kedy sa slovensk\u00fd trh s\u00a0b\u00fdvan\u00edm zmen\u00ed k\u00a0lep\u0161iemu<\/p>\n<p>Pre\u010do sa b\u00fdvanie na Slovensku st\u00e1va pre be\u017en\u00fdch \u013eud\u00ed st\u00e1le menej dostupn\u00e9, aj ke\u010f sa o\u00a0tom u\u017e roky hovor\u00ed ako o\u00a0probl\u00e9me?<\/p>\n<p>Na dostupnos\u0165 b\u00fdvania vpl\u00fdva mno\u017estvo faktorov. Slovensko m\u00e1 m\u00e1lo novej v\u00fdstavby, pomal\u00e9 povo\u013eovanie, nedostatok pripraven\u00fdch \u00fazem\u00ed tam kde je to \u017eiadan\u00e9, rast\u00face technick\u00e9 a regula\u010dn\u00e9 n\u00e1klady a slab\u00fa schopnos\u0165 \u0161t\u00e1tu a samospr\u00e1v koordinova\u0165 infra\u0161trukt\u00faru s\u00a0bytovou v\u00fdstavbou. Ak ponuka bytov rastie pomal\u0161ie ako dopyt, ceny prirodzene rast\u00fa. Probl\u00e9m dostupnosti b\u00fdvania nie je len hypotek\u00e1rny probl\u00e9m, ale najm\u00e4 probl\u00e9m nedostato\u010dnej ponuky.<\/p>\n<p>Je re\u00e1lne, \u017ee sa situ\u00e1cia s\u00a0cenami bytov e\u0161te zlep\u0161\u00ed, alebo sa u\u017e Slovensko dostalo do bodu, ke\u010f b\u00fdvanie bude len pre vy\u0161\u0161iu stredn\u00fa triedu? Ako bude potom vyzera\u0165 realita b\u00fdvania Slov\u00e1kov?<\/p>\n<p>Zlep\u0161enie je mo\u017en\u00e9, ale nepr\u00edde samo. Ak sa z\u00e1sadne nezv\u00fd\u0161i ponuka bytov, b\u00fdvanie sa bude \u010doraz viac deli\u0165 pod\u013ea pr\u00edjmu a rodinn\u00e9ho z\u00e1zemia. Vlastn\u00e9 b\u00fdvanie bude dostupn\u00e9 najm\u00e4 \u013eu\u010fom s\u00a0vy\u0161\u0161\u00edm pr\u00edjmom, p\u00e1rom s\u00a0dvoma stabiln\u00fdmi pr\u00edjmami alebo t\u00fdm, ktor\u00fdm pom\u00f4\u017eu rodi\u010dia. Ostatn\u00ed bud\u00fa dlh\u0161ie b\u00fdva\u0165 v\u00a0n\u00e1jme, u\u00a0rodi\u010dov, v\u00a0men\u0161\u00edch bytoch alebo \u010falej od pracovn\u00fdch centier. To m\u00e1 potom dopad aj na mobilitu pracovnej sily, zakladanie rod\u00edn ako aj na kvalitu \u017eivota.<\/p>\n<p>\t\t<a href=\"https:\/\/ekonomika.pravda.sk\/fotogaleria\/86030-starsie-byty-sa-vysplhali-na-5-tisic-eur-za-meter\/#1\" rel=\"nofollow noopener\" target=\"_blank\"><img decoding=\"async\" class=\"lazy\" alt=\"Petr\u017ealsk\u00e9 panel\u00e1ky s\u00fa s\u00edce odoln\u00e9, rovnako ako...\" src=\"https:\/\/www.europesays.com\/sk\/wp-content\/uploads\/2026\/06\/dom-byt-reality-panelak-byvanie-petrzalka-sidlisko_09-strednaW.jpg\"\/><\/a><\/p>\n<p>\t\t<a href=\"https:\/\/ekonomika.pravda.sk\/fotogaleria\/86030-starsie-byty-sa-vysplhali-na-5-tisic-eur-za-meter\/#2\" rel=\"nofollow noopener\" target=\"_blank\"><img decoding=\"async\" class=\"lazy\" alt=\"Petr\u017ealsk\u00e9 panel\u00e1ky s\u00fa s\u00edce odoln\u00e9, rovnako ako...\" src=\"https:\/\/www.europesays.com\/sk\/wp-content\/uploads\/2026\/06\/dom-byt-reality-panelak-byvanie-petrzalka-sidlisko_01-malaW.jpg\"\/><\/a><\/p>\n<p>Ako by sa pod\u013ea v\u00e1s mohol dosta\u0165 mlad\u00fd \u010dlovek do 30\u00a0rokov k\u00a0vlastn\u00e9mu b\u00fdvaniu, ak zar\u00e1ba priemern\u00fdch 1\u00a0600\u00a0eur mesa\u010dne? Ako by mu \u0161t\u00e1t mohol pom\u00f4c\u0165?<\/p>\n<p>Pri jednom pr\u00edjme 1\u00a0600\u00a0eur mesa\u010dne je k\u00fapa bytu vo v\u00e4\u010d\u0161\u00edch mest\u00e1ch ve\u013emi \u0165a\u017ek\u00e1. Re\u00e1lne to \u010dasto vych\u00e1dza len pri men\u0161om byte, v\u00a0lacnej\u0161ej lokalite, s\u00a0dostato\u010dn\u00fdmi vlastn\u00fdmi \u00fasporami \u010di s\u00a0pomocou rodiny. \u0160t\u00e1t by mu mohol pom\u00f4c\u0165 kombin\u00e1ciou opatren\u00ed: lep\u0161ou dostupnos\u0165ou \u00faveru pri prvom b\u00fdvan\u00ed, podporou sporenia na vlastn\u00e9 b\u00fdvanie, v\u00fdstavbou dostupn\u00fdch bytov na predaj aj n\u00e1jom a najm\u00e4 zn\u00ed\u017een\u00edm n\u00e1kladov v\u00fdstavby\u00a0\u2013 cez r\u00fdchlej\u0161ie povo\u013eovanie, zjemnen\u00edm pr\u00edsnych noriem a podporu infra\u0161trukt\u00fary. Samotn\u00fd 90\u00a0% \u00faver pom\u00f4\u017ee len t\u00fdm, ktor\u00ed maj\u00fa dostato\u010dn\u00fd pr\u00edjem na spl\u00e1tku. Nevyrie\u0161i probl\u00e9m vysokej ceny\u00a0bytu.<\/p>\n<p>Ak sa zaved\u00fa aj ostatn\u00e9 opatrenia odpor\u00fa\u010dan\u00e9 odborn\u00edkmi, nielen spr\u00edstupnenie 90% \u00faveru z\u00a0ceny bytu \u013eu\u010fom do 35\u00a0rokov, o\u00a0ko\u013eko rokov m\u00f4\u017eeme \u010daka\u0165 zlep\u0161enie dostupnosti b\u00fdvania? Ktor\u00e9 opatrenia s\u00fa pod\u013ea v\u00e1s najviac efekt\u00edvne?<\/p>\n<p>Efekt z\u00e1le\u017e\u00ed od pou\u017eit\u00fdch opatren\u00ed. Ve\u013emi r\u00fdchly m\u00f4\u017ee by\u0165 pri zmene DPH. Mus\u00edme si uvedomi\u0165, \u017ee z\u00a0kraj\u00edn V4 m\u00e1me pri bytoch DPH nastaven\u00fa a\u017e extr\u00e9mne vysoko\u00a0\u2013 23%. V\u00a0\u010cesku je to pre be\u017en\u00e9 byty 12%, v\u00a0Po\u013esku 8% a v\u00a0Ma\u010farsku 5%. In\u00e9 zlep\u0161enie m\u00f4\u017eu by\u0165 vidite\u013en\u00e9 v\u00a0horizonte 2\u00a0a\u017e 4\u00a0rokov, ale syst\u00e9mov\u00e1 zmena trhu s\u00a0b\u00fdvan\u00edm je sk\u00f4r ot\u00e1zka 5\u00a0a\u017e 10\u00a0rokov.<\/p>\n<p>Najefekt\u00edvnej\u0161ie opatrenia s\u00fa tie, ktor\u00e9 zv\u00fd\u0161ia ponuku bytov: zr\u00fdchlenie povo\u013eovac\u00edch procesov, pr\u00edprava \u00fazem\u00ed na v\u00fdstavbu, invest\u00edcie do verejnej infra\u0161trukt\u00fary, predv\u00eddate\u013en\u00e9 \u00fazemn\u00e9 pl\u00e1novanie a stabiln\u00e9 pravidl\u00e1 pre developerov aj obce. Zv\u00fd\u0161enie dostupnosti hypot\u00e9k m\u00f4\u017ee pom\u00f4c\u0165 konkr\u00e9tnej skupine \u013eud\u00ed, ale ak sa nezv\u00fd\u0161i po\u010det bytov, m\u00f4\u017eu sk\u00f4r tla\u010di\u0165 na \u010fal\u0161\u00ed rast\u00a0cien.<\/p>\n<p>\t\tJe pre v\u00e1s k\u00fapa vlastn\u00e9ho b\u00fdvania probl\u00e9m?<\/p>\n<p>\u00c1no, nem\u00f4\u017eem si ho dovoli\u0165<\/p>\n<p> 59,3%<\/p>\n<p>Nie, m\u00e1m partnera \/ partnerku<\/p>\n<p> 14,8%<\/p>\n<p>Ako je mo\u017en\u00e9, \u017ee Slov\u00e1ci si ber\u00fa prv\u00fa hypot\u00e9ku a\u017e okolo 37.\u00a0roku \u017eivota\u00a0\u2013 \u010do to hovor\u00ed o\u00a0trhu s\u00a0b\u00fdvan\u00edm? Je re\u00e1lne, \u017ee sa t\u00e1to vekov\u00e1 hranica najbli\u017e\u0161ie roky\u00a0zn\u00ed\u017ei?<\/p>\n<p>Hovor\u00ed to, \u017ee mlad\u00ed \u013eudia sa k\u00a0vlastn\u00e9mu b\u00fdvaniu dost\u00e1vaj\u00fa neskoro. Potrebuj\u00fa dlh\u0161ie spori\u0165, \u010dasto \u010dakaj\u00fa na stabilnej\u0161\u00ed pr\u00edjem, partnera alebo pomoc rodiny. Trh im neposkytuje dostatok cenovo dostupn\u00fdch bytov. T\u00e1to hranica sa m\u00f4\u017ee zn\u00ed\u017ei\u0165 len vtedy, ak sa s\u00fa\u010dasne zlep\u0161\u00ed dostupnos\u0165 \u00faverov, zv\u00fd\u0161i ponuka men\u0161\u00edch a dostupnej\u0161\u00edch bytov a zr\u00fdchli v\u00fdstavba. Ak sa zmen\u00ed iba hypotek\u00e1rny limit, efekt bude obmedzen\u00fd.<\/p>\n<p>Kde pod\u013ea v\u00e1s najviac zlyh\u00e1va \u0161t\u00e1t\u00a0\u2013 v\u00a0\u00fazemnom pl\u00e1novan\u00ed, stavebn\u00fdch konaniach alebo v\u00a0podpore v\u00fdstavby?<\/p>\n<p>Najv\u00e4\u010d\u0161\u00ed probl\u00e9m je, \u017ee tieto oblasti nefunguj\u00fa ako jeden syst\u00e9m s\u00a0jedn\u00fdm veden\u00edm. \u00dazemn\u00e9 pl\u00e1novanie \u010dasto nevytv\u00e1ra dostatok priestoru pre nov\u00fa bytov\u00fa v\u00fdstavbu, povo\u013eovanie je pomal\u00e9 a n\u00e1klady na verejn\u00fa infra\u0161trukt\u00faru \u010di na r\u00f4zne poplatky (napr\u00edklad za rozvoj) sa \u010doraz viac pren\u00e1\u0161aj\u00fa na stavebn\u00edkov a n\u00e1sledne sa premietaj\u00fa do vy\u0161\u0161\u00edch cien\u00a0bytov.<\/p>\n<p>V\u00fdsledkom je, \u017ee aj ke\u010f existuje z\u00e1ujem stava\u0165, projekty sa pripravuj\u00fa roky a s\u00a0vy\u0161\u0161\u00edmi n\u00e1kladmi. \u0160t\u00e1t by mal vytvori\u0165 podmienky, aby mest\u00e1 a obce vedeli pl\u00e1nova\u0165 rast a aby v\u00fdstavba bytov i\u0161la ruka v\u00a0ruke so \u0161kolami, \u0161k\u00f4lkami, cestami, vodovodmi a kanaliz\u00e1ciou. Probl\u00e9mom s\u00fa aj ve\u013emi pr\u00edsne a zoz\u00e1v\u00e4znen\u00e9 normy, ktor\u00e9 klad\u00fa na v\u00fdstavbu nov\u00fdch bytov v\u00fdrazne pr\u00edsnej\u0161ie n\u00e1roky ako v\u00a0okolit\u00fdch krajin\u00e1ch.<\/p>\n<p>Ak chce \u0161t\u00e1t situ\u00e1ciu naozaj rie\u0161i\u0165, vhodn\u00fdm krokom by bolo vytvorenie medzirezortnej pracovnej skupiny aj so zapojen\u00edm z\u00e1stupcov podnikate\u013esk\u00e9ho sektora\u00a0\u2013 developerov. Je potrebn\u00e9 jasne identifikova\u0165 prek\u00e1\u017eky br\u00e1niace intenz\u00edvnej\u0161ej a dostupnej\u0161ej v\u00fdstavbe a n\u00e1sledne nastavi\u0165 potrebn\u00e9 opatrenia. \u017diadny z\u00a0rezortov nem\u00e1 dnes silu a mo\u017enosti zmeni\u0165 situ\u00e1ciu samostatne a pokusy o\u00a0\u010diastkov\u00e9 rie\u0161enia nemaj\u00fa dostato\u010dn\u00fd\u00a0efekt.<\/p>\n<p>\t<a class=\"promo-clanok\" href=\"https:\/\/ekonomika.pravda.sk\/ludia\/clanok\/814049-lacnejsi-nez-byt-a-hotovy-za-tri-dni-architekt-modularny-dom-bez-problemov-prezije-aj-viac-nez-50-rokov\/\" rel=\"nofollow noopener\" target=\"_blank\"> \t\t\t\t\t<img decoding=\"async\" src=\"https:\/\/www.europesays.com\/sk\/wp-content\/uploads\/2026\/06\/kolaz-k-modularneho-domu-od-ark-shelter-stvorec.jpg\" class=\"promo-clanok-image\" alt=\"kolaz ark shelter\"\/> \t\t\t \t\t\t\t \t\t\t\t\t\t\t\t\t\t\t\u010c\u00edtajte viac \t\t\t\t\t\t\t\t\t \t\t\t\t \t\t\t\t\tSlov\u00e1ci objavili trend v b\u00fdvan\u00ed, ktor\u00e9 konkuruje bytom. Vydr\u017e\u00ed dom za 70-tis\u00edc eur tatransk\u00e9 po\u010dasie aj desa\u0165ro\u010dia spl\u00e1cania? \t\t\t\t \t\t\t \t\t\t<\/a><br \/>\nAk by ste mali pomenova\u0165 jednu najv\u00e4\u010d\u0161iu prek\u00e1\u017eku, ktor\u00e1 dnes brzd\u00ed dostupn\u00e9 b\u00fdvanie na Slovensku, ktor\u00e1 by to\u00a0bola?<\/p>\n<p>Najv\u00e4\u010d\u0161ou prek\u00e1\u017ekou je nedostatok novej ponuky. V\u0161etky ostatn\u00e9 sa do toho premietaj\u00fa: pomal\u00e9 povo\u013eovanie, striktn\u00e9 a z\u00e1v\u00e4zn\u00e9 technick\u00e9 normy, nedostatok pripraven\u00fdch pozemkov, vysok\u00e9 n\u00e1klady, ch\u00fdbaj\u00faca infra\u0161trukt\u00fara, odpor obc\u00ed vo\u010di v\u00fdstavbe. Ak sa nebude stava\u0165 viac bytov v\u00a0lokalit\u00e1ch, kde \u013eudia re\u00e1lne potrebuj\u00fa b\u00fdva\u0165, dostupnos\u0165 sa z\u00e1sadne nezlep\u0161\u00ed.<\/p>\n<p>Je \u0161t\u00e1tne n\u00e1jomn\u00e9 b\u00fdvanie re\u00e1lne rie\u0161enie kr\u00edzy dostupnosti b\u00fdvania, alebo ide sk\u00f4r o\u00a0dlhodob\u00fd projekt bez r\u00fdchleho efektu?<\/p>\n<p>\u0160t\u00e1tom podporovan\u00e9 n\u00e1jomn\u00e9 b\u00fdvanie m\u00e1 v\u00fdznam, ale nem\u00f4\u017eeme od neho \u010daka\u0165 r\u00fdchle vyrie\u0161enie kr\u00edzy. Je to dlhodob\u00fd n\u00e1stroj, ktor\u00fd m\u00f4\u017ee pom\u00f4c\u0165 ur\u010ditej \u0161pecifickej skupine obyvate\u013eov a v\u00a0ur\u010ditom obdob\u00ed ich \u017eivota. Na to, aby malo re\u00e1lny vplyv na trh \u010di dostupnos\u0165 b\u00fdvania v\u0161ak mus\u00ed \u00eds\u0165 o\u00a0tis\u00edce bytov ro\u010dne, nie o\u00a0jednotliv\u00e9 projekty.<\/p>\n<p>\t\t\t \t\t\t\t\t\t\t\t<img decoding=\"async\" class=\"lazy article-detail-image\" alt=\"Interi\u00e9r bytu s 35 \u0161tvorcov\u00fdmi metrami.\" src=\"https:\/\/www.europesays.com\/sk\/wp-content\/uploads\/2026\/06\/podorys-architektura-byt-interier-create-space_11-nestandard1.jpg\"\/> \t\t\t\t\t\t\t\t\t\t\t \t\t\t\t\t\t\tFoto: Radovan Ondru\u0161 \t\t\t\t\t\t\t\t<\/p>\n<p>\t\t\t\t \t\t\t\t\tCreate space interier byt zdroj Radovan Ondrus 1 \t\t\t\t \t\t\t\t\t\t\t\t\tInteri\u00e9r bytu s 35 \u0161tvorcov\u00fdmi metrami. \t\t\t\t\t\t<\/p>\n<p>Z\u00e1rove\u0148 by \u0161t\u00e1t nemal podporova\u0165 iba n\u00e1jomn\u00e9 b\u00fdvanie. Potrebujeme aj model dostupn\u00fdch bytov na k\u00fapu, preto\u017ee vlastn\u00edcke b\u00fdvanie je na Slovensku st\u00e1le dominantn\u00e1 preferencia dom\u00e1cnost\u00ed. B\u00fdvanie vo vlastnom byte v\u00a0slovenskej realite predstavuje aj ur\u010dit\u00fa formu invest\u00edcie.<\/p>\n<p>Vlastn\u00fd byt splaten\u00fd po\u010das produkt\u00edvnych rokov predstavuje v\u00fdrazne ni\u017e\u0161ie n\u00e1klady na b\u00fdvanie v\u00a0d\u00f4chodkovom veku. V\u00a0syst\u00e9me \u0161t\u00e1tom podporovan\u00e9ho n\u00e1jomn\u00e9ho b\u00fdvania u\u017e nebude d\u00f4chodcovi prispieva\u0165 zamestn\u00e1vate\u013e a aj tak\u00e9to b\u00fdvanie bude na \u00farovni n\u00e1kladov bl\u00edzkej komer\u010dn\u00e9mu\u00a0n\u00e1jmu.<\/p>\n<p>Pre\u010do je Slovensko jednou z\u00a0najhor\u0161\u00edch kraj\u00edn v\u00a0E\u00da, pokia\u013e ide o\u00a0pomer cien nehnute\u013enost\u00ed k\u00a0pr\u00edjmom? Pre\u010do vy\u0161\u0161ie ceny bytov automaticky neznamenaj\u00fa viac novej v\u00fdstavby?<\/p>\n<p>Slovensko m\u00e1 kombin\u00e1ciu relat\u00edvne n\u00edzkych pr\u00edjmov, rast\u00facich cien b\u00fdvania a nedostato\u010dnej novej v\u00fdstavby v\u00a0naj\u017eiadanej\u0161\u00edch lokalit\u00e1ch. Vy\u0161\u0161ie ceny bytov automaticky neznamenaj\u00fa viac v\u00fdstavby, preto\u017ee developer nevie zo d\u0148a na de\u0148 postavi\u0165 nov\u00fd projekt. Potrebuje vyhovuj\u00faci \u00fazemn\u00fd pl\u00e1n, pozemky, povolenia, kapacity siet\u00ed, financovanie a predv\u00eddate\u013en\u00e9 pravidl\u00e1.<\/p>\n<p>Ak povo\u013eovanie trv\u00e1 roky a infra\u0161trukt\u00fara nie je pripraven\u00e1, trh nevie na dopyt pru\u017ene reagova\u0165. Rovnako je potrebn\u00e9 poveda\u0165, \u017ee developer neza\u010dne rozsiahle projekty ani vtedy, ak existuje vysok\u00e9 riziko \u017ee pri premietnut\u00ed v\u0161etk\u00fdch n\u00e1kladov a adekv\u00e1tnej mar\u017ei nedok\u00e1\u017ee byty preda\u0165 z\u00a0d\u00f4vodu vysokej ceny. Preto ceny rast\u00fa r\u00fdchlej\u0161ie ako ponuka.<\/p>\n<p>\t<a class=\"promo-clanok\" href=\"https:\/\/ekonomika.pravda.sk\/ludia\/clanok\/813647-byty-zdrazeli-o-14-percent-mladi-kupuju-prve-byvanie-az-v-37-rokoch-pomozu-nove-hypoteky\/\" rel=\"nofollow noopener\" target=\"_blank\"> \t\t\t\t\t<img decoding=\"async\" src=\"https:\/\/www.europesays.com\/sk\/wp-content\/uploads\/2026\/06\/kolaz-ku-konferencii-zaoberajucej-sa-cenami-byvania-stvorec.jpg\" class=\"promo-clanok-image\" alt=\"kolaz byvanie konferencia  1 \"\/> \t\t\t \t\t\t\t \t\t\t\t\t\t\t\t\t\t\t\u010c\u00edtajte viac \t\t\t\t\t\t\t\t\t \t\t\t\t \t\t\t\t\t\u0160ok z cien bytov pokra\u010duje. Experti navrhuj\u00fa \u0161tyri kroky, ako zabr\u00e1ni\u0165 katastrofe s b\u00fdvan\u00edm \t\t\t\t \t\t\t \t\t\t<\/a><br \/>\nV\u00a0posledn\u00fdch rokoch developeri \u010doraz \u010dastej\u0161ie zmen\u0161uj\u00fa v\u00fdmery bytov, aby zostali cenovo dostupnej\u0161ie. Je to prirodzen\u00e1 reakcia trhu a vplyvu zahrani\u010dia, alebo sign\u00e1l, \u017ee sa b\u00fdvanie dost\u00e1va za hranicu finan\u010dn\u00fdch mo\u017enost\u00ed be\u017en\u00fdch \u013eud\u00ed? Ako tento krok vn\u00edmate?<\/p>\n<p>Je to prirodzen\u00e1 reakcia trhu, ale z\u00e1rove\u0148 aj varovn\u00fd sign\u00e1l. Developeri sa sna\u017eia udr\u017ea\u0165 celkov\u00fa cenu bytov na \u00farovni, ktor\u00fa e\u0161te kupuj\u00faci dok\u00e1\u017eu financova\u0165. Ke\u010f rastie cena za meter \u0161tvorcov\u00fd, zmen\u0161enie v\u00fdmery je jeden z\u00a0m\u00e1la sp\u00f4sobov, ako zachova\u0165 dostupn\u00fa cenu za\u00a0byt.<\/p>\n<p>Probl\u00e9m je, \u017ee \u010dlovek s\u00edce k\u00fapi lacnej\u0161\u00ed byt, ale za cenu men\u0161ej obytnej plochy a ni\u017e\u0161ieho komfortu. Ak sa z\u00a0mal\u00fdch bytov stane hlavn\u00fd sp\u00f4sob rie\u0161enia dostupnosti, znamen\u00e1 to, \u017ee syst\u00e9movo zlyh\u00e1vame v\u00a0schopnosti dod\u00e1va\u0165 primeran\u00e9 b\u00fdvanie za primeran\u00fa\u00a0cenu.<\/p>\n","protected":false},"excerpt":{"rendered":"Dostupnos\u0165 b\u00fdvania patr\u00ed medzi najv\u00e4\u010d\u0161ie probl\u00e9my nielen mlad\u00fdch Slov\u00e1kov. Ceny bytov rast\u00fa r\u00fdchlej\u0161ie ako pr\u00edjmy, prv\u00e1 hypot\u00e9ka sa&hellip;\n","protected":false},"author":2,"featured_media":105267,"comment_status":"","ping_status":"","sticky":false,"template":"","format":"standard","meta":{"footnotes":"","_share_on_mastodon":"0"},"categories":[6],"tags":[8916,4279,1837,12687,35819,1839,781,35817,9697,24703,2779,35818,228,14818,6577,18953,43,40,44,39,42,45,41,9629,1012,12691,35816],"class_list":["post-105266","post","type-post","status-publish","format-standard","has-post-thumbnail","category-slovensko","tag-alebo","tag-byty","tag-byvanie","tag-cenovo-dostupne-byvanie","tag-dvojnasobny","tag-export-pre-domire","tag-foto","tag-kriza-byvania","tag-kto","tag-lame","tag-ludia","tag-nema","tag-peniaze","tag-prijem","tag-rodiny","tag-sancu","tag-sk","tag-slovak","tag-slovak-republic","tag-slovakia","tag-slovencina","tag-slovenska-republika","tag-slovensko","tag-slovensku","tag-video","tag-vystavba-bytov","tag-vystavba-byvania"],"share_on_mastodon":{"url":"https:\/\/pubeurope.com\/@sk\/116797538877905987","error":""},"_links":{"self":[{"href":"https:\/\/www.europesays.com\/sk\/wp-json\/wp\/v2\/posts\/105266","targetHints":{"allow":["GET"]}}],"collection":[{"href":"https:\/\/www.europesays.com\/sk\/wp-json\/wp\/v2\/posts"}],"about":[{"href":"https:\/\/www.europesays.com\/sk\/wp-json\/wp\/v2\/types\/post"}],"author":[{"embeddable":true,"href":"https:\/\/www.europesays.com\/sk\/wp-json\/wp\/v2\/users\/2"}],"replies":[{"embeddable":true,"href":"https:\/\/www.europesays.com\/sk\/wp-json\/wp\/v2\/comments?post=105266"}],"version-history":[{"count":0,"href":"https:\/\/www.europesays.com\/sk\/wp-json\/wp\/v2\/posts\/105266\/revisions"}],"wp:featuredmedia":[{"embeddable":true,"href":"https:\/\/www.europesays.com\/sk\/wp-json\/wp\/v2\/media\/105267"}],"wp:attachment":[{"href":"https:\/\/www.europesays.com\/sk\/wp-json\/wp\/v2\/media?parent=105266"}],"wp:term":[{"taxonomy":"category","embeddable":true,"href":"https:\/\/www.europesays.com\/sk\/wp-json\/wp\/v2\/categories?post=105266"},{"taxonomy":"post_tag","embeddable":true,"href":"https:\/\/www.europesays.com\/sk\/wp-json\/wp\/v2\/tags?post=105266"}],"curies":[{"name":"wp","href":"https:\/\/api.w.org\/{rel}","templated":true}]}}