{"id":105959,"date":"2026-06-23T17:59:15","date_gmt":"2026-06-23T17:59:15","guid":{"rendered":"https:\/\/www.europesays.com\/sk\/105959\/"},"modified":"2026-06-23T17:59:15","modified_gmt":"2026-06-23T17:59:15","slug":"prava-chut-leta-ma-svoje-tajomstvo-je-v-tom-veda-aj-cmeliaky-potraviny-komercne-spravy","status":"publish","type":"post","link":"https:\/\/www.europesays.com\/sk\/105959\/","title":{"rendered":"Prav\u00e1 chu\u0165 leta m\u00e1 svoje tajomstvo: Je v tom veda aj \u010dmeliaky &#8211; Potraviny &#8211; Komer\u010dn\u00e9 spr\u00e1vy"},"content":{"rendered":"<p>\t\t\t\t\t\t\t\t\t\t\t\t\t\t\t\t\tPR servis<\/p>\n<p>\t\t\t\t\t\t\t\t23.06.2026 00:00 \t\t\t\t\t\t\t<\/p>\n<p>\t\t\t\t<img decoding=\"async\" class=\"article-detail-image\" src=\"https:\/\/www.europesays.com\/sk\/wp-content\/uploads\/2026\/06\/kaufland_01-nestandard1.jpeg\" alt=\"Kaufland\"\/><br \/>\n\t\t\t\t\t\t\t\t\tFoto: Kaufland<\/p>\n<p>                        Sladk\u00e9, \u0161\u0165avnat\u00e9 a s chu\u0165ou leta, tak\u00e9 s\u00fa paradajky pestovan\u00e9 v S\u013ea\u017eanoch<\/p>\n<p>Sta\u010d\u00ed s\u00fasto sladkej paradajky \u010di chrumkavej uhorky a zrazu c\u00edtite leto. Kde ho h\u013eada\u0165?<\/p>\n<p>Aj pre v\u00e1s sa leto za\u010d\u00edna vo chv\u00edli, ke\u010f si nakr\u00e1jate prv\u00fa naozaj sladk\u00fa paradajku? Vzduch vonku je tepl\u00fd, v\u00a0poh\u00e1ri cink\u00e1 \u013ead, na stole pristane \u013eahk\u00fd zeleninov\u00fd \u0161al\u00e1t a zrazu si uvedom\u00edte, \u017ee z\u00a0oby\u010dajnej ve\u010dere sa stane t\u00e1 najkraj\u0161ia \u010das\u0165 d\u0148a. Lebo chut\u00ed svie\u017eo, \u0161\u0165avnato, chrumkavo, presne ako leto. Pr\u00e1ve tak\u00e9 chute sa dnes sna\u017eia do slovensk\u00fdch dom\u00e1cnost\u00ed prin\u00e1\u0161a\u0165 v\u00a0S\u013ea\u017eanoch. Na mieste, kde pod Tribe\u010dom ne\u010faleko Zlat\u00fdch Moraviec vyrastaj\u00fa vo\u0148av\u00e9 paradajky a uhorky. Dozrievaj\u00fa v\u00a0ide\u00e1lnych podmienkach, s\u00fa h\u00fd\u010dkan\u00e9 mno\u017estvom svetla aj slnka, preto u\u017e prv\u00e9 s\u00fasto \u0161\u0165avnatej koktailovej \u010di cherry paradajky pripomenie dlh\u00e9 tepl\u00e9 ve\u010dery v\u00a0z\u00e1hrade a grilova\u010dky s\u00a0priate\u013emi. \u00c1no, t\u00fa skuto\u010dn\u00fa chu\u0165 aj v\u00f4\u0148u\u00a0leta.<\/p>\n<p>\u010cerstv\u00e1 zelenina s\u00a0chu\u0165ou aj v\u00f4\u0148ou pr\u00e1zdnin<\/p>\n<p>V\u00a0Slne\u010dn\u00fdch z\u00e1hrad\u00e1ch S\u013ea\u017eany je ru\u0161no od skor\u00e9ho r\u00e1na. Nen\u00e1jdete tu v\u0161ak traktory ani polia pln\u00e9 hliny. Namiesto nich do sklen\u00edka prenik\u00e1 svetlo, vo vzduchu sa dr\u017e\u00ed pr\u00edjemn\u00e9 teplo a medzi zelen\u00fdmi rastlinami sa pohybuj\u00fa zamestnanci, ktor\u00ed ru\u010dne obtrh\u00e1vaj\u00fa stonky vyrasten\u00e9 do v\u00fd\u0161ky, kontroluj\u00fa klimatiz\u00e1ciu, nastavenie teploty \u010di zalievanie alebo oberaj\u00fa dozret\u00e9 plody. Ka\u017ed\u00fd de\u0148, sedem dn\u00ed v\u00a0t\u00fd\u017edni. \u201eNa\u0161a pracovn\u00e1 doba je pru\u017en\u00e1 a pri pestovan\u00ed zeleniny nem\u00f4\u017eeme o\u00a0tretej poobede len tak od\u00eds\u0165. Najsk\u00f4r musia by\u0165 rastliny o\u0161etren\u00e9, \u00faroda obrat\u00e1 a podmienky v\u00a0sklen\u00edku nastaven\u00e9 tak, aby v\u0161etko fungovalo presne, ako m\u00e1,\u201c hovor\u00ed Luk\u00e1\u0161 Ne\u0161por, podpredseda predstavenstva spolo\u010dnosti, ktor\u00e1 pestovanie spustila v\u00a0roku 2019\u00a0s\u00a0jasnou predstavou. Prispie\u0165 k\u00a0tomu, aby Slovensko dosiahlo v\u00e4\u010d\u0161iu potravinov\u00fa sebesta\u010dnos\u0165 a dok\u00e1zalo spotrebite\u013eom pon\u00faka\u0165 \u010derstv\u00fa dom\u00e1cu zeleninu celoro\u010dne. Teda aj v\u00a0obdob\u00ed, ke\u010f sa v\u00e4\u010d\u0161ina produkcie be\u017ene dov\u00e1\u017ea zo zahrani\u010dia.<\/p>\n<p>\t\t\t \t\t\t\t\t\t\t\t<img decoding=\"async\" class=\"lazy article-detail-image\" alt=\"Extra sladk\u00e9 paradajky pod zna\u010dkou Kauf\u00edk n\u00e1jdu...\" src=\"https:\/\/www.europesays.com\/sk\/wp-content\/uploads\/2026\/06\/kaufland_02-nestandard1.jpeg\"\/> \t\t\t\t\t\t\t\t\t\t\t \t\t\t\t\t\t\tFoto: Kaufland \t\t\t\t\t\t\t\t<\/p>\n<p>\t\t\t\t \t\t\t\t\tKaufland \t\t\t\t \t\t\t\t\t\t\t\t\tExtra sladk\u00e9 paradajky pod zna\u010dkou Kauf\u00edk n\u00e1jdu z\u00e1kazn\u00edci v predajniach Kauflandu \t\t\t\t\t\t<\/p>\n<p>\u201eV\u00a0Kauflande sa dlhodobo sna\u017e\u00edme vytv\u00e1ra\u0165 priestor pre dom\u00e1cich pestovate\u013eov. Pravidelne s\u00a0nimi spolupracujeme a zelenina aj ovocie zo Slovenska tvoria stabiln\u00fa s\u00fa\u010das\u0165 n\u00e1\u0161ho sortimentu. Je to ten najlep\u0161\u00ed sp\u00f4sob, ako m\u00f4\u017eeme podporova\u0165 lok\u00e1lnych po\u013enohospod\u00e1rov, ale aj dom\u00e1cu ekonomiku. Z\u00e1rove\u0148 tak z\u00e1kazn\u00edci v\u00a0na\u0161ich predajniach n\u00e1jdu bohat\u00fa ponuku \u010derstv\u00e9ho ovocia a zeleniny, ktor\u00e9 vyr\u00e1stli na slovensk\u00fdch poliach, v\u00a0sadoch alebo sklen\u00edkoch,\u201c vysvet\u013euje \u013duba Baro\u0161ov\u00e1, ved\u00faca n\u00e1kupu ovocia a zeleniny v\u00a0spolo\u010dnosti Kaufland Slovensk\u00e1 republika v.o.s. A\u00a0\u017ee to nie s\u00fa len slov\u00e1, potvrdzuj\u00fa aj re\u00e1lne \u010d\u00edsla. Obchodn\u00fd re\u0165azec prin\u00e1\u0161a na pulty slovensk\u00e9 plodiny, ktor\u00e9 sa pestuj\u00fa na ploche ve\u013ekej ako 4\u00a0737\u00a0futbalov\u00fdch ihr\u00edsk. Iba po\u010das minul\u00e9ho roka ich takto z\u00e1kazn\u00edkom pon\u00fakol vy\u0161e 56-tis\u00edc\u00a0ton.<\/p>\n<p>\u010cmeliaky, LED lampy a inov\u00e1cie<\/p>\n<p>Ak ide o\u00a0paradajky, t\u00fdm sa vo vonkaj\u0161om prostred\u00ed a\u017e tak nedar\u00ed, preto pestovate\u013e zo Slne\u010dn\u00fdch z\u00e1hrad vedel, \u017ee ich treba dosta\u0165 pod strechu. Tunaj\u0161\u00ed sklen\u00edk s\u00a0plochou takmer 6\u00a0hekt\u00e1rov patr\u00ed k\u00a0najmodernej\u0161\u00edm nielen na Slovensku, ale aj v\u00a0strednej Eur\u00f3pe a spolieha sa na \u0161pi\u010dkov\u00e9 technol\u00f3gie. M\u00e1 riaden\u00fa kl\u00edmu s\u00a0optim\u00e1lnou teplotou aj vlhkos\u0165ou. Zvy\u0161kov\u00e1 voda a \u017eiviny sa tu vyu\u017e\u00edvaj\u00fa do poslednej kvapky, preto\u017ee sa odchyt\u00e1vaj\u00fa pomocou dren\u00e1\u017ee a vracaj\u00fa sp\u00e4\u0165 k\u00a0rastlin\u00e1m. Z\u00e1rove\u0148 v\u0161etky rastlinn\u00e9 zvy\u0161ky aj kokosov\u00fd substr\u00e1t, odkia\u013e priesady vyrastaj\u00fa, kon\u010dia v\u00a0komposte. Tunaj\u0161ou \u0161pecialitou nie s\u00fa len biolampy, ktor\u00e9 po\u010das zimy svietia na zeleninu aj 20\u00a0hod\u00edn denne, ale aj tis\u00edce mal\u00fdch pomocn\u00edkov. \u010cmeliaky a u\u017eito\u010dn\u00fd hmyz pom\u00e1haj\u00fa ope\u013eova\u0165 kvety, prirodzenou cestou chr\u00e1nia rastliny pred \u0161kodcami, a tak je zelenina zo S\u013ea\u017eian pestovan\u00e1 bez zbyto\u010dnej ch\u00e9mie. A\u00a0v\u00fdsledok? R\u00f4zne druhy mal\u00fdch \u010derven\u00fdch plodov, ktor\u00e9 maj\u00fa tak\u00fa sladk\u00fa chu\u0165, a\u017e pripom\u00ednaj\u00fa ovocie. Koktailov\u00e9 \u010di cherry paradajky pln\u00e9 \u0161\u0165avy alebo \u0161al\u00e1tov\u00e9 \u201ehadovky\u201c \u010di mini uhorky, ktor\u00e9 s\u00fa tak\u00e9 svie\u017ee a chrumkav\u00e9, \u017ee chutia ako \u013eahk\u00fd zdrav\u00fd\u00a0snack.<\/p>\n<p>\u201eNajmodernej\u0161ia technol\u00f3gia a LED lampy dok\u00e1\u017eu na\u0161ej zelenine nahradi\u0165 slnko, tak\u017ee dozrieva prirodzene a v\u010faka tomu m\u00e1 pr\u00edchu\u0165 leta. Najsilnej\u0161ou str\u00e1nkou n\u00e1\u0161ho pestovania je to, \u017ee na trh vieme doda\u0165 slovensk\u00fa paradajku, ktor\u00e1 aj v\u00a0zime chut\u00ed tak, akoby ste ju jedli v\u00a0lete,\u201c pokra\u010duje Luk\u00e1\u0161 Ne\u0161por. Mimochodom, v\u00a0spolo\u010dnosti Slne\u010dn\u00e9 z\u00e1hrady u\u017e p\u00e4\u0165 rokov cestuj\u00fa po Eur\u00f3pe, sleduj\u00fa \u0161\u013eachtenie a svedomito vyberaj\u00fa tie spr\u00e1vne odrody paradajok, ktor\u00e9 pod Tr\u00edbe\u010dom dostan\u00fa zelen\u00fa. A\u00a0ich pestovanie je cel\u00e1 veda. Paradajka je toti\u017e citliv\u00e1 rastlina a ak jej ch\u00fdba svetlo, teplo alebo rovnov\u00e1ha \u017eiv\u00edn, okam\u017eite sa to prejav\u00ed na v\u00fdsledku. A\u00a0tak ka\u017ed\u00e1 stonka, ktor\u00e1 sa z\u00a0kokosov\u00e9ho substr\u00e1tu \u0165ah\u00e1 do v\u00fd\u0161ky, mus\u00ed by\u0165 pod pr\u00edsnym doh\u013eadom.<\/p>\n<p>\t\t\t \t\t\t\t\t\t\t\t<img decoding=\"async\" class=\"lazy article-detail-image\" alt=\"Chrumkav\u00e9 uhorky treba zbiera\u0165 ru\u010dne, v...\" src=\"https:\/\/www.europesays.com\/sk\/wp-content\/uploads\/2026\/06\/kaufland_03-nestandard1.jpeg\"\/> \t\t\t\t\t\t\t\t\t\t\t \t\t\t\t\t\t\tFoto: Kaufland \t\t\t\t\t\t\t\t<\/p>\n<p>\t\t\t\t \t\t\t\t\tKaufland \t\t\t\t \t\t\t\t\t\t\t\t\tChrumkav\u00e9 uhorky treba zbiera\u0165 ru\u010dne, v sklen\u00edku sa o to staraj\u00fa desiatky zamestnancov \t\t\t\t\t\t<\/p>\n<p>Paradajky a uhorky, ktor\u00e9 s\u00fa na pultoch r\u00fdchlo<\/p>\n<p>V\u00a0S\u013ea\u017eanoch sa ka\u017ed\u00fd de\u0148 vyzbiera pribli\u017ene 10\u00a0ton \u00farody. Na na\u0161e stoly nemus\u00ed cestova\u0165 cez polovicu Eur\u00f3py, ve\u010f vyr\u00e1stla doma a pestuje sa <a target=\"_blank\" href=\"https:\/\/sk.hit.gemius.pl\/lshitredir\/id=bDfr2Vhx7.ujQm6ze2vy.aRvLW9uCMLKrxqC2wPrcdv.E7\/fastid=frdunoibxghkctjyqfdqjrmjffks\/stparam=yplkqnoumg\/nc=0\/gdpr=0\/gdpr_consent=\/url=https:\/\/predajne.kaufland.sk\/sortiment\/slovenski-dodavatelia.html\" rel=\"nofollow noopener\">z\u00a0l\u00e1sky k\u00a0Slovensku<\/a>. Aj preto sa na pultoch m\u00f4\u017ee ocitn\u00fa\u0165 u\u017e druh\u00fd de\u0148 po zbere. \u201eNa\u0161a \u00faroda je s\u00fa\u010das\u0165ou ob\u013e\u00fabenej priv\u00e1tnej zna\u010dky K-Z\u00a0l\u00e1sky k\u00a0trad\u00edcii, a tak sa v\u010faka Kauflandu \u010derstv\u00e1 dost\u00e1va k\u00a0\u013eu\u010fom po celom Slovensku naozaj r\u00fdchlo. A\u00a0ni\u010d n\u00e1s nepote\u0161\u00ed viac, ako ke\u010f sa za na\u0161imi paradajkami a uhorkami do predajn\u00ed vracaj\u00fa, lebo im jednoducho chutia,\u201c hovor\u00ed podpredseda predstavenstva spolo\u010dnosti, ktor\u00e1 ro\u010dne vypestuje vy\u0161e dvetis\u00edc ton paradajok a uhoriek. Samozrejme, v\u0161etky kon\u010dia v\u00a0slovensk\u00fdch kuchyniach.<\/p>\n<p>Pr\u00e1ve v\u00fdnimo\u010dn\u00e1 chu\u0165, kvalita a maxim\u00e1lna \u010derstvos\u0165 s\u00fa d\u00f4vody, pre\u010do Kaufland dlhodobo spolupracuje s\u00a0dom\u00e1cimi pestovate\u013emi a pre\u010do \u00farode so slovensk\u00fdm rodn\u00fdm listom vyhradzuje v\u00a0reg\u00e1loch \u010destn\u00e9 miesto.<\/p>\n<p>\t\t\t \t\t\t\t\t\t\t\t<img decoding=\"async\" class=\"lazy article-detail-image\" alt=\"Pod\u013ea pestovate\u013ea Luk\u00e1\u0161a Ne\u0161pora denne...\" src=\"https:\/\/www.europesays.com\/sk\/wp-content\/uploads\/2026\/06\/kaufland-nestandard1.jpeg\"\/> \t\t\t\t\t\t\t\t\t\t\t \t\t\t\t\t\t\tFoto: Kaufland \t\t\t\t\t\t\t\t<\/p>\n<p>\t\t\t\t \t\t\t\t\tKaufland \t\t\t\t \t\t\t\t\t\t\t\t\tPod\u013ea pestovate\u013ea Luk\u00e1\u0161a Ne\u0161pora denne vyzbieraj\u00fa v sklen\u00edku aj 10 ton \u00farody \t\t\t\t\t\t<\/p>\n<p>To najlep\u0161ie, \u010do rastie na Slovensku<\/p>\n<p>\u201eV\u00a0na\u0161ich predajniach si v\u0161\u00edmame, \u017ee z\u00e1ujem o\u00a0slovensk\u00fa zeleninu a ovocie medzi z\u00e1kazn\u00edkmi st\u00e1le rastie, preto\u017ee oce\u0148uj\u00fa jej chu\u0165, \u010derstvos\u0165 aj bohat\u00fd sortiment,\u201c zd\u00f4raz\u0148uje ved\u00faca n\u00e1kupu \u013duba Baro\u0161ov\u00e1. \u201eAj paradajky zo Slne\u010dn\u00fdch z\u00e1hrad patria k\u00a0ich ob\u013e\u00faben\u00fdm produktom tak\u017ee sa stali s\u00fa\u010das\u0165ou na\u0161ej priv\u00e1tnej zna\u010dky <a target=\"_blank\" href=\"https:\/\/sk.hit.gemius.pl\/lshitredir\/id=bDfr2Vhx7.ujQm6ze2vy.aRvLW9uCMLKrxqC2wPrcdv.E7\/fastid=frdunoibxghkctjyqfdqjrmjffks\/stparam=yplkqnoumg\/nc=0\/gdpr=0\/gdpr_consent=\/url=https:\/\/predajne.kaufland.sk\/sortiment\/nase-znacky\/z-lasky-k-tradicii.html\" rel=\"nofollow noopener\">K-Z\u00a0l\u00e1sky k\u00a0trad\u00edcii<\/a>, ktor\u00e1 d\u00e1va priestor kvalitn\u00fdm lok\u00e1lnym potravin\u00e1m, ale aj t\u00fdm, ktor\u00ed ich prin\u00e1\u0161aj\u00fa na trh. Je to sp\u00f4sob, ak\u00fdm Kaufland podporuje dom\u00e1cich dod\u00e1vate\u013eov a z\u00e1rove\u0148 pom\u00e1ha zvidite\u013e\u0148ova\u0165 to najlep\u0161ie, \u010do vznik\u00e1 na Slovensku.\u201c<\/p>\n<p>A\u00a0potom u\u017e doma netreba robi\u0165 ni\u010d \u0161peci\u00e1lne. Sta\u010d\u00ed otvori\u0165 chladni\u010dku, vzia\u0165 chrumkav\u00fa mini uhorku \u010di sladk\u00fa cherry paradajku a len tak sa do nich zahryzn\u00fa\u0165. Bez receptov, bez varenia, bez post\u00e1vania pri spor\u00e1ku. Lebo presne takto chut\u00ed leto. Je pln\u00e9 slnka, v\u017edy svie\u017ee, poriadne \u0161\u0165avnat\u00e9 a zmizne r\u00fdchlej\u0161ie, ne\u017e by sme chceli.<\/p>\n","protected":false},"excerpt":{"rendered":"PR servis 23.06.2026 00:00 Foto: Kaufland Sladk\u00e9, \u0161\u0165avnat\u00e9 a s chu\u0165ou leta, tak\u00e9 s\u00fa paradajky pestovan\u00e9 v S\u013ea\u017eanoch&hellip;\n","protected":false},"author":2,"featured_media":105960,"comment_status":"","ping_status":"","sticky":false,"template":"","format":"standard","meta":{"footnotes":"","_share_on_mastodon":"0"},"categories":[11],"tags":[64,20835,65,66,2244,36028,26168,43,40,39,42,41,16160,989],"class_list":["post-105959","post","type-post","status-publish","format-standard","has-post-thumbnail","category-ekonomika","tag-business","tag-chut","tag-economic","tag-ekonomika","tag-inzercia","tag-leta","tag-prava","tag-sk","tag-slovak","tag-slovakia","tag-slovencina","tag-slovensko","tag-svoje","tag-tajomstvo"],"share_on_mastodon":{"url":"https:\/\/pubeurope.com\/@sk\/116800727775424818","error":""},"_links":{"self":[{"href":"https:\/\/www.europesays.com\/sk\/wp-json\/wp\/v2\/posts\/105959","targetHints":{"allow":["GET"]}}],"collection":[{"href":"https:\/\/www.europesays.com\/sk\/wp-json\/wp\/v2\/posts"}],"about":[{"href":"https:\/\/www.europesays.com\/sk\/wp-json\/wp\/v2\/types\/post"}],"author":[{"embeddable":true,"href":"https:\/\/www.europesays.com\/sk\/wp-json\/wp\/v2\/users\/2"}],"replies":[{"embeddable":true,"href":"https:\/\/www.europesays.com\/sk\/wp-json\/wp\/v2\/comments?post=105959"}],"version-history":[{"count":0,"href":"https:\/\/www.europesays.com\/sk\/wp-json\/wp\/v2\/posts\/105959\/revisions"}],"wp:featuredmedia":[{"embeddable":true,"href":"https:\/\/www.europesays.com\/sk\/wp-json\/wp\/v2\/media\/105960"}],"wp:attachment":[{"href":"https:\/\/www.europesays.com\/sk\/wp-json\/wp\/v2\/media?parent=105959"}],"wp:term":[{"taxonomy":"category","embeddable":true,"href":"https:\/\/www.europesays.com\/sk\/wp-json\/wp\/v2\/categories?post=105959"},{"taxonomy":"post_tag","embeddable":true,"href":"https:\/\/www.europesays.com\/sk\/wp-json\/wp\/v2\/tags?post=105959"}],"curies":[{"name":"wp","href":"https:\/\/api.w.org\/{rel}","templated":true}]}}