{"id":106449,"date":"2026-06-24T09:15:16","date_gmt":"2026-06-24T09:15:16","guid":{"rendered":"https:\/\/www.europesays.com\/sk\/106449\/"},"modified":"2026-06-24T09:15:16","modified_gmt":"2026-06-24T09:15:16","slug":"konecne-v-spolocnosti-emma-watson-si-vie-vyberat-pred-kamery-ju-zlakal-princ-william-trapasom-pobavila-jeho-aj-celu-salu-hviezdne-kauzy-koktail","status":"publish","type":"post","link":"https:\/\/www.europesays.com\/sk\/106449\/","title":{"rendered":"Kone\u010dne v spolo\u010dnosti: Emma Watson si vie vybera\u0165, pred kamery ju zl\u00e1kal princ William. Trapasom pobavila jeho aj cel\u00fa s\u00e1lu &#8211; Hviezdne kauzy &#8211; Koktail"},"content":{"rendered":"<p itemprop=\"description\">Posledn\u00fd film nakr\u00fatila v roku 2019 a na \u010derven\u00fdch kobercoch sa objavuje len sporadicky. Pondel\u0148aj\u0161ie stretnutie s m\u00e9diami si v\u0161ak hviezda s\u00e1gy o Harrym Potterovi, here\u010dka Emma Watson, nenechala ujs\u0165. Po jej boku dokonca sedel samotn\u00fd princ.<\/p>\n<p>\t\t\t\t<img decoding=\"async\" class=\"article-detail-image\" src=\"https:\/\/www.europesays.com\/sk\/wp-content\/uploads\/2026\/06\/herecka-emma-watson-sa-po-dlhsom-case-ukazala-v-spolocnosti-nestandard1.jpg\" alt=\"Britain Here\u010dka Emma Watson sa po dlh\u0161om \u010dase...\"\/><br \/>\n\t\t\t\t\t\t\t\t\tFoto: SITA\/AP, Kirsty Wigglesworth<\/p>\n<p>                        Here\u010dka Emma Watson sa po dlh\u0161om \u010dase uk\u00e1zala v spolo\u010dnosti.<\/p>\n<p>Princ William a herec Benedict Cumberbatch sa z\u00fa\u010dastnili na konferencii s\u00a0n\u00e1zvom Business Forum for The Royal Foundation\u2019s\u00a0United for Wildlife, ktor\u00e1 sa konala v\u00a0r\u00e1mci lond\u00fdnskeho klimatick\u00e9ho t\u00fd\u017ed\u0148a. Pozvan\u00ed hostia hovorili o\u00a0d\u00f4le\u017eitosti ochrany \u017eivotn\u00e9ho prostredia a z\u00e1chrany divokej pr\u00edrody a druhov v\u00a0nej \u017eij\u00facich.<\/p>\n<p>\t<a class=\"promo-clanok\" href=\"https:\/\/zena.pravda.sk\/krasa-a-moda\/clanok\/818363-dua-lipa-ako-nevesta-vam-vezme-dych-pol-miliona-koralikov-25-tisic-pierok-a-zavoj-dlhy-ako-cesta-do-prace-tato-roba-sa-zapise-do\/\" rel=\"nofollow noopener\" target=\"_blank\"> \t\t\t\t\t<img decoding=\"async\" src=\"https:\/\/www.europesays.com\/sk\/wp-content\/uploads\/2026\/06\/spevacka-dua-lipa-a-jej-roba-z-modneho-atelieru-chanel-stvorec.jpg\" class=\"promo-clanok-image\" alt=\"Spev\u00e1\u010dka Dua Lipa a jej r\u00f3ba z m\u00f3dneho ateli\u00e9ru Chanel. \"\/> \t\t\t \t\t\t\t \t\t\t\t\t\t\t\t\t\t\t\u010c\u00edtajte viac \t\t\t\t\t\t\t\t\t \t\t\t\t \t\t\t\t\tDua Lipa ako nevesta v\u00e1m vezme dych! Pol mili\u00f3na kor\u00e1likov, 25-tis\u00edc pierok a z\u00e1voj dlh\u00fd ako cesta do pr\u00e1ce, t\u00e1to r\u00f3ba sa zap\u00ed\u0161e do kron\u00edk \t\t\t\t \t\t\t \t\t\t<\/a><\/p>\n<p>P\u00f4vabn\u00e1 Emma dorazila v\u00a0\u010diernom tope a bielej sukni s\u00a0aplik\u00e1ciami v\u00a0tvare lupe\u0148ov a p\u00f4sobila ve\u013emi uvo\u013enene. V\u00a0jednom momente dokonca porozpr\u00e1vala pr\u00edbeh o\u00a0tom, ako si raz myslela, \u017ee ju prenasleduj\u00fa paparazzovia, a bola poriadne nahnevan\u00e1. Ke\u010f sa pozrela von oknom, uvidela mno\u017estvo mu\u017eov s\u00a0dlh\u00fdmi teleobjekt\u00edvmi a bola si ist\u00e1, \u017ee ju \u0161pehuj\u00fa. K\u00fdm sa ona nen\u00e1padne vytr\u00e1cala in\u00fdm v\u00fdchodom, poslala niekoho, aby ich konfrontoval. Napokon vysvitlo, \u017ee mu\u017ei v\u00f4bec nepo\u013eovali na jej fotografiu, ale sna\u017eili sa zachyti\u0165 vz\u00e1cneho dravca\u00a0\u2013 haju \u010derven\u00fa.<\/p>\n<p>\t\t<a href=\"https:\/\/koktail.pravda.sk\/fotogaleria\/89123-emma-watson-po-dlhom-case-v-spolocnosti\/#1\" rel=\"nofollow noopener\" target=\"_blank\"><img decoding=\"async\" class=\"lazy\" alt=\"Herec Benedict Cumberbatch (v\u013eavo) a princ...\" src=\"https:\/\/www.europesays.com\/sk\/wp-content\/uploads\/2026\/06\/britain-royals_02-strednaW.jpg\"\/><\/a><\/p>\n<p>\t\t<a href=\"https:\/\/koktail.pravda.sk\/fotogaleria\/89123-emma-watson-po-dlhom-case-v-spolocnosti\/#2\" rel=\"nofollow noopener\" target=\"_blank\"><img decoding=\"async\" class=\"lazy\" alt=\"Moder\u00e1torka June Sarpong a here\u010dka Emma Watson.\" src=\"https:\/\/www.europesays.com\/sk\/wp-content\/uploads\/2026\/06\/herecka-emma-watson-sa-po-dlhsom-case-ukazala-v-spolocnosti_01-malaW.jpg\"\/><\/a><\/p>\n<p>Pr\u00edbeh niekdaj\u0161ej Hermiony pr\u00edtomn\u00fdch v\u00a0s\u00e1le pobavil. Here\u010dka, ktor\u00e1 je dnes viac aktivistkou, v\u0161ak dodala, \u017ee t\u00e1to \u00fasmevn\u00e1 pr\u00edhoda op\u00e4\u0165 poukazuje na to, ak\u00e9 d\u00f4le\u017eit\u00e9 je chr\u00e1ni\u0165 pr\u00edrodu a v\u0161etky, nielen ohrozen\u00e9 druhy v\u00a0nej. Do diskusie sa zapojili aj Benedict Cumberbatch a, samozrejme, princ William. Ten v\u00a0t\u00e9me ochrany \u017eivotn\u00e9ho prostredia kr\u00e1\u010da v\u00a0otcov\u00fdch \u0161\u013eapajach a ve\u013emi \u010dasto otv\u00e1ra ot\u00e1zky udr\u017eate\u013enosti \u010di ochrany pr\u00edrodn\u00fdch\u00a0\u00fazem\u00ed.<\/p>\n<p>Kam sa podela Hermiona?<\/p>\n<p>Pr\u00edtomnos\u0165 Emmy Watson na podujat\u00ed bola pre mnoh\u00fdch jednou z\u00a0m\u00e1la pr\u00edle\u017eitost\u00ed, kedy ju mohli vidie\u0165 na verejnosti. Here\u010dka nepatr\u00ed k\u00a0hviezdam, ktor\u00e9 by vymetali spolo\u010densk\u00e9 podujatia. D\u00f4vodom m\u00f4\u017ee by\u0165 fakt, \u017ee od roku 2019\u00a0nenato\u010dila nov\u00fd film, ale aj to, \u017ee si prehnan\u00fd z\u00e1ujem m\u00e9di\u00ed nikdy neu\u017e\u00edvala.<\/p>\n<p>\t<a class=\"promo-clanok\" href=\"https:\/\/koktail.pravda.sk\/hviezdne-kauzy\/clanok\/817557-koniec-idylky-v-hollywoode-olivia-wilde-odhalila-moment-kedy-pochopila-ze-s-otcom-svojich-deti-konci\/\" rel=\"nofollow noopener\" target=\"_blank\"> \t\t\t\t\t<img decoding=\"async\" src=\"https:\/\/www.europesays.com\/sk\/wp-content\/uploads\/2026\/06\/herecka-a-reziserka-olivia-wilde-stvorec.jpg\" class=\"promo-clanok-image\" alt=\"Here\u010dka a re\u017eis\u00e9rka Olivia Wilde.\"\/> \t\t\t \t\t\t\t \t\t\t\t\t\t\t\t\t\t\t\u010c\u00edtajte viac \t\t\t\t\t\t\t\t\t \t\t\t\t \t\t\t\t\tKoniec idylky v Hollywoode: Olivia Wilde odhalila moment, kedy pochopila, \u017ee s otcom svojich det\u00ed kon\u010d\u00ed \t\t\t\t \t\t\t \t\t\t<\/a><\/p>\n<p>Za ostatn\u00e9 roky sa objavilo len nieko\u013eko paparazzovsk\u00fdch z\u00e1berov a mnoh\u00e9 \u010dl\u00e1nky rie\u0161ia najm\u00e4 to, kto je jej vyvolen\u00fdm. V\u00a0marci ju zachytili na letisku vo v\u00e1\u0161nivom bozku s\u00a0mexick\u00fdm miliard\u00e1rom Gonzalom Heviom Baill\u00e8resom. \u010ci vz\u0165ah pokra\u010duje, k\u00a0tomu sa hviezda nevyjadruje.<\/p>\n<p>\t\t\t \t\t\t\t\t\t\t\t<img decoding=\"async\" class=\"lazy article-detail-image\" alt=\"Here\u010dka Emma Watson a miliard\u00e1r Gonzalo Hevia...\" src=\"https:\/\/www.europesays.com\/sk\/wp-content\/uploads\/2026\/06\/herecka-emma-watson-a-miliardar-gonzalo-hevia-bailleres-na-zabere-z-marca-2026-nestandard1.jpg\"\/> \t\t\t\t\t\t\t\t\t\t\t \t\t\t\t\t\t\tFoto: The Grosby Group \/ BACKGRID \/ Backgrid USA \/ Profimedia \t\t\t\t\t\t\t\t<\/p>\n<p>\t\t\t\t \t\t\t\t\tHere\u010dka Emma Watson a miliard\u00e1r Gonzalo Hevia Baill\u00e8res na z\u00e1bere z marca 2026. \t\t\t\t \t\t\t\t\t\t\t\t\tHere\u010dka Emma Watson a miliard\u00e1r Gonzalo Hevia Baill\u00e8res na z\u00e1bere z marca 2026. \t\t\t\t\t\t<\/p>\n<p>Zo s\u00fakromia v\u0161ak predsa len \u010dosi prezradila, ke\u010f sa objavila v\u00a0podcaste Jaya Shettyho. Uviedla, \u017ee od potenci\u00e1lneho partnera o\u010dak\u00e1va, aby \u201eoce\u0148oval moju pr\u00e1cu, ale mysl\u00edm si, \u017ee vedomie, \u017ee nemus\u00edte rie\u0161i\u0165 t\u00fa extra d\u00e1vku, viete, takej tej bizarnosti [spojenej so sl\u00e1vou], je pomocou a \u00fa\u013eavou.\u201c Pod\u013ea jej slov je pre \u0148u \u201ehudbou pre u\u0161i\u201c, ak niekto jej filmy nevidel, preto\u017ee vtedy medzi nimi nestoj\u00ed jej verejn\u00fd obraz ako \u201educh v\u00a0miestnosti\u201c.<\/p>\n<p>\t\t\t\t\t \t\t\t\tKe\u010f ma nevzali na herectvo, bola to siln\u00e1 facka od reality, prizn\u00e1va Paula Lopatovsk\u00e1. Hviezdu S\u013eubu ne\u00faspech nau\u010dil \u017ei\u0165 v pr\u00edtomnosti \t\t\t<\/p>\n<p>\t \t\t\t Video \t<\/p>\n<p>\t\t\t\tE\u0161te pred p\u00e1r rokmi behala po tr\u00e1vniku v kopa\u010dk\u00e1ch ako jedin\u00e9 diev\u010da v chlap\u010denskom futbalovom t\u00edme. Dnes patr\u00ed k najv\u00fdraznej\u0161\u00edm tv\u00e1ram mladej hereckej gener\u00e1cie. Paradoxne, herectvo na vysokej \u0161kole v\u00f4bec ne\u0161tuduje. Paula Lopatovsk\u00e1, ktor\u00fa div\u00e1ci miluj\u00fa najm\u00e4 v\u010faka denn\u00e9mu seri\u00e1lu S\u013eub, v rozhovore so Zdenom G\u00e1frikom poodhalila svet, v ktorom sa mie\u0161a tvrd\u00e1 telev\u00edzna discipl\u00edna s hlbokou divadelnou te\u00f3riou. Paula otvorene prizn\u00e1va moment, ktor\u00fd ju definoval: ne\u00faspech na prij\u00edma\u010dk\u00e1ch na V\u0160MU. \t\t\t\t\/\t\t\t\t\t\t\t\t\tZdroj: Pravda \t\t\t\t\t\t<\/p>\n","protected":false},"excerpt":{"rendered":"Posledn\u00fd film nakr\u00fatila v roku 2019 a na \u010derven\u00fdch kobercoch sa objavuje len sporadicky. Pondel\u0148aj\u0161ie stretnutie s m\u00e9diami&hellip;\n","protected":false},"author":2,"featured_media":106450,"comment_status":"","ping_status":"","sticky":false,"template":"","format":"standard","meta":{"footnotes":"","_share_on_mastodon":"0"},"categories":[15],"tags":[6147,70,3430,599,5686,2379,43,40,39,42,41,36162,71],"class_list":["post-106449","post","type-post","status-publish","format-standard","has-post-thumbnail","category-zabava","tag-emma-watson","tag-entertainment","tag-konecne","tag-laska","tag-ochrana-prirody","tag-princ-william","tag-sk","tag-slovak","tag-slovakia","tag-slovencina","tag-slovensko","tag-spolocnosti","tag-zabava"],"share_on_mastodon":{"url":"https:\/\/pubeurope.com\/@sk\/116804329655507392","error":""},"_links":{"self":[{"href":"https:\/\/www.europesays.com\/sk\/wp-json\/wp\/v2\/posts\/106449","targetHints":{"allow":["GET"]}}],"collection":[{"href":"https:\/\/www.europesays.com\/sk\/wp-json\/wp\/v2\/posts"}],"about":[{"href":"https:\/\/www.europesays.com\/sk\/wp-json\/wp\/v2\/types\/post"}],"author":[{"embeddable":true,"href":"https:\/\/www.europesays.com\/sk\/wp-json\/wp\/v2\/users\/2"}],"replies":[{"embeddable":true,"href":"https:\/\/www.europesays.com\/sk\/wp-json\/wp\/v2\/comments?post=106449"}],"version-history":[{"count":0,"href":"https:\/\/www.europesays.com\/sk\/wp-json\/wp\/v2\/posts\/106449\/revisions"}],"wp:featuredmedia":[{"embeddable":true,"href":"https:\/\/www.europesays.com\/sk\/wp-json\/wp\/v2\/media\/106450"}],"wp:attachment":[{"href":"https:\/\/www.europesays.com\/sk\/wp-json\/wp\/v2\/media?parent=106449"}],"wp:term":[{"taxonomy":"category","embeddable":true,"href":"https:\/\/www.europesays.com\/sk\/wp-json\/wp\/v2\/categories?post=106449"},{"taxonomy":"post_tag","embeddable":true,"href":"https:\/\/www.europesays.com\/sk\/wp-json\/wp\/v2\/tags?post=106449"}],"curies":[{"name":"wp","href":"https:\/\/api.w.org\/{rel}","templated":true}]}}