{"id":107397,"date":"2026-06-25T07:52:15","date_gmt":"2026-06-25T07:52:15","guid":{"rendered":"https:\/\/www.europesays.com\/sk\/107397\/"},"modified":"2026-06-25T07:52:15","modified_gmt":"2026-06-25T07:52:15","slug":"strasna-tragedia-pri-kupani-mestsky-urad-v-slzach-zahynul-zamestnanec-andrej-co-sa-stalo","status":"publish","type":"post","link":"https:\/\/www.europesays.com\/sk\/107397\/","title":{"rendered":"STRA\u0160N\u00c1 TRAG\u00c9DIA pri k\u00fapan\u00ed: Mestsk\u00fd \u00farad v slz\u00e1ch, zahynul zamestnanec Andrej! \u010co sa stalo?"},"content":{"rendered":"<p>\t\t\t\t\t\t\t<a href=\"https:\/\/regiony.zoznam.sk\/galeria\/851347\/1\" rel=\"nofollow noopener\" target=\"_blank\"><br \/>\n\t\t\t\t\t<img decoding=\"async\" src=\"https:\/\/www.europesays.com\/sk\/wp-content\/uploads\/2026\/06\/tragedia-utopenie-zamestnanec-mesta.jpg\" alt=\"\" style=\"aspect-ratio: 1.33;object-fit: cover; display:inline; width: 100%;\" fetchpriority=\"high\"\/><br \/>\n\t\t\t\t<\/a><\/p>\n<p>\t\t<img decoding=\"async\" src=\"https:\/\/www.europesays.com\/sk\/wp-content\/uploads\/2026\/06\/1782373931_631_author-default.jpg\" aria-label=\"Autor\"\/><\/p>\n<p>U\u017e prv\u00e9 letn\u00e9 dni s\u00fa na Slovensku pozna\u010den\u00e9 viacer\u00fdmi tragick\u00fdmi \u00famrtiami pri k\u00fapan\u00ed. Len v utorok (24. 6.) pri\u0161li o \u017eivot traja \u013eudia a \u010fal\u0161ie telo na\u0161li v rieke Nitra. K\u00fapanie vo vodnej n\u00e1dr\u017ei Prusy v B\u00e1novciach nad Bebravou sa stalo osudn\u00fdm 46-ro\u010dn\u00e9mu zamestnancovi mesta Andrejovi. Sm\u00fati za n\u00edm aj mesto, ktor\u00e9 si ho uctilo min\u00fatou ticha. <\/p>\n<p>Trag\u00e9dia sa v utorok podve\u010der stala vo vodnej n\u00e1dr\u017ei Prusy v B\u00e1novciach nad Bebravou. \u201ePod\u013ea doposia\u013e zisten\u00fdch skuto\u010dnost\u00ed dvaja mu\u017ei vo veku 46 a 56 rokov pl\u00e1vali vo vodnej n\u00e1dr\u017ei, pri\u010dom 46-ro\u010dn\u00fd mu\u017e sa ponoril pod hladinu, ale u\u017e sa nevynoril,\u201c\u00a0informovala tren\u010dianska krajsk\u00e1 policajn\u00e1 hovorky\u0148a Petra Klenkov\u00e1.<\/p>\n<p>Na miesto okam\u017eite vyslali z\u00e1chrann\u00e9 zlo\u017eky, ktor\u00e9 za\u010dali p\u00e1tra\u0165 po mu\u017eovi vo vodnej n\u00e1dr\u017ei. Po\u010das p\u00e1tracej akcie mu\u017ea na\u0161li, av\u0161ak bol u\u017e bez zn\u00e1mok \u017eivota.\u00a0Obhliadaj\u00faci lek\u00e1r predbe\u017ene vyl\u00fa\u010dil cudzie zavinenie.<\/p>\n<p>Mohlo by v\u00e1s zauj\u00edma\u0165:<\/p>\n<p>Reklama<\/p>\n<p> div {<br \/>\ntext-align: left;<br \/>\nfont-size: 12px;<br \/>\ncolor: #6f6f6f;<br \/>\n}<\/p>\n<p>#onnetwork-banner > div:first-child {<br \/>\ntext-align: left;<br \/>\nfont-weight: 700;<br \/>\npadding-bottom: 5px;<br \/>\nfont-size: 14px;<br \/>\ncolor: #000000;<br \/>\n}<\/p>\n<p>]]><\/p>\n<p>\t\t\t\t<a href=\"https:\/\/regiony.zoznam.sk\/galeria\/851347\/1\/\" rel=\"nofollow noopener\" target=\"_blank\"><br \/>\n\t\t\t\t\t<img decoding=\"async\" src=\"https:\/\/www.europesays.com\/sk\/wp-content\/uploads\/2026\/06\/466545854-122233710470007210-1779688204724448681-n-anon.jpg\"\/><br \/>\n\t\t\t\t<\/a><\/p>\n<p>\t\t\t\t<a href=\"https:\/\/regiony.zoznam.sk\/galeria\/851347\/1\/\" rel=\"nofollow noopener\" target=\"_blank\"><br \/>\n\t\t\t\t\t<img decoding=\"async\" src=\"https:\/\/www.europesays.com\/sk\/wp-content\/uploads\/2026\/06\/728255204-1461424179124266-8171892023128608879-n.jpg\"\/><br \/>\n\t\t\t\t<\/a><\/p>\n<p>Zamestnanca mesta Andreja si uctili min\u00fatou ticha<\/p>\n<p>Letn\u00e9 k\u00fapanie v n\u00e1dr\u017ei sa stalo osudn\u00fdm 46-ro\u010dn\u00e9mu obyvate\u013eovi mesta Andrejovi, na ktor\u00e9ho \u013eudia spom\u00ednaj\u00fa ako na dobr\u00e9ho \u010dloveka. Andrej bol zamestnancom mesta B\u00e1novce nad Bebravou a pre mesto pracoval ako kosec.<\/p>\n<p>Na stredaj\u0161om rokovan\u00ed mestsk\u00e9ho zastupite\u013estva o jeho \u00famrt\u00ed informoval prim\u00e1tor R\u00f3bert Ga\u0161par\u00edk. Zosnul\u00e9ho mu\u017ea si pr\u00edtomn\u00ed \u00fa\u010dastn\u00edci uctili min\u00fatou ticha.<\/p>\n<p>\t\t<a href=\"https:\/\/bratislava.zoznam.sk\/neskutocna-tragedia-o-zivot-prisiel-velky-slovensky-sportovy-talent-filip-14-hrozne-co-sa-stalo\/\" rel=\"nofollow noopener\" target=\"_blank\"><br \/>\n\t\t\t<img decoding=\"async\" src=\"https:\/\/www.europesays.com\/sk\/wp-content\/uploads\/2026\/06\/1782373933_390_tragedia-filip-255x190.jpg\" alt=\"NESKUTO\u010cN\u00c1 TRAG\u00c9DIA O \u017eivot pri\u0161iel ve\u013ek\u00fd slovensk\u00fd \u0161portov\u00fd talent Filip (\u202014). Stra\u0161n\u00e9, \u010do sa stalo\" loading=\"lazy\"\/><br \/>\n\t\t<\/a><\/p>\n<p style=\"color:#000;\">Pre\u010d\u00edtajte si tie\u017e<\/p>\n<p>\t\t\t<a href=\"https:\/\/bratislava.zoznam.sk\/neskutocna-tragedia-o-zivot-prisiel-velky-slovensky-sportovy-talent-filip-14-hrozne-co-sa-stalo\/\" rel=\"nofollow noopener\" target=\"_blank\">NESKUTO\u010cN\u00c1 TRAG\u00c9DIA O \u017eivot pri\u0161iel ve\u013ek\u00fd slovensk\u00fd \u0161portov\u00fd talent Filip (\u202014). Stra\u0161n\u00e9, \u010do sa stalo<\/a><\/p>\n<p>Pol\u00edcia za\u010dala trestn\u00e9 st\u00edhanie <\/p>\n<p>Pol\u00edcia za\u010dala trestn\u00e9 st\u00edhanie pre pre\u010din Usmrtenie a nariadila vykonanie pitvy. Pol\u00edcia z\u00e1rove\u0148 pripomenula, \u017ee len v sobotu 20. j\u00fana zomrel aj 45-ro\u010dn\u00fd mu\u017e, ktor\u00fd sa utopil vo vodnej n\u00e1dr\u017ei Kanianka v okrese Prievidza, o \u010dom sme v\u00e1s <a href=\"http:\/\/AKTU\u00c1LNE TRAG\u00c9DIA NA RYBA\u010cKE Vyslali z\u00e1chran\u00e1rov, hl\u00e1sia fat\u00e1lne n\u00e1sledky! Hrozn\u00e9, \u010do sa stalo\" target=\"_blank\" rel=\"noreferrer noopener nofollow\">informovali<\/a>.<\/p>\n<p>V utorok sa okrem Andreja na Slovensku utopili e\u0161te \u010fal\u0161\u00ed dvaja mu\u017ei vo veku 18 a 50 rokov. K tragick\u00fdm udalostiam do\u0161lo kr\u00e1tko po sebe v okrese Kom\u00e1rno. Navy\u0161e v Nitre v rieke objavili telo mu\u017ea, ktor\u00e9 bolo pod\u013ea dostupn\u00fdch inform\u00e1ci\u00ed u\u017e v po\u010diato\u010dnom \u0161t\u00e1diu rozkladu.\u00a0<a href=\"https:\/\/nitra.zoznam.sk\/mimoriadne-tragicky-den-na-slovensku-utopili-sa-dvaja-muzi-18-50-foto-mrazive-detaily-nestasti\/\" type=\"link\" id=\"https:\/\/nitra.zoznam.sk\/mimoriadne-tragicky-den-na-slovensku-utopili-sa-dvaja-muzi-18-50-foto-mrazive-detaily-nestasti\/\" target=\"_blank\" rel=\"noreferrer noopener nofollow\">Viac v tomto \u010dl\u00e1nku<\/a>:<\/p>\n<p>\t\t<a href=\"https:\/\/nitra.zoznam.sk\/mimoriadne-tragicky-den-na-slovensku-utopili-sa-dvaja-muzi-18-50-foto-mrazive-detaily-nestasti\/\" rel=\"nofollow noopener\" target=\"_blank\"><br \/>\n\t\t\t<img decoding=\"async\" src=\"https:\/\/www.europesays.com\/sk\/wp-content\/uploads\/2026\/06\/728913122-1434366442072562-4454679246843419610-n-255x190.jpg\" alt=\"MIMORIADNE TRAGICK\u00dd de\u0148 na Slovensku: Pri k\u00fapan\u00ed sa utopili traja mu\u017ei (\u202018, \u202050, \u202046)! \u010eal\u0161ie telo na\u0161li v rieke\" loading=\"lazy\"\/><br \/>\n\t\t<\/a><\/p>\n<p style=\"color:#000;\">Pre\u010d\u00edtajte si tie\u017e<\/p>\n<p>\t\t\t<a href=\"https:\/\/nitra.zoznam.sk\/mimoriadne-tragicky-den-na-slovensku-utopili-sa-dvaja-muzi-18-50-foto-mrazive-detaily-nestasti\/\" rel=\"nofollow noopener\" target=\"_blank\">MIMORIADNE TRAGICK\u00dd de\u0148 na Slovensku: Pri k\u00fapan\u00ed sa utopili traja mu\u017ei (\u202018, \u202050, \u202046)! \u010eal\u0161ie telo na\u0161li v rieke<\/a><\/p>\n<p><a class=\"map-link\" target=\"_blank\" href=\"https:\/\/mapa.zoznam.sk\/?z=8&amp;p[0]=48.7219835,18.2578936\" rel=\"nofollow noopener\"><img decoding=\"async\" src=\"https:\/\/www.europesays.com\/sk\/wp-content\/uploads\/2026\/06\/1782373935_724_staticmap.png\" style=\"padding-bottom:30px;width:100%\"\/><\/a>\t\t\t\t\t\t\t\t\t\t\t\t\t\t<\/p>\n<p class=\"tags\">Viac o t\u00e9me: <a href=\"https:\/\/regiony.zoznam.sk\/tag\/kupanie\/\" rel=\"nofollow noopener\" target=\"_blank\">k\u00fapanie<\/a>, <a href=\"https:\/\/regiony.zoznam.sk\/tag\/tragedia-2\/\" rel=\"nofollow noopener\" target=\"_blank\">tragedia<\/a>, <a href=\"https:\/\/regiony.zoznam.sk\/tag\/utopenie\/\" rel=\"nofollow noopener\" target=\"_blank\">utopenie<\/a>, <a href=\"https:\/\/regiony.zoznam.sk\/tag\/zamestnanec\/\" rel=\"nofollow noopener\" target=\"_blank\">zamestnanec<\/a><\/p>\n<p>\t\tKoment\u00e1re k \u010dl\u00e1nku<\/p>\n<p>Moment\u00e1lne nie je pridan\u00fd \u017eiadny koment\u00e1r<\/p>\n","protected":false},"excerpt":{"rendered":"U\u017e prv\u00e9 letn\u00e9 dni s\u00fa na Slovensku pozna\u010den\u00e9 viacer\u00fdmi tragick\u00fdmi \u00famrtiami pri k\u00fapan\u00ed. Len v utorok (24. 6.)&hellip;\n","protected":false},"author":2,"featured_media":107398,"comment_status":"","ping_status":"","sticky":false,"template":"","format":"standard","meta":{"footnotes":"","_share_on_mastodon":"0"},"categories":[32],"tags":[34,37,29160,33,43,40,39,42,41,36,38,35,729,11168,17629],"class_list":["post-107397","post","type-post","status-publish","format-standard","has-post-thumbnail","category-spravy","tag-headlines","tag-hlavne-spravy","tag-kupanie","tag-news","tag-sk","tag-slovak","tag-slovakia","tag-slovencina","tag-slovensko","tag-spravy","tag-titulky","tag-top-stories","tag-tragedia","tag-utopenie","tag-zamestnanec"],"share_on_mastodon":{"url":"https:\/\/pubeurope.com\/@sk\/116809665460120379","error":""},"_links":{"self":[{"href":"https:\/\/www.europesays.com\/sk\/wp-json\/wp\/v2\/posts\/107397","targetHints":{"allow":["GET"]}}],"collection":[{"href":"https:\/\/www.europesays.com\/sk\/wp-json\/wp\/v2\/posts"}],"about":[{"href":"https:\/\/www.europesays.com\/sk\/wp-json\/wp\/v2\/types\/post"}],"author":[{"embeddable":true,"href":"https:\/\/www.europesays.com\/sk\/wp-json\/wp\/v2\/users\/2"}],"replies":[{"embeddable":true,"href":"https:\/\/www.europesays.com\/sk\/wp-json\/wp\/v2\/comments?post=107397"}],"version-history":[{"count":0,"href":"https:\/\/www.europesays.com\/sk\/wp-json\/wp\/v2\/posts\/107397\/revisions"}],"wp:featuredmedia":[{"embeddable":true,"href":"https:\/\/www.europesays.com\/sk\/wp-json\/wp\/v2\/media\/107398"}],"wp:attachment":[{"href":"https:\/\/www.europesays.com\/sk\/wp-json\/wp\/v2\/media?parent=107397"}],"wp:term":[{"taxonomy":"category","embeddable":true,"href":"https:\/\/www.europesays.com\/sk\/wp-json\/wp\/v2\/categories?post=107397"},{"taxonomy":"post_tag","embeddable":true,"href":"https:\/\/www.europesays.com\/sk\/wp-json\/wp\/v2\/tags?post=107397"}],"curies":[{"name":"wp","href":"https:\/\/api.w.org\/{rel}","templated":true}]}}